{"id":101118,"date":"2025-01-12T06:05:24","date_gmt":"2025-01-12T10:05:24","guid":{"rendered":"http:\/\/sosuaonline.net\/inicio\/?p=101118"},"modified":"2025-01-12T06:05:26","modified_gmt":"2025-01-12T10:05:26","slug":"migracion-aumentara-personal-para-enfrentar-haitianos-ilegales","status":"publish","type":"post","link":"https:\/\/sosuaonline.net\/inicio\/migracion-aumentara-personal-para-enfrentar-haitianos-ilegales\/","title":{"rendered":"Migraci\u00f3n aumentar\u00e1 personal para enfrentar haitianos ilegales"},"content":{"rendered":"\n<div class=\"wp-block-image\"><figure class=\"alignleft size-large\"><img loading=\"lazy\" decoding=\"async\" width=\"300\" height=\"210\" data-attachment-id=\"101119\" data-permalink=\"https:\/\/sosuaonline.net\/inicio\/migracion-aumentara-personal-para-enfrentar-haitianos-ilegales\/rafael-lee-ballester-director-general-de-migracion-e1736606957382-300x210-1\/\" data-orig-file=\"https:\/\/sosuaonline.net\/inicio\/wp-content\/uploads\/2025\/01\/Rafael-Lee-Ballester-director-General-de-Migracion-e1736606957382-300x210-1.jpeg\" data-orig-size=\"300,210\" data-comments-opened=\"0\" data-image-meta=\"{&quot;aperture&quot;:&quot;0&quot;,&quot;credit&quot;:&quot;&quot;,&quot;camera&quot;:&quot;&quot;,&quot;caption&quot;:&quot;&quot;,&quot;created_timestamp&quot;:&quot;0&quot;,&quot;copyright&quot;:&quot;&quot;,&quot;focal_length&quot;:&quot;0&quot;,&quot;iso&quot;:&quot;0&quot;,&quot;shutter_speed&quot;:&quot;0&quot;,&quot;title&quot;:&quot;&quot;,&quot;orientation&quot;:&quot;0&quot;}\" data-image-title=\"Rafael-Lee-Ballester-director-General-de-Migracion-e1736606957382-300&amp;#215;210-1\" data-image-description=\"\" data-image-caption=\"\" data-medium-file=\"https:\/\/sosuaonline.net\/inicio\/wp-content\/uploads\/2025\/01\/Rafael-Lee-Ballester-director-General-de-Migracion-e1736606957382-300x210-1.jpeg\" data-large-file=\"https:\/\/sosuaonline.net\/inicio\/wp-content\/uploads\/2025\/01\/Rafael-Lee-Ballester-director-General-de-Migracion-e1736606957382-300x210-1.jpeg\" src=\"http:\/\/sosuaonline.net\/inicio\/wp-content\/uploads\/2025\/01\/Rafael-Lee-Ballester-director-General-de-Migracion-e1736606957382-300x210-1.jpeg\" alt=\"\" class=\"wp-image-101119\" srcset=\"https:\/\/sosuaonline.net\/inicio\/wp-content\/uploads\/2025\/01\/Rafael-Lee-Ballester-director-General-de-Migracion-e1736606957382-300x210-1.jpeg 300w, https:\/\/sosuaonline.net\/inicio\/wp-content\/uploads\/2025\/01\/Rafael-Lee-Ballester-director-General-de-Migracion-e1736606957382-300x210-1-75x52.jpeg 75w\" sizes=\"auto, (max-width: 300px) 100vw, 300px\" \/><\/figure><\/div>\n\n\n\n<p>SANTO DOMINGO.-El director General de Migraci\u00f3n,&nbsp;Rafael Lee&nbsp; Ballester,&nbsp; manifest\u00f3 que la frontera estar\u00e1 m\u00e1s reforzada este a\u00f1o con la asignaci\u00f3n de m\u00e1s personal para el control de la entrada ilegal de haitianos a Rep\u00fablica Dominicana.<\/p>\n\n\n\n<p>\u201cTenemos un plan este a\u00f1o de aumentar la presencia de Migraci\u00f3n en los principales puntos para poder tener operaciones provinciales\u201d, expres\u00f3 el militar tras una reuni\u00f3n con dirigentes del Partido Revolucionario&nbsp; Moderno (PRM). No revel\u00f3 el tema tratado en el encuentro.<\/p>\n\n\n\n<p><strong>EN 2024 MIGRACI\u00d3N REPATRI\u00d3 276,215 INDOCUMENTADOS<\/strong><\/p>\n\n\n\n<p>En el trimestre enero-marzo del 2024 se enviaron a su pa\u00eds de origen 48 mil 344 personas. Mientras que en el trimestre de abril-junio fueron 62 mil 446.<\/p>\n\n\n\n<p>Asimismo, en el per\u00edodo julio-septiembre 71 mil 414 y en el \u00faltimo trimestre, octubre-diciembre, 94 mil 223.<\/p>\n\n\n\n<p>El Director de Migraci\u00f3n dijo que estas repatriaciones se realiza respetando los derechos humanos de los interdictos y los acuerdos internacionales de los que el pa\u00eds es signatario.<\/p>\n","protected":false},"excerpt":{"rendered":"<p>SANTO DOMINGO.-El director General de Migraci\u00f3n,&nbsp;Rafael Lee&nbsp; Ballester,&nbsp; manifest\u00f3 que la frontera estar\u00e1 m\u00e1s reforzada este a\u00f1o con la asignaci\u00f3n de m\u00e1s personal para el control de la entrada ilegal de haitianos a Rep\u00fablica Dominicana. \u201cTenemos un plan este a\u00f1o de aumentar la presencia de Migraci\u00f3n en los principales puntos para poder tener operaciones provinciales\u201d, expres\u00f3 el militar tras una reuni\u00f3n con dirigentes del Partido Revolucionario&nbsp; Moderno (PRM). No revel\u00f3 el tema tratado en el encuentro. EN 2024 MIGRACI\u00d3N REPATRI\u00d3 276,215 INDOCUMENTADOS En el trimestre enero-marzo del 2024 se enviaron a su pa\u00eds de origen 48 mil 344 personas. Mientras que en el trimestre de abril-junio fueron 62 mil 446. Asimismo, en el per\u00edodo julio-septiembre 71 mil 414 y en el \u00faltimo trimestre, octubre-diciembre, 94 mil 223. El Director de Migraci\u00f3n dijo que estas repatriaciones se realiza respetando los derechos humanos de los interdictos y los acuerdos internacionales de los que el pa\u00eds es signatario.<\/p>\n","protected":false},"author":9,"featured_media":101119,"comment_status":"closed","ping_status":"closed","sticky":false,"template":"","format":"standard","meta":{"advanced_seo_description":"","jetpack_seo_html_title":"","jetpack_seo_noindex":false,"_jetpack_memberships_contains_paid_content":false,"footnotes":"","jetpack_publicize_message":"","jetpack_publicize_feature_enabled":true,"jetpack_social_post_already_shared":false,"jetpack_social_options":{"image_generator_settings":{"template":"highway","default_image_id":0,"font":"","enabled":false},"version":2}},"categories":[88],"tags":[],"class_list":["post-101118","post","type-post","status-publish","format-standard","has-post-thumbnail","hentry","category-noticias"],"jetpack_publicize_connections":[],"jetpack_featured_media_url":"https:\/\/sosuaonline.net\/inicio\/wp-content\/uploads\/2025\/01\/Rafael-Lee-Ballester-director-General-de-Migracion-e1736606957382-300x210-1.jpeg","jetpack_sharing_enabled":true,"_links":{"self":[{"href":"https:\/\/sosuaonline.net\/inicio\/wp-json\/wp\/v2\/posts\/101118","targetHints":{"allow":["GET"]}}],"collection":[{"href":"https:\/\/sosuaonline.net\/inicio\/wp-json\/wp\/v2\/posts"}],"about":[{"href":"https:\/\/sosuaonline.net\/inicio\/wp-json\/wp\/v2\/types\/post"}],"author":[{"embeddable":true,"href":"https:\/\/sosuaonline.net\/inicio\/wp-json\/wp\/v2\/users\/9"}],"replies":[{"embeddable":true,"href":"https:\/\/sosuaonline.net\/inicio\/wp-json\/wp\/v2\/comments?post=101118"}],"version-history":[{"count":1,"href":"https:\/\/sosuaonline.net\/inicio\/wp-json\/wp\/v2\/posts\/101118\/revisions"}],"predecessor-version":[{"id":101120,"href":"https:\/\/sosuaonline.net\/inicio\/wp-json\/wp\/v2\/posts\/101118\/revisions\/101120"}],"wp:featuredmedia":[{"embeddable":true,"href":"https:\/\/sosuaonline.net\/inicio\/wp-json\/wp\/v2\/media\/101119"}],"wp:attachment":[{"href":"https:\/\/sosuaonline.net\/inicio\/wp-json\/wp\/v2\/media?parent=101118"}],"wp:term":[{"taxonomy":"category","embeddable":true,"href":"https:\/\/sosuaonline.net\/inicio\/wp-json\/wp\/v2\/categories?post=101118"},{"taxonomy":"post_tag","embeddable":true,"href":"https:\/\/sosuaonline.net\/inicio\/wp-json\/wp\/v2\/tags?post=101118"}],"curies":[{"name":"wp","href":"https:\/\/api.w.org\/{rel}","templated":true}]}}