{"id":101151,"date":"2025-01-14T07:13:10","date_gmt":"2025-01-14T11:13:10","guid":{"rendered":"http:\/\/sosuaonline.net\/inicio\/?p=101151"},"modified":"2025-01-14T07:13:11","modified_gmt":"2025-01-14T11:13:11","slug":"ministro-aclara-no-hay-aumento-de-peajes-en-rd-sino-nivelacion","status":"publish","type":"post","link":"https:\/\/sosuaonline.net\/inicio\/ministro-aclara-no-hay-aumento-de-peajes-en-rd-sino-nivelacion\/","title":{"rendered":"Ministro aclara no hay aumento de peajes en RD sino \u00abnivelaci\u00f3n\u00bb"},"content":{"rendered":"\n<div class=\"wp-block-image\"><figure class=\"alignleft size-large is-resized\"><img loading=\"lazy\" decoding=\"async\" data-attachment-id=\"101152\" data-permalink=\"https:\/\/sosuaonline.net\/inicio\/ministro-aclara-no-hay-aumento-de-peajes-en-rd-sino-nivelacion\/deligne-e1736849052318\/\" data-orig-file=\"https:\/\/sosuaonline.net\/inicio\/wp-content\/uploads\/2025\/01\/Deligne-e1736849052318.jpg\" data-orig-size=\"785,504\" data-comments-opened=\"0\" data-image-meta=\"{&quot;aperture&quot;:&quot;0&quot;,&quot;credit&quot;:&quot;&quot;,&quot;camera&quot;:&quot;&quot;,&quot;caption&quot;:&quot;&quot;,&quot;created_timestamp&quot;:&quot;0&quot;,&quot;copyright&quot;:&quot;&quot;,&quot;focal_length&quot;:&quot;0&quot;,&quot;iso&quot;:&quot;0&quot;,&quot;shutter_speed&quot;:&quot;0&quot;,&quot;title&quot;:&quot;&quot;,&quot;orientation&quot;:&quot;0&quot;}\" data-image-title=\"Deligne-e1736849052318\" data-image-description=\"\" data-image-caption=\"\" data-medium-file=\"https:\/\/sosuaonline.net\/inicio\/wp-content\/uploads\/2025\/01\/Deligne-e1736849052318-300x193.jpg\" data-large-file=\"https:\/\/sosuaonline.net\/inicio\/wp-content\/uploads\/2025\/01\/Deligne-e1736849052318.jpg\" src=\"http:\/\/sosuaonline.net\/inicio\/wp-content\/uploads\/2025\/01\/Deligne-e1736849052318.jpg\" alt=\"\" class=\"wp-image-101152\" width=\"261\" height=\"167\" srcset=\"https:\/\/sosuaonline.net\/inicio\/wp-content\/uploads\/2025\/01\/Deligne-e1736849052318.jpg 785w, https:\/\/sosuaonline.net\/inicio\/wp-content\/uploads\/2025\/01\/Deligne-e1736849052318-300x193.jpg 300w, https:\/\/sosuaonline.net\/inicio\/wp-content\/uploads\/2025\/01\/Deligne-e1736849052318-768x493.jpg 768w, https:\/\/sosuaonline.net\/inicio\/wp-content\/uploads\/2025\/01\/Deligne-e1736849052318-600x385.jpg 600w\" sizes=\"auto, (max-width: 261px) 100vw, 261px\" \/><\/figure><\/div>\n\n\n\n<p>SANTO DOMINGO.-El&nbsp;Ministro de Obras P\u00fablicas, Deligne Ascensi\u00f3n, dijo este lunes el nuevo costo&nbsp;de los&nbsp;peajes&nbsp;no es un aumento, sino una nivelaci\u00f3n de cuatro de estos, porque hace diez a\u00f1os que no se aumentaban.<\/p>\n\n\n\n<p>\u00abM\u00e1s que aumento, estamos hablando de la nivelaci\u00f3n de cuatro peajes, el de la S\u00e1nchez, el de la 6 de Noviembre, Duarte y Las Am\u00e9ricas, elev\u00e1ndose o nivel\u00e1ndose al precio de los dem\u00e1s 12 peajes existentes. Cabe resaltar que hac\u00eda casi m\u00e1s de diez a\u00f1os que no hab\u00eda aumento de los peajes\u00bb, expres\u00f3.<\/p>\n\n\n\n<p><strong>NIVELACION EN CUATRO PEAJES<\/strong><\/p>\n\n\n\n<p>Durante el encuentro La Semanal con la Prensa, encabezado por el presidente Luis Abinader, el funcionario dijo que en cuanto cuanto al posible aumento de los pasajes del transporte p\u00fablico, dicha regulaci\u00f3n corresponde al&nbsp;Instituto Nacional de Tr\u00e1nsito y Transporte Terrestre (INTRANT),&nbsp;que es el organismo encargado de establecer las&nbsp;tarifas en dicho sector.<\/p>\n\n\n\n<p>El funcionario puso como ejemplo el peaje de Saman\u00e1, cuyo costo fue reducido en un 40% bajo este Gobierno, subrayando que las pol\u00edticas de tarifas deben ser equilibradas y en busca de un beneficio para los usuarios.<\/p>\n","protected":false},"excerpt":{"rendered":"<p>SANTO DOMINGO.-El&nbsp;Ministro de Obras P\u00fablicas, Deligne Ascensi\u00f3n, dijo este lunes el nuevo costo&nbsp;de los&nbsp;peajes&nbsp;no es un aumento, sino una nivelaci\u00f3n de cuatro de estos, porque hace diez a\u00f1os que no se aumentaban. \u00abM\u00e1s que aumento, estamos hablando de la nivelaci\u00f3n de cuatro peajes, el de la S\u00e1nchez, el de la 6 de Noviembre, Duarte y Las Am\u00e9ricas, elev\u00e1ndose o nivel\u00e1ndose al precio de los dem\u00e1s 12 peajes existentes. Cabe resaltar que hac\u00eda casi m\u00e1s de diez a\u00f1os que no hab\u00eda aumento de los peajes\u00bb, expres\u00f3. NIVELACION EN CUATRO PEAJES Durante el encuentro La Semanal con la Prensa, encabezado por el presidente Luis Abinader, el funcionario dijo que en cuanto cuanto al posible aumento de los pasajes del transporte p\u00fablico, dicha regulaci\u00f3n corresponde al&nbsp;Instituto Nacional de Tr\u00e1nsito y Transporte Terrestre (INTRANT),&nbsp;que es el organismo encargado de establecer las&nbsp;tarifas en dicho sector. El funcionario puso como ejemplo el peaje de Saman\u00e1, cuyo costo fue reducido en un 40% bajo este Gobierno, subrayando que las pol\u00edticas de tarifas deben ser equilibradas y en busca de un beneficio para los usuarios.<\/p>\n","protected":false},"author":9,"featured_media":101152,"comment_status":"closed","ping_status":"closed","sticky":false,"template":"","format":"standard","meta":{"advanced_seo_description":"","jetpack_seo_html_title":"","jetpack_seo_noindex":false,"_jetpack_memberships_contains_paid_content":false,"footnotes":"","jetpack_publicize_message":"","jetpack_publicize_feature_enabled":true,"jetpack_social_post_already_shared":false,"jetpack_social_options":{"image_generator_settings":{"template":"highway","default_image_id":0,"font":"","enabled":false},"version":2}},"categories":[88],"tags":[],"class_list":["post-101151","post","type-post","status-publish","format-standard","has-post-thumbnail","hentry","category-noticias"],"jetpack_publicize_connections":[],"jetpack_featured_media_url":"https:\/\/sosuaonline.net\/inicio\/wp-content\/uploads\/2025\/01\/Deligne-e1736849052318.jpg","jetpack_sharing_enabled":true,"_links":{"self":[{"href":"https:\/\/sosuaonline.net\/inicio\/wp-json\/wp\/v2\/posts\/101151","targetHints":{"allow":["GET"]}}],"collection":[{"href":"https:\/\/sosuaonline.net\/inicio\/wp-json\/wp\/v2\/posts"}],"about":[{"href":"https:\/\/sosuaonline.net\/inicio\/wp-json\/wp\/v2\/types\/post"}],"author":[{"embeddable":true,"href":"https:\/\/sosuaonline.net\/inicio\/wp-json\/wp\/v2\/users\/9"}],"replies":[{"embeddable":true,"href":"https:\/\/sosuaonline.net\/inicio\/wp-json\/wp\/v2\/comments?post=101151"}],"version-history":[{"count":1,"href":"https:\/\/sosuaonline.net\/inicio\/wp-json\/wp\/v2\/posts\/101151\/revisions"}],"predecessor-version":[{"id":101153,"href":"https:\/\/sosuaonline.net\/inicio\/wp-json\/wp\/v2\/posts\/101151\/revisions\/101153"}],"wp:featuredmedia":[{"embeddable":true,"href":"https:\/\/sosuaonline.net\/inicio\/wp-json\/wp\/v2\/media\/101152"}],"wp:attachment":[{"href":"https:\/\/sosuaonline.net\/inicio\/wp-json\/wp\/v2\/media?parent=101151"}],"wp:term":[{"taxonomy":"category","embeddable":true,"href":"https:\/\/sosuaonline.net\/inicio\/wp-json\/wp\/v2\/categories?post=101151"},{"taxonomy":"post_tag","embeddable":true,"href":"https:\/\/sosuaonline.net\/inicio\/wp-json\/wp\/v2\/tags?post=101151"}],"curies":[{"name":"wp","href":"https:\/\/api.w.org\/{rel}","templated":true}]}}