{"id":104955,"date":"2025-04-15T22:01:20","date_gmt":"2025-04-16T02:01:20","guid":{"rendered":"https:\/\/sosuaonline.net\/inicio\/?p=104955"},"modified":"2025-04-15T22:01:27","modified_gmt":"2025-04-16T02:01:27","slug":"caso-jet-set-antonio-espaillat-se-pone-a-disposicion-del-ministerio-publico-para-pesquisas","status":"publish","type":"post","link":"https:\/\/sosuaonline.net\/inicio\/caso-jet-set-antonio-espaillat-se-pone-a-disposicion-del-ministerio-publico-para-pesquisas\/","title":{"rendered":"Caso Jet Set: Antonio Espaillat se pone a disposici\u00f3n del Ministerio P\u00fablico para pesquisas"},"content":{"rendered":"\n<figure class=\"wp-block-image size-full\"><img loading=\"lazy\" decoding=\"async\" width=\"896\" height=\"504\" data-attachment-id=\"104957\" data-permalink=\"https:\/\/sosuaonline.net\/inicio\/caso-jet-set-antonio-espaillat-se-pone-a-disposicion-del-ministerio-publico-para-pesquisas\/antonio-heredia-se-pone-a-disposicion-de-la-justicia\/\" data-orig-file=\"https:\/\/sosuaonline.net\/inicio\/wp-content\/uploads\/2025\/04\/ANTONIO-HEREDIA-SE-PONE-A-DISPOSICION-DE-LA-JUSTICIA.jpg\" data-orig-size=\"896,504\" data-comments-opened=\"0\" data-image-meta=\"{&quot;aperture&quot;:&quot;0&quot;,&quot;credit&quot;:&quot;&quot;,&quot;camera&quot;:&quot;&quot;,&quot;caption&quot;:&quot;&quot;,&quot;created_timestamp&quot;:&quot;0&quot;,&quot;copyright&quot;:&quot;&quot;,&quot;focal_length&quot;:&quot;0&quot;,&quot;iso&quot;:&quot;0&quot;,&quot;shutter_speed&quot;:&quot;0&quot;,&quot;title&quot;:&quot;&quot;,&quot;orientation&quot;:&quot;0&quot;}\" data-image-title=\"ANTONIO HEREDIA SE PONE A DISPOSICION DE LA JUSTICIA\" data-image-description=\"\" data-image-caption=\"\" data-medium-file=\"https:\/\/sosuaonline.net\/inicio\/wp-content\/uploads\/2025\/04\/ANTONIO-HEREDIA-SE-PONE-A-DISPOSICION-DE-LA-JUSTICIA-300x169.jpg\" data-large-file=\"https:\/\/sosuaonline.net\/inicio\/wp-content\/uploads\/2025\/04\/ANTONIO-HEREDIA-SE-PONE-A-DISPOSICION-DE-LA-JUSTICIA.jpg\" src=\"https:\/\/sosuaonline.net\/inicio\/wp-content\/uploads\/2025\/04\/ANTONIO-HEREDIA-SE-PONE-A-DISPOSICION-DE-LA-JUSTICIA.jpg\" alt=\"Antonio Espaillat es el gerente de Inversiones E Y L, empresa que manejaba la discoteca Jet Set. (FUENTE EXTERNA)\" class=\"wp-image-104957\" srcset=\"https:\/\/sosuaonline.net\/inicio\/wp-content\/uploads\/2025\/04\/ANTONIO-HEREDIA-SE-PONE-A-DISPOSICION-DE-LA-JUSTICIA.jpg 896w, https:\/\/sosuaonline.net\/inicio\/wp-content\/uploads\/2025\/04\/ANTONIO-HEREDIA-SE-PONE-A-DISPOSICION-DE-LA-JUSTICIA-300x169.jpg 300w, https:\/\/sosuaonline.net\/inicio\/wp-content\/uploads\/2025\/04\/ANTONIO-HEREDIA-SE-PONE-A-DISPOSICION-DE-LA-JUSTICIA-768x432.jpg 768w\" sizes=\"auto, (max-width: 896px) 100vw, 896px\" \/><\/figure>\n\n\n\n<p>El empresario\u00a0<strong>Antonio<\/strong>\u00a0<strong>Espaillat<\/strong>, gerente de Inversiones E Y L, SRL, la empresa que operaba la\u00a0<strong>discoteca<\/strong>\u00a0<strong>Jet Set<\/strong>, se puso A\u00a0<strong>disposici\u00f3n<\/strong>\u00a0del\u00a0<strong>Ministerio P\u00fablico<\/strong>\u00a0a fines de \u00ab<strong>colaborar<\/strong>\u00bb con la\u00a0<strong>investigaci\u00f3n<\/strong>\u00a0que realiza el \u00f3rgano persecutor por la tragedia ocurrida en el centro de diversi\u00f3n que hasta el momento ha dejado 231 muertos.<\/p>\n\n\n\n<p>Espaillat remiti\u00f3 una<strong>&nbsp;carta<\/strong>&nbsp;a la procuradora fiscal del Distrito Nacional,&nbsp;<strong>Rosalba Ramos<\/strong>, \u00abcon el prop\u00f3sito de manifestar formal y expresamente nuestra entera&nbsp;<strong>disposici\u00f3n<\/strong>&nbsp;de&nbsp;<strong>colaborar<\/strong>&nbsp;con esta Procuradur\u00eda Fiscal del Distrito Nacional en el marco de la&nbsp;<strong>investigaci\u00f3n<\/strong>&nbsp;que, seg\u00fan la prensa, se ha iniciado tras el lamentable colapso de la infraestructura donde operaba dicho establecimiento\u00bb.<\/p>\n\n\n\n<p>En la misiva, con&nbsp;<strong>fecha<\/strong>&nbsp;del lunes 14 de abril y recibida este martes 15, expres\u00f3 que la empresa (E Y L, S.R.L.) acog\u00eda \u00abcon seriedad y compromiso el curso de tales investigaciones&nbsp;<strong>y reitera su apertura a colaborar<\/strong>&nbsp;con todas las autoridades competentes en el proceso, en especial con el&nbsp;<strong>Ministerio P\u00fablico<\/strong>\u00ab, el cual defini\u00f3 como \u00abgarante del inter\u00e9s general y de la b\u00fasqueda de la verdad\u00bb.<\/p>\n\n\n\n<p><strong>La investigaci\u00f3n<\/strong><\/p>\n\n\n\n<p>El Ministerio P\u00fablico est\u00e1 a cargo de las investigaciones del caso. Las indagatorias est\u00e1n a cargo de la Direcci\u00f3n de Persecuci\u00f3n, que encabeza ahora Wilson Camacho, y la Fiscal\u00eda del Distrito Nacional.A la vez, el presidente de la Rep\u00fablica, Luis Abinader, dispuso una investigaci\u00f3n con expertos nacionales e internacionales, encabezada por la Oficina Nacional de Evaluaci\u00f3n S\u00edsmica y Vulnerabilidad de Infraestructura y Edificaciones (Onesvie).<\/p>\n\n\n\n<h2 class=\"wp-block-heading\">Disponible en el marco del procedimiento jur\u00eddico<\/h2>\n\n\n\n<p>En el&nbsp;<strong>documento,<\/strong>&nbsp;Espaillat dice que est\u00e1 disponible de forma&nbsp;<strong>\u00absolemne y sin reservas\u00bb<\/strong>&nbsp;en el compromiso de atender cualquier requerimiento de la Fiscal\u00eda del Nacional, \u00aben el marco de los procedimientos establecidos por nuestro ordenamiento jur\u00eddico\u00bb.<\/p>\n\n\n\n<p>A\u00f1adi\u00f3 que busca contribuir al proceso con&nbsp;<strong>transparencia<\/strong>, respeto y dignidad para el \u00abesclarecimiento de los&nbsp;<strong>hechos<\/strong>\u00ab.<\/p>\n\n\n\n<h2 class=\"wp-block-heading\">Nombra abogado<\/h2>\n\n\n\n<p>Tambi\u00e9n se\u00f1al\u00f3 que, para los fines de su disposici\u00f3n al&nbsp;<strong>Ministerio P\u00fablico<\/strong>, design\u00f3 a&nbsp;<strong>Jorge Luis Polanco Rodr\u00edguez&nbsp;<\/strong>como su&nbsp;<strong>asesor jur\u00eddico.<\/strong><\/p>\n\n\n\n<p>En la carta, el empresario le dice a la fiscal Ramos que quedaba atento a&nbsp;<strong>\u00abcualquier requerimiento de su digno despacho\u00bb.<\/strong><\/p>\n\n\n\n<p>Le indica, adem\u00e1s, que hac\u00eda todo eso ello consciente,&nbsp;<strong>\u00abdel profundo dolor&nbsp;<\/strong>que embarga a las v\u00edctimas, a sus familiares y a la sociedad dominicana en su conjunto, dolor que compartimos con genuina consternaci\u00f3n\u00bb.<\/p>\n\n\n\n<p><a href=\"https:\/\/www.diariolibre.com\/actualidad\/justicia\/2025\/04\/15\/antonio-espaillat-se-pone-a-disposicion-del-mp-en-el-caso-jet-set\/3075346\">FUENTE<\/a><\/p>\n","protected":false},"excerpt":{"rendered":"<p>El empresario\u00a0Antonio\u00a0Espaillat, gerente de Inversiones E Y L, SRL, la empresa que operaba la\u00a0discoteca\u00a0Jet Set, se puso A\u00a0disposici\u00f3n\u00a0del\u00a0Ministerio P\u00fablico\u00a0a fines de \u00abcolaborar\u00bb con la\u00a0investigaci\u00f3n\u00a0que realiza el \u00f3rgano persecutor por la tragedia ocurrida en el centro de diversi\u00f3n que hasta el momento ha dejado 231 muertos. Espaillat remiti\u00f3 una&nbsp;carta&nbsp;a la procuradora fiscal del Distrito Nacional,&nbsp;Rosalba Ramos, \u00abcon el prop\u00f3sito de manifestar formal y expresamente nuestra entera&nbsp;disposici\u00f3n&nbsp;de&nbsp;colaborar&nbsp;con esta Procuradur\u00eda Fiscal del Distrito Nacional en el marco de la&nbsp;investigaci\u00f3n&nbsp;que, seg\u00fan la prensa, se ha iniciado tras el lamentable colapso de la infraestructura donde operaba dicho establecimiento\u00bb. En la misiva, con&nbsp;fecha&nbsp;del lunes 14 de abril y recibida este martes 15, expres\u00f3 que la empresa (E Y L, S.R.L.) acog\u00eda \u00abcon seriedad y compromiso el curso de tales investigaciones&nbsp;y reitera su apertura a colaborar&nbsp;con todas las autoridades competentes en el proceso, en especial con el&nbsp;Ministerio P\u00fablico\u00ab, el cual defini\u00f3 como \u00abgarante del inter\u00e9s general y de la b\u00fasqueda de la verdad\u00bb. La investigaci\u00f3n El Ministerio P\u00fablico est\u00e1 a cargo de las investigaciones del caso. Las indagatorias est\u00e1n a cargo de la Direcci\u00f3n de Persecuci\u00f3n, que encabeza ahora Wilson Camacho, y la Fiscal\u00eda del Distrito Nacional.A la vez, el presidente de la Rep\u00fablica, Luis Abinader, dispuso una investigaci\u00f3n con expertos nacionales e internacionales, encabezada por la Oficina Nacional de Evaluaci\u00f3n S\u00edsmica y Vulnerabilidad de Infraestructura y Edificaciones (Onesvie). Disponible en el marco del procedimiento jur\u00eddico En el&nbsp;documento,&nbsp;Espaillat dice que est\u00e1 disponible de forma&nbsp;\u00absolemne y sin reservas\u00bb&nbsp;en el compromiso de atender cualquier requerimiento de la Fiscal\u00eda del Nacional, \u00aben el marco de los procedimientos establecidos por nuestro ordenamiento jur\u00eddico\u00bb. A\u00f1adi\u00f3 que busca contribuir al proceso con&nbsp;transparencia, respeto y dignidad para el \u00abesclarecimiento de los&nbsp;hechos\u00ab. Nombra abogado Tambi\u00e9n se\u00f1al\u00f3 que, para los fines de su disposici\u00f3n al&nbsp;Ministerio P\u00fablico, design\u00f3 a&nbsp;Jorge Luis Polanco Rodr\u00edguez&nbsp;como su&nbsp;asesor jur\u00eddico. En la carta, el empresario le dice a la fiscal Ramos que quedaba atento a&nbsp;\u00abcualquier requerimiento de su digno despacho\u00bb. Le indica, adem\u00e1s, que hac\u00eda todo eso ello consciente,&nbsp;\u00abdel profundo dolor&nbsp;que embarga a las v\u00edctimas, a sus familiares y a la sociedad dominicana en su conjunto, dolor que compartimos con genuina consternaci\u00f3n\u00bb. FUENTE<\/p>\n","protected":false},"author":12,"featured_media":104957,"comment_status":"closed","ping_status":"closed","sticky":false,"template":"","format":"standard","meta":{"advanced_seo_description":"","jetpack_seo_html_title":"","jetpack_seo_noindex":false,"_jetpack_memberships_contains_paid_content":false,"footnotes":"","jetpack_publicize_message":"","jetpack_publicize_feature_enabled":true,"jetpack_social_post_already_shared":true,"jetpack_social_options":{"image_generator_settings":{"template":"highway","default_image_id":0,"font":"","enabled":false},"version":2}},"categories":[76],"tags":[],"class_list":["post-104955","post","type-post","status-publish","format-standard","has-post-thumbnail","hentry","category-actualidad"],"jetpack_publicize_connections":[],"jetpack_featured_media_url":"https:\/\/sosuaonline.net\/inicio\/wp-content\/uploads\/2025\/04\/ANTONIO-HEREDIA-SE-PONE-A-DISPOSICION-DE-LA-JUSTICIA.jpg","jetpack_sharing_enabled":true,"_links":{"self":[{"href":"https:\/\/sosuaonline.net\/inicio\/wp-json\/wp\/v2\/posts\/104955","targetHints":{"allow":["GET"]}}],"collection":[{"href":"https:\/\/sosuaonline.net\/inicio\/wp-json\/wp\/v2\/posts"}],"about":[{"href":"https:\/\/sosuaonline.net\/inicio\/wp-json\/wp\/v2\/types\/post"}],"author":[{"embeddable":true,"href":"https:\/\/sosuaonline.net\/inicio\/wp-json\/wp\/v2\/users\/12"}],"replies":[{"embeddable":true,"href":"https:\/\/sosuaonline.net\/inicio\/wp-json\/wp\/v2\/comments?post=104955"}],"version-history":[{"count":1,"href":"https:\/\/sosuaonline.net\/inicio\/wp-json\/wp\/v2\/posts\/104955\/revisions"}],"predecessor-version":[{"id":104958,"href":"https:\/\/sosuaonline.net\/inicio\/wp-json\/wp\/v2\/posts\/104955\/revisions\/104958"}],"wp:featuredmedia":[{"embeddable":true,"href":"https:\/\/sosuaonline.net\/inicio\/wp-json\/wp\/v2\/media\/104957"}],"wp:attachment":[{"href":"https:\/\/sosuaonline.net\/inicio\/wp-json\/wp\/v2\/media?parent=104955"}],"wp:term":[{"taxonomy":"category","embeddable":true,"href":"https:\/\/sosuaonline.net\/inicio\/wp-json\/wp\/v2\/categories?post=104955"},{"taxonomy":"post_tag","embeddable":true,"href":"https:\/\/sosuaonline.net\/inicio\/wp-json\/wp\/v2\/tags?post=104955"}],"curies":[{"name":"wp","href":"https:\/\/api.w.org\/{rel}","templated":true}]}}