{"id":107267,"date":"2025-09-01T07:02:45","date_gmt":"2025-09-01T11:02:45","guid":{"rendered":"https:\/\/sosuaonline.net\/inicio\/?p=107267"},"modified":"2025-09-01T07:02:46","modified_gmt":"2025-09-01T11:02:46","slug":"el-gobierno-apoyara-colegios-establezcan-transporte-escolar","status":"publish","type":"post","link":"https:\/\/sosuaonline.net\/inicio\/el-gobierno-apoyara-colegios-establezcan-transporte-escolar\/","title":{"rendered":"El Gobierno apoyar\u00e1 colegios establezcan transporte escolar"},"content":{"rendered":"<div class=\"wp-block-image\">\n<figure class=\"alignleft size-full\"><img loading=\"lazy\" decoding=\"async\" width=\"300\" height=\"150\" data-attachment-id=\"107268\" data-permalink=\"https:\/\/sosuaonline.net\/inicio\/el-gobierno-apoyara-colegios-establezcan-transporte-escolar\/trae-222-300x150\/\" data-orig-file=\"https:\/\/sosuaonline.net\/inicio\/wp-content\/uploads\/2025\/09\/TRAE-222-300x150-1.jpg\" data-orig-size=\"300,150\" data-comments-opened=\"0\" data-image-meta=\"{&quot;aperture&quot;:&quot;0&quot;,&quot;credit&quot;:&quot;&quot;,&quot;camera&quot;:&quot;&quot;,&quot;caption&quot;:&quot;&quot;,&quot;created_timestamp&quot;:&quot;0&quot;,&quot;copyright&quot;:&quot;&quot;,&quot;focal_length&quot;:&quot;0&quot;,&quot;iso&quot;:&quot;0&quot;,&quot;shutter_speed&quot;:&quot;0&quot;,&quot;title&quot;:&quot;&quot;,&quot;orientation&quot;:&quot;0&quot;}\" data-image-title=\"TRAE-222-300&amp;#215;150\" data-image-description=\"\" data-image-caption=\"\" data-medium-file=\"https:\/\/sosuaonline.net\/inicio\/wp-content\/uploads\/2025\/09\/TRAE-222-300x150-1.jpg\" data-large-file=\"https:\/\/sosuaonline.net\/inicio\/wp-content\/uploads\/2025\/09\/TRAE-222-300x150-1.jpg\" src=\"https:\/\/sosuaonline.net\/inicio\/wp-content\/uploads\/2025\/09\/TRAE-222-300x150-1.jpg\" alt=\"\" class=\"wp-image-107268\" \/><\/figure>\n<\/div>\n\n\n<p>Santo Domingo, 31 ago (EFE).- El Gobierno, a trav\u00e9s del Gabinete de Transporte y el plan RD se Mueve, se propone apoyar la implementaci\u00f3n de transporte escolar en colegios privados, para mejorar la movilidad de veh\u00edculos en zonas consideradas cr\u00edticas en horas de entrada y salida de los estudiantes.<\/p>\n\n\n\n<p>Para identificar las v\u00edas sobre el particular, el Gobierno apoyar\u00eda la implementaci\u00f3n de transporte escolar en centros educativos no estatales del Distrito Nacional, seg\u00fan inform\u00f3 este domingo en una nota el responsable del Gabinete de Transporte, Deligne Ascensi\u00f3n, quien trabaja junto a la Asociaci\u00f3n de Colegios Privados.<\/p>\n\n\n\n<p>La iniciativa ser\u00eda de forma tripartita, colegios privados, padres de familias y el gobierno.<\/p>\n\n\n\n<p>En este encuentro, la Asociaci\u00f3n de Instituciones Educativas Privadas (AINEP), representada por su presidenta, Wara Gonz\u00e1lez, se plante\u00f3 la factibilidad de establecer en los colegios, un transporte escolar al estilo del Sistema Nacional de Transporte Estudiantil (TRAE), que opera en todo el pa\u00eds, \u00abcon excelentes resultados\u00bb.<\/p>\n\n\n\n<p>Se tratar\u00eda de un plan piloto que abarcar\u00eda los centros educativos ubicados en el pol\u00edgono central de la capital y que el Direcci\u00f3n General de Seguridad de Tr\u00e1nsito y Transporte Terrestre (Intrant) ha identificado como cr\u00edticos por la alta movilidad de veh\u00edculos que se genera con la llegada y salida de estudiantes.<\/p>\n\n\n\n<p>Gonz\u00e1lez dio constancia de los resultados positivos de este tipo de transporte, con el que los colegios privados trabajan desde 2014.<\/p>\n\n\n\n<p>Ascenci\u00f3n destac\u00f3 el inter\u00e9s del presidente Luis Abinader en apoyar a estas instituciones educativas en la implementaci\u00f3n de un transporte colectivo para continuar avanzado con el plan de descongestionamiento del tr\u00e1nsito, lo cual redundar\u00eda en beneficios para la poblaci\u00f3n.<\/p>\n\n\n\n<p>Se resalta, que solo en el Distrito Nacional, el nivel de congestionamiento significa m\u00e1s de 770 millones d\u00f3lares al a\u00f1o, en horas productivas perdidas y consumo en exceso de combustible, seg\u00fan revel\u00f3 On\u00e9simo Gonz\u00e1lez, vicepresidente ejecutivo de la Operadora Metropolitana de Servicios de Autobuses (OMSA), y director del TRAE.<\/p>\n\n\n\n<p>Gonz\u00e1lez sostuvo que el establecimiento en los colegios privados de un transporte colectivo con las caracter\u00edsticas del TRAE redundar\u00eda en seguridad para los estudiantes y tranquilidad para los padres, debido a los est\u00e1ndares de calidad con que cuenta.EFE<\/p>\n\n\n\n<p>rsl<\/p>\n","protected":false},"excerpt":{"rendered":"<p>Santo Domingo, 31 ago (EFE).- El Gobierno, a trav\u00e9s del Gabinete de Transporte y el plan RD se Mueve, se propone apoyar la implementaci\u00f3n de transporte escolar en colegios privados, para mejorar la movilidad de veh\u00edculos en zonas consideradas cr\u00edticas en horas de entrada y salida de los estudiantes. Para identificar las v\u00edas sobre el particular, el Gobierno apoyar\u00eda la implementaci\u00f3n de transporte escolar en centros educativos no estatales del Distrito Nacional, seg\u00fan inform\u00f3 este domingo en una nota el responsable del Gabinete de Transporte, Deligne Ascensi\u00f3n, quien trabaja junto a la Asociaci\u00f3n de Colegios Privados. La iniciativa ser\u00eda de forma tripartita, colegios privados, padres de familias y el gobierno. En este encuentro, la Asociaci\u00f3n de Instituciones Educativas Privadas (AINEP), representada por su presidenta, Wara Gonz\u00e1lez, se plante\u00f3 la factibilidad de establecer en los colegios, un transporte escolar al estilo del Sistema Nacional de Transporte Estudiantil (TRAE), que opera en todo el pa\u00eds, \u00abcon excelentes resultados\u00bb. Se tratar\u00eda de un plan piloto que abarcar\u00eda los centros educativos ubicados en el pol\u00edgono central de la capital y que el Direcci\u00f3n General de Seguridad de Tr\u00e1nsito y Transporte Terrestre (Intrant) ha identificado como cr\u00edticos por la alta movilidad de veh\u00edculos que se genera con la llegada y salida de estudiantes. Gonz\u00e1lez dio constancia de los resultados positivos de este tipo de transporte, con el que los colegios privados trabajan desde 2014. Ascenci\u00f3n destac\u00f3 el inter\u00e9s del presidente Luis Abinader en apoyar a estas instituciones educativas en la implementaci\u00f3n de un transporte colectivo para continuar avanzado con el plan de descongestionamiento del tr\u00e1nsito, lo cual redundar\u00eda en beneficios para la poblaci\u00f3n. Se resalta, que solo en el Distrito Nacional, el nivel de congestionamiento significa m\u00e1s de 770 millones d\u00f3lares al a\u00f1o, en horas productivas perdidas y consumo en exceso de combustible, seg\u00fan revel\u00f3 On\u00e9simo Gonz\u00e1lez, vicepresidente ejecutivo de la Operadora Metropolitana de Servicios de Autobuses (OMSA), y director del TRAE. Gonz\u00e1lez sostuvo que el establecimiento en los colegios privados de un transporte colectivo con las caracter\u00edsticas del TRAE redundar\u00eda en seguridad para los estudiantes y tranquilidad para los padres, debido a los est\u00e1ndares de calidad con que cuenta.EFE rsl<\/p>\n","protected":false},"author":9,"featured_media":107268,"comment_status":"closed","ping_status":"closed","sticky":false,"template":"","format":"standard","meta":{"advanced_seo_description":"","jetpack_seo_html_title":"","jetpack_seo_noindex":false,"_jetpack_memberships_contains_paid_content":false,"footnotes":"","jetpack_publicize_message":"","jetpack_publicize_feature_enabled":true,"jetpack_social_post_already_shared":true,"jetpack_social_options":{"image_generator_settings":{"template":"highway","default_image_id":0,"font":"","enabled":false},"version":2}},"categories":[459],"tags":[],"class_list":["post-107267","post","type-post","status-publish","format-standard","has-post-thumbnail","hentry","category-educacion"],"jetpack_publicize_connections":[],"jetpack_featured_media_url":"https:\/\/sosuaonline.net\/inicio\/wp-content\/uploads\/2025\/09\/TRAE-222-300x150-1.jpg","jetpack_sharing_enabled":true,"_links":{"self":[{"href":"https:\/\/sosuaonline.net\/inicio\/wp-json\/wp\/v2\/posts\/107267","targetHints":{"allow":["GET"]}}],"collection":[{"href":"https:\/\/sosuaonline.net\/inicio\/wp-json\/wp\/v2\/posts"}],"about":[{"href":"https:\/\/sosuaonline.net\/inicio\/wp-json\/wp\/v2\/types\/post"}],"author":[{"embeddable":true,"href":"https:\/\/sosuaonline.net\/inicio\/wp-json\/wp\/v2\/users\/9"}],"replies":[{"embeddable":true,"href":"https:\/\/sosuaonline.net\/inicio\/wp-json\/wp\/v2\/comments?post=107267"}],"version-history":[{"count":1,"href":"https:\/\/sosuaonline.net\/inicio\/wp-json\/wp\/v2\/posts\/107267\/revisions"}],"predecessor-version":[{"id":107269,"href":"https:\/\/sosuaonline.net\/inicio\/wp-json\/wp\/v2\/posts\/107267\/revisions\/107269"}],"wp:featuredmedia":[{"embeddable":true,"href":"https:\/\/sosuaonline.net\/inicio\/wp-json\/wp\/v2\/media\/107268"}],"wp:attachment":[{"href":"https:\/\/sosuaonline.net\/inicio\/wp-json\/wp\/v2\/media?parent=107267"}],"wp:term":[{"taxonomy":"category","embeddable":true,"href":"https:\/\/sosuaonline.net\/inicio\/wp-json\/wp\/v2\/categories?post=107267"},{"taxonomy":"post_tag","embeddable":true,"href":"https:\/\/sosuaonline.net\/inicio\/wp-json\/wp\/v2\/tags?post=107267"}],"curies":[{"name":"wp","href":"https:\/\/api.w.org\/{rel}","templated":true}]}}