{"id":107473,"date":"2025-09-10T19:54:05","date_gmt":"2025-09-10T23:54:05","guid":{"rendered":"https:\/\/sosuaonline.net\/inicio\/?p=107473"},"modified":"2025-09-10T19:55:47","modified_gmt":"2025-09-10T23:55:47","slug":"los-cinco-fallecidos-en-santiago-durante-tiroteo-pertenecian-a-una-presunta-estructura-criminal-segun-la-policia","status":"publish","type":"post","link":"https:\/\/sosuaonline.net\/inicio\/los-cinco-fallecidos-en-santiago-durante-tiroteo-pertenecian-a-una-presunta-estructura-criminal-segun-la-policia\/","title":{"rendered":"Los cinco fallecidos en Santiago durante tiroteo pertenec\u00edan a una presunta estructura criminal, seg\u00fan la Polic\u00eda"},"content":{"rendered":"\n<figure class=\"wp-block-image size-full\"><img loading=\"lazy\" decoding=\"async\" width=\"526\" height=\"439\" data-attachment-id=\"107474\" data-permalink=\"https:\/\/sosuaonline.net\/inicio\/los-cinco-fallecidos-en-santiago-durante-tiroteo-pertenecian-a-una-presunta-estructura-criminal-segun-la-policia\/armas-de-supuestas-bandas\/\" data-orig-file=\"https:\/\/sosuaonline.net\/inicio\/wp-content\/uploads\/2025\/09\/ARMAS-DE-SUPUESTAS-BANDAS.jpg\" data-orig-size=\"526,439\" data-comments-opened=\"0\" data-image-meta=\"{&quot;aperture&quot;:&quot;0&quot;,&quot;credit&quot;:&quot;supervisor&quot;,&quot;camera&quot;:&quot;&quot;,&quot;caption&quot;:&quot;&quot;,&quot;created_timestamp&quot;:&quot;1757533963&quot;,&quot;copyright&quot;:&quot;&quot;,&quot;focal_length&quot;:&quot;0&quot;,&quot;iso&quot;:&quot;0&quot;,&quot;shutter_speed&quot;:&quot;0&quot;,&quot;title&quot;:&quot;&quot;,&quot;orientation&quot;:&quot;0&quot;}\" data-image-title=\"ARMAS DE SUPUESTAS BANDAS\" data-image-description=\"\" data-image-caption=\"\" data-medium-file=\"https:\/\/sosuaonline.net\/inicio\/wp-content\/uploads\/2025\/09\/ARMAS-DE-SUPUESTAS-BANDAS-300x250.jpg\" data-large-file=\"https:\/\/sosuaonline.net\/inicio\/wp-content\/uploads\/2025\/09\/ARMAS-DE-SUPUESTAS-BANDAS.jpg\" src=\"https:\/\/sosuaonline.net\/inicio\/wp-content\/uploads\/2025\/09\/ARMAS-DE-SUPUESTAS-BANDAS.jpg\" alt=\"\" class=\"wp-image-107474\" srcset=\"https:\/\/sosuaonline.net\/inicio\/wp-content\/uploads\/2025\/09\/ARMAS-DE-SUPUESTAS-BANDAS.jpg 526w, https:\/\/sosuaonline.net\/inicio\/wp-content\/uploads\/2025\/09\/ARMAS-DE-SUPUESTAS-BANDAS-300x250.jpg 300w\" sizes=\"auto, (max-width: 526px) 100vw, 526px\" \/><\/figure>\n\n\n\n<p>Las cinco personas fallecidas durante un tiroteo la tarde de este mi\u00e9rcoles en el sector La Barranquita de la provincia&nbsp;<strong>Santiago<\/strong>, pertenec\u00edan a una fuerte estructura criminal a la que la&nbsp;<strong>Polic\u00eda Nacional<\/strong>&nbsp;le daba seguimiento, seg\u00fan adelant\u00f3 la instituci\u00f3n del orden.<\/p>\n\n\n\n<figure class=\"wp-block-image\"><img decoding=\"async\" src=\"https:\/\/hoy.com.do\/wp-content\/uploads\/2025\/09\/image-382.png?x54270\" alt=\"image 382\" class=\"wp-image-3047484\"\/><\/figure>\n\n\n\n<p><strong>Los hoy occisos se dedicaban a cometer robos, atracos y extorsiones<\/strong>, indic\u00f3 la Polic\u00eda.<\/p>\n\n\n\n<p>Durante el tiroteo, dos personas resultaron heridas, incluyendo un agente de la Polic\u00eda que se encuentra en estado gravedad y est\u00e1 ingresado en la unidad de cuidados intensivos en un centro de salud de esa ciudad.<\/p>\n\n\n\n<p>Por el hecho, tambi\u00e9n resultaron afectadas otras personas.<\/p>\n\n\n\n<figure class=\"wp-block-image\"><img decoding=\"async\" src=\"https:\/\/hoy.com.do\/wp-content\/uploads\/2025\/09\/WhatsApp-Image-2025-09-10-at-4.47.58-PM-1-576x1024.jpeg?x54270\" alt=\"WhatsApp Image 2025 09 10 at 4.47.58 PM 1\" class=\"wp-image-3047499\"\/><\/figure>\n\n\n\n<p>Los agentes actuantes hallaron en el lugar varios pertrechos militares, incluyendo armas de alto calibre.<\/p>\n\n\n\n<p>La Polic\u00eda tambi\u00e9n adelant\u00f3 que entre los fallecidos hay una persona que se econtraba pr\u00f3fuga de la justicia.<\/p>\n\n\n\n<p>M\u00e1s detalles en breve\u2026<\/p>\n\n\n\n<p>FUENTE<\/p>\n","protected":false},"excerpt":{"rendered":"<p>Las cinco personas fallecidas durante un tiroteo la tarde de este mi\u00e9rcoles en el sector La Barranquita de la provincia&nbsp;Santiago, pertenec\u00edan a una fuerte estructura criminal a la que la&nbsp;Polic\u00eda Nacional&nbsp;le daba seguimiento, seg\u00fan adelant\u00f3 la instituci\u00f3n del orden. Los hoy occisos se dedicaban a cometer robos, atracos y extorsiones, indic\u00f3 la Polic\u00eda. Durante el tiroteo, dos personas resultaron heridas, incluyendo un agente de la Polic\u00eda que se encuentra en estado gravedad y est\u00e1 ingresado en la unidad de cuidados intensivos en un centro de salud de esa ciudad. Por el hecho, tambi\u00e9n resultaron afectadas otras personas. Los agentes actuantes hallaron en el lugar varios pertrechos militares, incluyendo armas de alto calibre. La Polic\u00eda tambi\u00e9n adelant\u00f3 que entre los fallecidos hay una persona que se econtraba pr\u00f3fuga de la justicia. M\u00e1s detalles en breve\u2026 FUENTE<\/p>\n","protected":false},"author":12,"featured_media":107474,"comment_status":"closed","ping_status":"closed","sticky":false,"template":"","format":"standard","meta":{"advanced_seo_description":"","jetpack_seo_html_title":"","jetpack_seo_noindex":false,"_jetpack_memberships_contains_paid_content":false,"footnotes":"","jetpack_publicize_message":"","jetpack_publicize_feature_enabled":true,"jetpack_social_post_already_shared":true,"jetpack_social_options":{"image_generator_settings":{"template":"highway","default_image_id":0,"font":"","enabled":false},"version":2}},"categories":[88],"tags":[],"class_list":["post-107473","post","type-post","status-publish","format-standard","has-post-thumbnail","hentry","category-noticias"],"jetpack_publicize_connections":[],"jetpack_featured_media_url":"https:\/\/sosuaonline.net\/inicio\/wp-content\/uploads\/2025\/09\/ARMAS-DE-SUPUESTAS-BANDAS.jpg","jetpack_sharing_enabled":true,"_links":{"self":[{"href":"https:\/\/sosuaonline.net\/inicio\/wp-json\/wp\/v2\/posts\/107473","targetHints":{"allow":["GET"]}}],"collection":[{"href":"https:\/\/sosuaonline.net\/inicio\/wp-json\/wp\/v2\/posts"}],"about":[{"href":"https:\/\/sosuaonline.net\/inicio\/wp-json\/wp\/v2\/types\/post"}],"author":[{"embeddable":true,"href":"https:\/\/sosuaonline.net\/inicio\/wp-json\/wp\/v2\/users\/12"}],"replies":[{"embeddable":true,"href":"https:\/\/sosuaonline.net\/inicio\/wp-json\/wp\/v2\/comments?post=107473"}],"version-history":[{"count":1,"href":"https:\/\/sosuaonline.net\/inicio\/wp-json\/wp\/v2\/posts\/107473\/revisions"}],"predecessor-version":[{"id":107475,"href":"https:\/\/sosuaonline.net\/inicio\/wp-json\/wp\/v2\/posts\/107473\/revisions\/107475"}],"wp:featuredmedia":[{"embeddable":true,"href":"https:\/\/sosuaonline.net\/inicio\/wp-json\/wp\/v2\/media\/107474"}],"wp:attachment":[{"href":"https:\/\/sosuaonline.net\/inicio\/wp-json\/wp\/v2\/media?parent=107473"}],"wp:term":[{"taxonomy":"category","embeddable":true,"href":"https:\/\/sosuaonline.net\/inicio\/wp-json\/wp\/v2\/categories?post=107473"},{"taxonomy":"post_tag","embeddable":true,"href":"https:\/\/sosuaonline.net\/inicio\/wp-json\/wp\/v2\/tags?post=107473"}],"curies":[{"name":"wp","href":"https:\/\/api.w.org\/{rel}","templated":true}]}}