{"id":110643,"date":"2026-03-16T07:52:41","date_gmt":"2026-03-16T11:52:41","guid":{"rendered":"https:\/\/sosuaonline.net\/inicio\/?p=110643"},"modified":"2026-03-16T07:52:43","modified_gmt":"2026-03-16T11:52:43","slug":"miles-disfrutaron-el-desfile-nacional-de-carnaval-2026","status":"publish","type":"post","link":"https:\/\/sosuaonline.net\/inicio\/miles-disfrutaron-el-desfile-nacional-de-carnaval-2026\/","title":{"rendered":"Miles disfrutaron el Desfile Nacional de Carnaval 2026"},"content":{"rendered":"<div class=\"wp-block-image\">\n<figure class=\"alignleft size-full\"><img loading=\"lazy\" decoding=\"async\" width=\"300\" height=\"189\" data-attachment-id=\"110644\" data-permalink=\"https:\/\/sosuaonline.net\/inicio\/miles-disfrutaron-el-desfile-nacional-de-carnaval-2026\/carnaval-1-300x189\/\" data-orig-file=\"https:\/\/sosuaonline.net\/inicio\/wp-content\/uploads\/2026\/03\/Carnaval-1-300x189-1.jpg\" data-orig-size=\"300,189\" data-comments-opened=\"0\" data-image-meta=\"{&quot;aperture&quot;:&quot;0&quot;,&quot;credit&quot;:&quot;&quot;,&quot;camera&quot;:&quot;&quot;,&quot;caption&quot;:&quot;&quot;,&quot;created_timestamp&quot;:&quot;0&quot;,&quot;copyright&quot;:&quot;&quot;,&quot;focal_length&quot;:&quot;0&quot;,&quot;iso&quot;:&quot;0&quot;,&quot;shutter_speed&quot;:&quot;0&quot;,&quot;title&quot;:&quot;&quot;,&quot;orientation&quot;:&quot;0&quot;}\" data-image-title=\"Carnaval-1-300&amp;#215;189\" data-image-description=\"\" data-image-caption=\"\" data-medium-file=\"https:\/\/sosuaonline.net\/inicio\/wp-content\/uploads\/2026\/03\/Carnaval-1-300x189-1.jpg\" data-large-file=\"https:\/\/sosuaonline.net\/inicio\/wp-content\/uploads\/2026\/03\/Carnaval-1-300x189-1.jpg\" src=\"https:\/\/sosuaonline.net\/inicio\/wp-content\/uploads\/2026\/03\/Carnaval-1-300x189-1.jpg\" alt=\"\" class=\"wp-image-110644\" srcset=\"https:\/\/sosuaonline.net\/inicio\/wp-content\/uploads\/2026\/03\/Carnaval-1-300x189-1.jpg 300w, https:\/\/sosuaonline.net\/inicio\/wp-content\/uploads\/2026\/03\/Carnaval-1-300x189-1-400x250.jpg 400w\" sizes=\"auto, (max-width: 300px) 100vw, 300px\" \/><\/figure>\n<\/div>\n\n\n<p>Santo Domingo, 15 mar (EFE).- La capital de la Rep\u00fablica Dominicana vivi\u00f3 un gran d\u00eda de fiesta este domingo en la celebraci\u00f3n del Desfile Nacional de Carnaval de este a\u00f1o, en el que participaron alrededor de 180 comparsas y miles de carnavaleros y que rindi\u00f3 tributo a la cultura de las carnestolendas de la provincia de Puerto Plata.<\/p>\n\n\n\n<p>Disfraces de todo tipo de colores y la m\u00fasica de tambores, merengue y reggaet\u00f3n, colorearon el malec\u00f3n de Santo Domingo, donde tuvo lugar el desfile, que cont\u00f3 con un amplio dispositivo de seguridad formado por m\u00e1s de 900 miembros de los cuerpos militares, policiales y de orden p\u00fablico.<\/p>\n\n\n\n<p>Artistas, m\u00fasicos, bailarines y artesanos participaron en la celebraci\u00f3n de esta fiesta que parti\u00f3 desde el emblem\u00e1tico obelisco de Santo Domingo y finaliz\u00f3 dos kil\u00f3metros y medio despu\u00e9s, en un recorrido marcado por el paisaje de la costa de la capital dominicana.<\/p>\n\n\n\n<p><strong>HOMENAJE A PUERTO PLATA<\/strong><\/p>\n\n\n<div class=\"wp-block-image\">\n<figure class=\"alignleft\"><img decoding=\"async\" src=\"https:\/\/almomento.net\/wp-content\/uploads\/2026\/03\/Carnaval-2.jpg\" alt=\"\" class=\"wp-image-1105537\" \/><\/figure>\n<\/div>\n\n\n<p>En esta ocasi\u00f3n, el pasacalle rindi\u00f3 homenaje a la provincia de Puerto Plata, cuna de los carnavales m\u00e1s t\u00edpicos del pa\u00eds, en reconocimiento a su identidad cultural que se caracteriza por su v\u00ednculo con el mar y por el \u00abTaim\u00e1scaro\u00bb (palabra resultado de la uni\u00f3n entre ta\u00edno y enmascarado), un personaje creado en 1991 como emblema de esa demarcaci\u00f3n.<\/p>\n\n\n\n<p>\u00abNuestra identidad de Puerto Plata se llama Taim\u00e1scaro. Tenemos 35 a\u00f1os como fundaci\u00f3n, hemos llegado al Desfile Nacional y nos vamos a llevar todos los premios\u00bb, indica a EFE Alexis Castillo, del grupo Tureyro.<\/p>\n\n\n\n<p>El disfraz de su grupo representa las tres culturas que conforman la identidad dominicana: blanca, africana y abor\u00edgen, indica D\u00f3minic Rodr\u00edguez, integrante de la misma comparsa.<\/p>\n\n\n\n<p>\u00abEn el babero y en la capa representamos a los reyes espa\u00f1oles; los pa\u00f1uelos son las Siete Potencias o deidades del Vud\u00fa y el taparrabos, el cintur\u00f3n y las m\u00e1scaras son ta\u00ednas\u00bb, detalla Castillo, quien a\u00f1ade que la confecci\u00f3n del traje dura aproximadamente entre cuatro y seis meses.<\/p>\n\n\n\n<p>\u00abSomos ta\u00ednos, nosotros llevamos historia. No venimos simplemente aqu\u00ed a disfrazarnos, aparte de gozar, venimos aqu\u00ed a llevar nuestra historia\u00bb, se\u00f1ala Castillo.<\/p>\n\n\n\n<p>\u00abEsto uno no lo hace por ganar premios, esto lo hace uno porque lo lleva en la sangre\u00bb, concluye.<\/p>\n\n\n\n<p>Tambi\u00e9n desde Puerto Plata, Christofer Rodr\u00edguez, de la comparsa Bayaj\u00e1, se\u00f1ala que \u00abse disfruta mucho\u00bb recorrer las calles de Santo Domingo vestido con los disfraces.<\/p>\n\n\n\n<p><strong>COMPARSAS DE DISTINTOS PUNTOS DEL PA\u00cdS<\/strong><\/p>\n\n\n\n<p>Bajo las palmeras del malec\u00f3n de Santo Domingo centenares de personas se agolpaban para ver el desfile que dur\u00f3 varias horas y cont\u00f3 con la presencia de comparsas de distintos puntos del pa\u00eds.<\/p>\n\n\n\n<p>\u00abEl desfile es muy lindo. Lo estamos pasando bien con la familia y compartiendo el tiempo. Ten\u00eda ganas de ver a (las comparsas) de la provincia de La Vega\u00bb, dice Miguel V\u00e9lasques, un salvadore\u00f1o residente en Florida que ha podido asistir al desfile.<\/p>\n\n\n\n<p>En esta edici\u00f3n, el rey del desfile fue el fot\u00f3grafo dominicano Mariano Hern\u00e1ndez, mientras que la reina fue Zoila Luna, referente de la televisi\u00f3n y la radio nacional del pa\u00eds caribe\u00f1o. EFE<\/p>\n\n\n\n<p>pma\/rao\/<\/p>\n","protected":false},"excerpt":{"rendered":"<p>Santo Domingo, 15 mar (EFE).- La capital de la Rep\u00fablica Dominicana vivi\u00f3 un gran d\u00eda de fiesta este domingo en la celebraci\u00f3n del Desfile Nacional de Carnaval de este a\u00f1o, en el que participaron alrededor de 180 comparsas y miles de carnavaleros y que rindi\u00f3 tributo a la cultura de las carnestolendas de la provincia de Puerto Plata. Disfraces de todo tipo de colores y la m\u00fasica de tambores, merengue y reggaet\u00f3n, colorearon el malec\u00f3n de Santo Domingo, donde tuvo lugar el desfile, que cont\u00f3 con un amplio dispositivo de seguridad formado por m\u00e1s de 900 miembros de los cuerpos militares, policiales y de orden p\u00fablico. Artistas, m\u00fasicos, bailarines y artesanos participaron en la celebraci\u00f3n de esta fiesta que parti\u00f3 desde el emblem\u00e1tico obelisco de Santo Domingo y finaliz\u00f3 dos kil\u00f3metros y medio despu\u00e9s, en un recorrido marcado por el paisaje de la costa de la capital dominicana. HOMENAJE A PUERTO PLATA En esta ocasi\u00f3n, el pasacalle rindi\u00f3 homenaje a la provincia de Puerto Plata, cuna de los carnavales m\u00e1s t\u00edpicos del pa\u00eds, en reconocimiento a su identidad cultural que se caracteriza por su v\u00ednculo con el mar y por el \u00abTaim\u00e1scaro\u00bb (palabra resultado de la uni\u00f3n entre ta\u00edno y enmascarado), un personaje creado en 1991 como emblema de esa demarcaci\u00f3n. \u00abNuestra identidad de Puerto Plata se llama Taim\u00e1scaro. Tenemos 35 a\u00f1os como fundaci\u00f3n, hemos llegado al Desfile Nacional y nos vamos a llevar todos los premios\u00bb, indica a EFE Alexis Castillo, del grupo Tureyro. El disfraz de su grupo representa las tres culturas que conforman la identidad dominicana: blanca, africana y abor\u00edgen, indica D\u00f3minic Rodr\u00edguez, integrante de la misma comparsa. \u00abEn el babero y en la capa representamos a los reyes espa\u00f1oles; los pa\u00f1uelos son las Siete Potencias o deidades del Vud\u00fa y el taparrabos, el cintur\u00f3n y las m\u00e1scaras son ta\u00ednas\u00bb, detalla Castillo, quien a\u00f1ade que la confecci\u00f3n del traje dura aproximadamente entre cuatro y seis meses. \u00abSomos ta\u00ednos, nosotros llevamos historia. No venimos simplemente aqu\u00ed a disfrazarnos, aparte de gozar, venimos aqu\u00ed a llevar nuestra historia\u00bb, se\u00f1ala Castillo. \u00abEsto uno no lo hace por ganar premios, esto lo hace uno porque lo lleva en la sangre\u00bb, concluye. Tambi\u00e9n desde Puerto Plata, Christofer Rodr\u00edguez, de la comparsa Bayaj\u00e1, se\u00f1ala que \u00abse disfruta mucho\u00bb recorrer las calles de Santo Domingo vestido con los disfraces. COMPARSAS DE DISTINTOS PUNTOS DEL PA\u00cdS Bajo las palmeras del malec\u00f3n de Santo Domingo centenares de personas se agolpaban para ver el desfile que dur\u00f3 varias horas y cont\u00f3 con la presencia de comparsas de distintos puntos del pa\u00eds. \u00abEl desfile es muy lindo. Lo estamos pasando bien con la familia y compartiendo el tiempo. Ten\u00eda ganas de ver a (las comparsas) de la provincia de La Vega\u00bb, dice Miguel V\u00e9lasques, un salvadore\u00f1o residente en Florida que ha podido asistir al desfile. En esta edici\u00f3n, el rey del desfile fue el fot\u00f3grafo dominicano Mariano Hern\u00e1ndez, mientras que la reina fue Zoila Luna, referente de la televisi\u00f3n y la radio nacional del pa\u00eds caribe\u00f1o. EFE pma\/rao\/<\/p>\n","protected":false},"author":9,"featured_media":110644,"comment_status":"closed","ping_status":"closed","sticky":false,"template":"","format":"standard","meta":{"advanced_seo_description":"","jetpack_seo_html_title":"","jetpack_seo_noindex":false,"_jetpack_memberships_contains_paid_content":false,"footnotes":"","jetpack_publicize_message":"","jetpack_publicize_feature_enabled":true,"jetpack_social_post_already_shared":true,"jetpack_social_options":{"image_generator_settings":{"template":"highway","default_image_id":0,"font":"","enabled":false},"version":2}},"categories":[4],"tags":[],"class_list":["post-110643","post","type-post","status-publish","format-standard","has-post-thumbnail","hentry","category-entretenimiento"],"jetpack_publicize_connections":[],"jetpack_featured_media_url":"https:\/\/sosuaonline.net\/inicio\/wp-content\/uploads\/2026\/03\/Carnaval-1-300x189-1.jpg","jetpack_sharing_enabled":true,"_links":{"self":[{"href":"https:\/\/sosuaonline.net\/inicio\/wp-json\/wp\/v2\/posts\/110643","targetHints":{"allow":["GET"]}}],"collection":[{"href":"https:\/\/sosuaonline.net\/inicio\/wp-json\/wp\/v2\/posts"}],"about":[{"href":"https:\/\/sosuaonline.net\/inicio\/wp-json\/wp\/v2\/types\/post"}],"author":[{"embeddable":true,"href":"https:\/\/sosuaonline.net\/inicio\/wp-json\/wp\/v2\/users\/9"}],"replies":[{"embeddable":true,"href":"https:\/\/sosuaonline.net\/inicio\/wp-json\/wp\/v2\/comments?post=110643"}],"version-history":[{"count":1,"href":"https:\/\/sosuaonline.net\/inicio\/wp-json\/wp\/v2\/posts\/110643\/revisions"}],"predecessor-version":[{"id":110645,"href":"https:\/\/sosuaonline.net\/inicio\/wp-json\/wp\/v2\/posts\/110643\/revisions\/110645"}],"wp:featuredmedia":[{"embeddable":true,"href":"https:\/\/sosuaonline.net\/inicio\/wp-json\/wp\/v2\/media\/110644"}],"wp:attachment":[{"href":"https:\/\/sosuaonline.net\/inicio\/wp-json\/wp\/v2\/media?parent=110643"}],"wp:term":[{"taxonomy":"category","embeddable":true,"href":"https:\/\/sosuaonline.net\/inicio\/wp-json\/wp\/v2\/categories?post=110643"},{"taxonomy":"post_tag","embeddable":true,"href":"https:\/\/sosuaonline.net\/inicio\/wp-json\/wp\/v2\/tags?post=110643"}],"curies":[{"name":"wp","href":"https:\/\/api.w.org\/{rel}","templated":true}]}}