{"id":110750,"date":"2026-03-22T17:07:37","date_gmt":"2026-03-22T21:07:37","guid":{"rendered":"https:\/\/sosuaonline.net\/inicio\/?p=110750"},"modified":"2026-03-22T17:07:37","modified_gmt":"2026-03-22T21:07:37","slug":"foro-empresarial-de-puerto-plata-2026","status":"publish","type":"post","link":"https:\/\/sosuaonline.net\/inicio\/foro-empresarial-de-puerto-plata-2026\/","title":{"rendered":"Foro Empresarial de Puerto Plata 2026"},"content":{"rendered":"<div class=\"articleleft\">\n<p><a href=\"https:\/\/sosuaonline.net\/inicio\/wp-content\/uploads\/2026\/03\/sosua.jpg\"><img loading=\"lazy\" decoding=\"async\" data-attachment-id=\"110751\" data-permalink=\"https:\/\/sosuaonline.net\/inicio\/foro-empresarial-de-puerto-plata-2026\/sosua-5\/\" data-orig-file=\"https:\/\/sosuaonline.net\/inicio\/wp-content\/uploads\/2026\/03\/sosua.jpg\" data-orig-size=\"463,418\" data-comments-opened=\"0\" data-image-meta=\"{&quot;aperture&quot;:&quot;0&quot;,&quot;credit&quot;:&quot;supervisor&quot;,&quot;camera&quot;:&quot;&quot;,&quot;caption&quot;:&quot;&quot;,&quot;created_timestamp&quot;:&quot;1774188719&quot;,&quot;copyright&quot;:&quot;&quot;,&quot;focal_length&quot;:&quot;0&quot;,&quot;iso&quot;:&quot;0&quot;,&quot;shutter_speed&quot;:&quot;0&quot;,&quot;title&quot;:&quot;&quot;,&quot;orientation&quot;:&quot;0&quot;}\" data-image-title=\"sosua\" data-image-description=\"\" data-image-caption=\"\" data-medium-file=\"https:\/\/sosuaonline.net\/inicio\/wp-content\/uploads\/2026\/03\/sosua-300x271.jpg\" data-large-file=\"https:\/\/sosuaonline.net\/inicio\/wp-content\/uploads\/2026\/03\/sosua.jpg\" class=\"aligncenter size-full wp-image-110751\" src=\"https:\/\/sosuaonline.net\/inicio\/wp-content\/uploads\/2026\/03\/sosua.jpg\" alt=\"\" width=\"463\" height=\"418\" srcset=\"https:\/\/sosuaonline.net\/inicio\/wp-content\/uploads\/2026\/03\/sosua.jpg 463w, https:\/\/sosuaonline.net\/inicio\/wp-content\/uploads\/2026\/03\/sosua-300x271.jpg 300w\" sizes=\"auto, (max-width: 463px) 100vw, 463px\" \/><\/a>Puerto Plata.- Durante el Foro Empresarial de Puerto Plata 2026, celebrado recientemente, qued\u00f3 claro una vez m\u00e1s que un evento como este permite a todos seguir coordinando esfuerzos entre el sector privado y los actores clave en el desarrollo tur\u00edstico.<\/p>\n<p>Durante el Foro 2026, importantes autoridades y figuras destacadas se reunieron para desempe\u00f1ar un papel clave en el desarrollo institucional y social de todo el pa\u00eds. Naturalmente, estuvo presente la Gobernadora de Puerto Plata, Claritza Rochte, as\u00ed como numerosas personalidades de la base a\u00e9rea, periodistas y representantes de diversas asociaciones tur\u00edsticas.<\/p>\n<p>&nbsp;<\/p>\n<p>Estas reuniones fortalecieron el di\u00e1logo, la cooperaci\u00f3n y las alianzas necesarias para impulsar a\u00fan m\u00e1s el desarrollo de la provincia de Puerto Plata y de la Rep\u00fablica Dominicana. Todos continuaron trabajando por el futuro del turismo en la provincia, as\u00ed como por las oportunidades que siguen consolidando a Puerto Plata como uno de los principales destinos del pa\u00eds.<\/p>\n<p>Adem\u00e1s, fue un placer ver a las talentosas emprendedoras de Sos\u00faa Emprende durante el Foro. \u00a1Sos\u00faa sigue demostrando su talento, visi\u00f3n y ambici\u00f3n!<\/p>\n<p>&nbsp;<\/p>\n<\/div>\n","protected":false},"excerpt":{"rendered":"<p>Puerto Plata.- Durante el Foro Empresarial de Puerto Plata 2026, celebrado recientemente, qued\u00f3 claro una vez m\u00e1s que un evento como este permite a todos seguir coordinando esfuerzos entre el sector privado y los actores clave en el desarrollo tur\u00edstico. Durante el Foro 2026, importantes autoridades y figuras destacadas se reunieron para desempe\u00f1ar un papel clave en el desarrollo institucional y social de todo el pa\u00eds. Naturalmente, estuvo presente la Gobernadora de Puerto Plata, Claritza Rochte, as\u00ed como numerosas personalidades de la base a\u00e9rea, periodistas y representantes de diversas asociaciones tur\u00edsticas. &nbsp; Estas reuniones fortalecieron el di\u00e1logo, la cooperaci\u00f3n y las alianzas necesarias para impulsar a\u00fan m\u00e1s el desarrollo de la provincia de Puerto Plata y de la Rep\u00fablica Dominicana. Todos continuaron trabajando por el futuro del turismo en la provincia, as\u00ed como por las oportunidades que siguen consolidando a Puerto Plata como uno de los principales destinos del pa\u00eds. Adem\u00e1s, fue un placer ver a las talentosas emprendedoras de Sos\u00faa Emprende durante el Foro. \u00a1Sos\u00faa sigue demostrando su talento, visi\u00f3n y ambici\u00f3n! &nbsp;<\/p>\n","protected":false},"author":12,"featured_media":110751,"comment_status":"closed","ping_status":"closed","sticky":false,"template":"","format":"standard","meta":{"advanced_seo_description":"","jetpack_seo_html_title":"","jetpack_seo_noindex":false,"_jetpack_memberships_contains_paid_content":false,"footnotes":"","jetpack_publicize_message":"","jetpack_publicize_feature_enabled":true,"jetpack_social_post_already_shared":false,"jetpack_social_options":{"image_generator_settings":{"template":"highway","default_image_id":0,"font":"","enabled":false},"version":2}},"categories":[88],"tags":[],"class_list":["post-110750","post","type-post","status-publish","format-standard","has-post-thumbnail","hentry","category-noticias"],"jetpack_publicize_connections":[],"jetpack_featured_media_url":"https:\/\/sosuaonline.net\/inicio\/wp-content\/uploads\/2026\/03\/sosua.jpg","jetpack_sharing_enabled":true,"_links":{"self":[{"href":"https:\/\/sosuaonline.net\/inicio\/wp-json\/wp\/v2\/posts\/110750","targetHints":{"allow":["GET"]}}],"collection":[{"href":"https:\/\/sosuaonline.net\/inicio\/wp-json\/wp\/v2\/posts"}],"about":[{"href":"https:\/\/sosuaonline.net\/inicio\/wp-json\/wp\/v2\/types\/post"}],"author":[{"embeddable":true,"href":"https:\/\/sosuaonline.net\/inicio\/wp-json\/wp\/v2\/users\/12"}],"replies":[{"embeddable":true,"href":"https:\/\/sosuaonline.net\/inicio\/wp-json\/wp\/v2\/comments?post=110750"}],"version-history":[{"count":1,"href":"https:\/\/sosuaonline.net\/inicio\/wp-json\/wp\/v2\/posts\/110750\/revisions"}],"predecessor-version":[{"id":110752,"href":"https:\/\/sosuaonline.net\/inicio\/wp-json\/wp\/v2\/posts\/110750\/revisions\/110752"}],"wp:featuredmedia":[{"embeddable":true,"href":"https:\/\/sosuaonline.net\/inicio\/wp-json\/wp\/v2\/media\/110751"}],"wp:attachment":[{"href":"https:\/\/sosuaonline.net\/inicio\/wp-json\/wp\/v2\/media?parent=110750"}],"wp:term":[{"taxonomy":"category","embeddable":true,"href":"https:\/\/sosuaonline.net\/inicio\/wp-json\/wp\/v2\/categories?post=110750"},{"taxonomy":"post_tag","embeddable":true,"href":"https:\/\/sosuaonline.net\/inicio\/wp-json\/wp\/v2\/tags?post=110750"}],"curies":[{"name":"wp","href":"https:\/\/api.w.org\/{rel}","templated":true}]}}