{"id":110753,"date":"2026-03-22T17:16:34","date_gmt":"2026-03-22T21:16:34","guid":{"rendered":"https:\/\/sosuaonline.net\/inicio\/?p=110753"},"modified":"2026-03-22T17:16:34","modified_gmt":"2026-03-22T21:16:34","slug":"sosua-da-la-bienvenida-a-la-primavera","status":"publish","type":"post","link":"https:\/\/sosuaonline.net\/inicio\/sosua-da-la-bienvenida-a-la-primavera\/","title":{"rendered":"Sos\u00faa da la bienvenida a la primavera."},"content":{"rendered":"<p>El Batey, Sos\u00faa. &#8211; La Escuela Gregorio Luper\u00f3n de Sos\u00faa dio la bienvenida a la primavera con un desfile lleno de vida y color. La primavera comienza el 21 de marzo, y la escuela quiso destacar este d\u00eda. Los alumnos marcharon con entusiasmo por el centro de El Batey Sos\u00faa.<\/p>\n<p><a href=\"https:\/\/sosuaonline.net\/inicio\/wp-content\/uploads\/2026\/03\/03-21_2.jpg\"><img loading=\"lazy\" decoding=\"async\" data-attachment-id=\"110754\" data-permalink=\"https:\/\/sosuaonline.net\/inicio\/sosua-da-la-bienvenida-a-la-primavera\/03-21_2\/\" data-orig-file=\"https:\/\/sosuaonline.net\/inicio\/wp-content\/uploads\/2026\/03\/03-21_2.jpg\" data-orig-size=\"1200,900\" data-comments-opened=\"0\" data-image-meta=\"{&quot;aperture&quot;:&quot;0&quot;,&quot;credit&quot;:&quot;&quot;,&quot;camera&quot;:&quot;&quot;,&quot;caption&quot;:&quot;&quot;,&quot;created_timestamp&quot;:&quot;0&quot;,&quot;copyright&quot;:&quot;&quot;,&quot;focal_length&quot;:&quot;0&quot;,&quot;iso&quot;:&quot;0&quot;,&quot;shutter_speed&quot;:&quot;0&quot;,&quot;title&quot;:&quot;&quot;,&quot;orientation&quot;:&quot;0&quot;}\" data-image-title=\"03-21_2\" data-image-description=\"\" data-image-caption=\"\" data-medium-file=\"https:\/\/sosuaonline.net\/inicio\/wp-content\/uploads\/2026\/03\/03-21_2-300x225.jpg\" data-large-file=\"https:\/\/sosuaonline.net\/inicio\/wp-content\/uploads\/2026\/03\/03-21_2-1024x768.jpg\" class=\"aligncenter size-full wp-image-110754\" src=\"https:\/\/sosuaonline.net\/inicio\/wp-content\/uploads\/2026\/03\/03-21_2.jpg\" alt=\"\" width=\"1200\" height=\"900\" srcset=\"https:\/\/sosuaonline.net\/inicio\/wp-content\/uploads\/2026\/03\/03-21_2.jpg 1200w, https:\/\/sosuaonline.net\/inicio\/wp-content\/uploads\/2026\/03\/03-21_2-300x225.jpg 300w, https:\/\/sosuaonline.net\/inicio\/wp-content\/uploads\/2026\/03\/03-21_2-1024x768.jpg 1024w, https:\/\/sosuaonline.net\/inicio\/wp-content\/uploads\/2026\/03\/03-21_2-768x576.jpg 768w\" sizes=\"auto, (max-width: 1200px) 100vw, 1200px\" \/><\/a><\/p>\n<p>Ataviados con disfraces inspirados en la temporada, participaron en una actividad que fomentaba la creatividad, el trabajo en equipo y la sed de conocimiento. Esta iniciativa fortalece los valores, promueve el sentido de comunidad y cultiva el aprecio por las tradiciones en el aula.<\/p>\n<p><a href=\"https:\/\/sosuaonline.net\/inicio\/wp-content\/uploads\/2026\/03\/03-21_1.jpg\"><img loading=\"lazy\" decoding=\"async\" data-attachment-id=\"110755\" data-permalink=\"https:\/\/sosuaonline.net\/inicio\/sosua-da-la-bienvenida-a-la-primavera\/03-21_1\/\" data-orig-file=\"https:\/\/sosuaonline.net\/inicio\/wp-content\/uploads\/2026\/03\/03-21_1.jpg\" data-orig-size=\"900,718\" data-comments-opened=\"0\" data-image-meta=\"{&quot;aperture&quot;:&quot;0&quot;,&quot;credit&quot;:&quot;&quot;,&quot;camera&quot;:&quot;&quot;,&quot;caption&quot;:&quot;&quot;,&quot;created_timestamp&quot;:&quot;0&quot;,&quot;copyright&quot;:&quot;&quot;,&quot;focal_length&quot;:&quot;0&quot;,&quot;iso&quot;:&quot;0&quot;,&quot;shutter_speed&quot;:&quot;0&quot;,&quot;title&quot;:&quot;&quot;,&quot;orientation&quot;:&quot;0&quot;}\" data-image-title=\"03-21_1\" data-image-description=\"\" data-image-caption=\"\" data-medium-file=\"https:\/\/sosuaonline.net\/inicio\/wp-content\/uploads\/2026\/03\/03-21_1-300x239.jpg\" data-large-file=\"https:\/\/sosuaonline.net\/inicio\/wp-content\/uploads\/2026\/03\/03-21_1.jpg\" class=\"aligncenter size-full wp-image-110755\" src=\"https:\/\/sosuaonline.net\/inicio\/wp-content\/uploads\/2026\/03\/03-21_1.jpg\" alt=\"\" width=\"900\" height=\"718\" srcset=\"https:\/\/sosuaonline.net\/inicio\/wp-content\/uploads\/2026\/03\/03-21_1.jpg 900w, https:\/\/sosuaonline.net\/inicio\/wp-content\/uploads\/2026\/03\/03-21_1-300x239.jpg 300w, https:\/\/sosuaonline.net\/inicio\/wp-content\/uploads\/2026\/03\/03-21_1-768x613.jpg 768w\" sizes=\"auto, (max-width: 900px) 100vw, 900px\" \/><\/a><\/p>\n","protected":false},"excerpt":{"rendered":"<p>El Batey, Sos\u00faa. &#8211; La Escuela Gregorio Luper\u00f3n de Sos\u00faa dio la bienvenida a la primavera con un desfile lleno de vida y color. La primavera comienza el 21 de marzo, y la escuela quiso destacar este d\u00eda. Los alumnos marcharon con entusiasmo por el centro de El Batey Sos\u00faa. Ataviados con disfraces inspirados en la temporada, participaron en una actividad que fomentaba la creatividad, el trabajo en equipo y la sed de conocimiento. Esta iniciativa fortalece los valores, promueve el sentido de comunidad y cultiva el aprecio por las tradiciones en el aula.<\/p>\n","protected":false},"author":12,"featured_media":110754,"comment_status":"closed","ping_status":"closed","sticky":false,"template":"","format":"standard","meta":{"advanced_seo_description":"","jetpack_seo_html_title":"","jetpack_seo_noindex":false,"_jetpack_memberships_contains_paid_content":false,"footnotes":"","jetpack_publicize_message":"","jetpack_publicize_feature_enabled":true,"jetpack_social_post_already_shared":false,"jetpack_social_options":{"image_generator_settings":{"template":"highway","default_image_id":0,"font":"","enabled":false},"version":2}},"categories":[3],"tags":[],"class_list":["post-110753","post","type-post","status-publish","format-standard","has-post-thumbnail","hentry","category-sosua-en-el-mundo"],"jetpack_publicize_connections":[],"jetpack_featured_media_url":"https:\/\/sosuaonline.net\/inicio\/wp-content\/uploads\/2026\/03\/03-21_2.jpg","jetpack_sharing_enabled":true,"_links":{"self":[{"href":"https:\/\/sosuaonline.net\/inicio\/wp-json\/wp\/v2\/posts\/110753","targetHints":{"allow":["GET"]}}],"collection":[{"href":"https:\/\/sosuaonline.net\/inicio\/wp-json\/wp\/v2\/posts"}],"about":[{"href":"https:\/\/sosuaonline.net\/inicio\/wp-json\/wp\/v2\/types\/post"}],"author":[{"embeddable":true,"href":"https:\/\/sosuaonline.net\/inicio\/wp-json\/wp\/v2\/users\/12"}],"replies":[{"embeddable":true,"href":"https:\/\/sosuaonline.net\/inicio\/wp-json\/wp\/v2\/comments?post=110753"}],"version-history":[{"count":1,"href":"https:\/\/sosuaonline.net\/inicio\/wp-json\/wp\/v2\/posts\/110753\/revisions"}],"predecessor-version":[{"id":110756,"href":"https:\/\/sosuaonline.net\/inicio\/wp-json\/wp\/v2\/posts\/110753\/revisions\/110756"}],"wp:featuredmedia":[{"embeddable":true,"href":"https:\/\/sosuaonline.net\/inicio\/wp-json\/wp\/v2\/media\/110754"}],"wp:attachment":[{"href":"https:\/\/sosuaonline.net\/inicio\/wp-json\/wp\/v2\/media?parent=110753"}],"wp:term":[{"taxonomy":"category","embeddable":true,"href":"https:\/\/sosuaonline.net\/inicio\/wp-json\/wp\/v2\/categories?post=110753"},{"taxonomy":"post_tag","embeddable":true,"href":"https:\/\/sosuaonline.net\/inicio\/wp-json\/wp\/v2\/tags?post=110753"}],"curies":[{"name":"wp","href":"https:\/\/api.w.org\/{rel}","templated":true}]}}