{"id":110758,"date":"2026-03-23T07:37:51","date_gmt":"2026-03-23T11:37:51","guid":{"rendered":"https:\/\/sosuaonline.net\/inicio\/?p=110758"},"modified":"2026-03-23T07:37:51","modified_gmt":"2026-03-23T11:37:51","slug":"ministro-de-educacion-encabeza-reunion-para-nuevo-ano-escolar","status":"publish","type":"post","link":"https:\/\/sosuaonline.net\/inicio\/ministro-de-educacion-encabeza-reunion-para-nuevo-ano-escolar\/","title":{"rendered":"Ministro de Educaci\u00f3n encabeza reuni\u00f3n para nuevo a\u00f1o escolar"},"content":{"rendered":"<p><img loading=\"lazy\" decoding=\"async\" data-attachment-id=\"110759\" data-permalink=\"https:\/\/sosuaonline.net\/inicio\/ministro-de-educacion-encabeza-reunion-para-nuevo-ano-escolar\/decamps-300x169\/\" data-orig-file=\"https:\/\/sosuaonline.net\/inicio\/wp-content\/uploads\/2026\/03\/decamps-300x169-1.jpg\" data-orig-size=\"300,169\" data-comments-opened=\"0\" data-image-meta=\"{&quot;aperture&quot;:&quot;0&quot;,&quot;credit&quot;:&quot;&quot;,&quot;camera&quot;:&quot;&quot;,&quot;caption&quot;:&quot;&quot;,&quot;created_timestamp&quot;:&quot;0&quot;,&quot;copyright&quot;:&quot;&quot;,&quot;focal_length&quot;:&quot;0&quot;,&quot;iso&quot;:&quot;0&quot;,&quot;shutter_speed&quot;:&quot;0&quot;,&quot;title&quot;:&quot;&quot;,&quot;orientation&quot;:&quot;0&quot;}\" data-image-title=\"decamps-300&amp;#215;169\" data-image-description=\"\" data-image-caption=\"\" data-medium-file=\"https:\/\/sosuaonline.net\/inicio\/wp-content\/uploads\/2026\/03\/decamps-300x169-1.jpg\" data-large-file=\"https:\/\/sosuaonline.net\/inicio\/wp-content\/uploads\/2026\/03\/decamps-300x169-1.jpg\" class=\"size-full wp-image-110759 alignleft\" src=\"https:\/\/sosuaonline.net\/inicio\/wp-content\/uploads\/2026\/03\/decamps-300x169-1.jpg\" alt=\"\" width=\"300\" height=\"169\" \/>SANTO DOMINGO. \u2013 El ministro de Educaci\u00f3n, Luis Miguel De Camps, encabez\u00f3 la tercera reuni\u00f3n de la Comisi\u00f3n Especial para la Apertura del A\u00f1o Escolar 2026-2027, como parte del seguimiento continuo a los trabajos de planificaci\u00f3n y organizaci\u00f3n del pr\u00f3ximo per\u00edodo lectivo.<\/p>\n<p>Durante el encuentro, las distintas subcomisiones presentaron avances en las tareas asignadas, permitiendo evaluar el progreso de los planes de acci\u00f3n y afinar los detalles necesarios para garantizar una apertura escolar oportuna y en condiciones adecuadas en el pa\u00eds.<\/p>\n<p>La jornada de trabajo estuvo enfocada en la revisi\u00f3n de los hitos establecidos, la validaci\u00f3n de cronogramas y la articulaci\u00f3n interinstitucional, a fin de asegurar el cumplimiento de cada uno de los componentes estrat\u00e9gicos definidos para este proceso.<\/p>\n<p><strong>IMPLEMENTACI\u00d3N DE HOJA DE RUTA<\/strong><\/p>\n<p>La Comisi\u00f3n Especial, creada mediante la Orden Departamental 04-2026, contin\u00faa avanzando en la implementaci\u00f3n de una hoja de ruta estructurada, que busca asegurar una apertura escolar organizada, articulada y centrada en el bienestar de la comunidad educativa.<\/p>\n<p>En la reuni\u00f3n participaron representantes de los distintos viceministerios, direcciones t\u00e9cnicas y entidades adscritas al Ministerio de Educaci\u00f3n, quienes forman parte de las mesas de trabajo encargadas de dar seguimiento a cada eje estrat\u00e9gico.<\/p>\n<p>agl\/of-am<\/p>\n","protected":false},"excerpt":{"rendered":"<p>SANTO DOMINGO. \u2013 El ministro de Educaci\u00f3n, Luis Miguel De Camps, encabez\u00f3 la tercera reuni\u00f3n de la Comisi\u00f3n Especial para la Apertura del A\u00f1o Escolar 2026-2027, como parte del seguimiento continuo a los trabajos de planificaci\u00f3n y organizaci\u00f3n del pr\u00f3ximo per\u00edodo lectivo. Durante el encuentro, las distintas subcomisiones presentaron avances en las tareas asignadas, permitiendo evaluar el progreso de los planes de acci\u00f3n y afinar los detalles necesarios para garantizar una apertura escolar oportuna y en condiciones adecuadas en el pa\u00eds. La jornada de trabajo estuvo enfocada en la revisi\u00f3n de los hitos establecidos, la validaci\u00f3n de cronogramas y la articulaci\u00f3n interinstitucional, a fin de asegurar el cumplimiento de cada uno de los componentes estrat\u00e9gicos definidos para este proceso. IMPLEMENTACI\u00d3N DE HOJA DE RUTA La Comisi\u00f3n Especial, creada mediante la Orden Departamental 04-2026, contin\u00faa avanzando en la implementaci\u00f3n de una hoja de ruta estructurada, que busca asegurar una apertura escolar organizada, articulada y centrada en el bienestar de la comunidad educativa. En la reuni\u00f3n participaron representantes de los distintos viceministerios, direcciones t\u00e9cnicas y entidades adscritas al Ministerio de Educaci\u00f3n, quienes forman parte de las mesas de trabajo encargadas de dar seguimiento a cada eje estrat\u00e9gico. agl\/of-am<\/p>\n","protected":false},"author":9,"featured_media":110759,"comment_status":"closed","ping_status":"closed","sticky":false,"template":"","format":"standard","meta":{"advanced_seo_description":"","jetpack_seo_html_title":"","jetpack_seo_noindex":false,"_jetpack_memberships_contains_paid_content":false,"footnotes":"","jetpack_publicize_message":"","jetpack_publicize_feature_enabled":true,"jetpack_social_post_already_shared":false,"jetpack_social_options":{"image_generator_settings":{"template":"highway","default_image_id":0,"font":"","enabled":false},"version":2}},"categories":[459],"tags":[],"class_list":["post-110758","post","type-post","status-publish","format-standard","has-post-thumbnail","hentry","category-educacion"],"jetpack_publicize_connections":[],"jetpack_featured_media_url":"https:\/\/sosuaonline.net\/inicio\/wp-content\/uploads\/2026\/03\/decamps-300x169-1.jpg","jetpack_sharing_enabled":true,"_links":{"self":[{"href":"https:\/\/sosuaonline.net\/inicio\/wp-json\/wp\/v2\/posts\/110758","targetHints":{"allow":["GET"]}}],"collection":[{"href":"https:\/\/sosuaonline.net\/inicio\/wp-json\/wp\/v2\/posts"}],"about":[{"href":"https:\/\/sosuaonline.net\/inicio\/wp-json\/wp\/v2\/types\/post"}],"author":[{"embeddable":true,"href":"https:\/\/sosuaonline.net\/inicio\/wp-json\/wp\/v2\/users\/9"}],"replies":[{"embeddable":true,"href":"https:\/\/sosuaonline.net\/inicio\/wp-json\/wp\/v2\/comments?post=110758"}],"version-history":[{"count":1,"href":"https:\/\/sosuaonline.net\/inicio\/wp-json\/wp\/v2\/posts\/110758\/revisions"}],"predecessor-version":[{"id":110760,"href":"https:\/\/sosuaonline.net\/inicio\/wp-json\/wp\/v2\/posts\/110758\/revisions\/110760"}],"wp:featuredmedia":[{"embeddable":true,"href":"https:\/\/sosuaonline.net\/inicio\/wp-json\/wp\/v2\/media\/110759"}],"wp:attachment":[{"href":"https:\/\/sosuaonline.net\/inicio\/wp-json\/wp\/v2\/media?parent=110758"}],"wp:term":[{"taxonomy":"category","embeddable":true,"href":"https:\/\/sosuaonline.net\/inicio\/wp-json\/wp\/v2\/categories?post=110758"},{"taxonomy":"post_tag","embeddable":true,"href":"https:\/\/sosuaonline.net\/inicio\/wp-json\/wp\/v2\/tags?post=110758"}],"curies":[{"name":"wp","href":"https:\/\/api.w.org\/{rel}","templated":true}]}}