{"id":110762,"date":"2026-03-23T07:41:29","date_gmt":"2026-03-23T11:41:29","guid":{"rendered":"https:\/\/sosuaonline.net\/inicio\/?p=110762"},"modified":"2026-03-23T07:41:29","modified_gmt":"2026-03-23T11:41:29","slug":"abinader-viaja-este-lunes-a-paris-a-cumplir-una-agenda-de-2-dias","status":"publish","type":"post","link":"https:\/\/sosuaonline.net\/inicio\/abinader-viaja-este-lunes-a-paris-a-cumplir-una-agenda-de-2-dias\/","title":{"rendered":"Abinader viaja este lunes a Par\u00eds a cumplir una agenda de 2 d\u00edas"},"content":{"rendered":"<p dir=\"auto\"><img loading=\"lazy\" decoding=\"async\" data-attachment-id=\"110763\" data-permalink=\"https:\/\/sosuaonline.net\/inicio\/abinader-viaja-este-lunes-a-paris-a-cumplir-una-agenda-de-2-dias\/abinader-saliendo-a-mexico\/\" data-orig-file=\"https:\/\/sosuaonline.net\/inicio\/wp-content\/uploads\/2026\/03\/Abinader-saliendo-a-Mexico.jpeg\" data-orig-size=\"1300,731\" data-comments-opened=\"0\" data-image-meta=\"{&quot;aperture&quot;:&quot;0&quot;,&quot;credit&quot;:&quot;&quot;,&quot;camera&quot;:&quot;&quot;,&quot;caption&quot;:&quot;&quot;,&quot;created_timestamp&quot;:&quot;0&quot;,&quot;copyright&quot;:&quot;&quot;,&quot;focal_length&quot;:&quot;0&quot;,&quot;iso&quot;:&quot;0&quot;,&quot;shutter_speed&quot;:&quot;0&quot;,&quot;title&quot;:&quot;&quot;,&quot;orientation&quot;:&quot;0&quot;}\" data-image-title=\"Abinader-saliendo-a-Mexico\" data-image-description=\"\" data-image-caption=\"\" data-medium-file=\"https:\/\/sosuaonline.net\/inicio\/wp-content\/uploads\/2026\/03\/Abinader-saliendo-a-Mexico-300x169.jpeg\" data-large-file=\"https:\/\/sosuaonline.net\/inicio\/wp-content\/uploads\/2026\/03\/Abinader-saliendo-a-Mexico-1024x576.jpeg\" class=\"wp-image-110763 alignleft\" src=\"https:\/\/sosuaonline.net\/inicio\/wp-content\/uploads\/2026\/03\/Abinader-saliendo-a-Mexico.jpeg\" alt=\"\" width=\"331\" height=\"186\" srcset=\"https:\/\/sosuaonline.net\/inicio\/wp-content\/uploads\/2026\/03\/Abinader-saliendo-a-Mexico.jpeg 1300w, https:\/\/sosuaonline.net\/inicio\/wp-content\/uploads\/2026\/03\/Abinader-saliendo-a-Mexico-300x169.jpeg 300w, https:\/\/sosuaonline.net\/inicio\/wp-content\/uploads\/2026\/03\/Abinader-saliendo-a-Mexico-1024x576.jpeg 1024w, https:\/\/sosuaonline.net\/inicio\/wp-content\/uploads\/2026\/03\/Abinader-saliendo-a-Mexico-768x432.jpeg 768w\" sizes=\"auto, (max-width: 331px) 100vw, 331px\" \/>SANTO DOMINGO.-\u00a0 El presidente Luis Abinader viaja este lunes a Par\u00eds, capital de Francia, para desarrollar una agenda oficial de dos d\u00edas que incluye una reuni\u00f3n con su hom\u00f3logo Emmanuel Macron.<\/p>\n<p dir=\"auto\">El encuentro est\u00e1 centrado en el inter\u00e9s de \u00a0ampliar \u00a0v\u00ednculos de cooperaci\u00f3n y comerciales con Francia y de fortalecer criterios de integridad, transparencia y buena gobernanza, dice una nota de prensa de la presidencia de la Rep\u00fablica Dominicana.<\/p>\n<p dir=\"auto\">\u201cEsta visita se alinea con la consolidaci\u00f3n de las relaciones bilaterales que por a\u00f1os han mantenido la Rep\u00fablica Dominicana y Francia para promover la prosperidad y el bienestar de ambos territorios\u201d, agrega.<\/p>\n<p dir=\"auto\"><strong>MARTES 24<\/strong><\/p>\n<p dir=\"auto\">Este martes, Abinader acudir\u00e1 en \u00a0la ma\u00f1ana a la \u00a0sede de la Organizaci\u00f3n Para la Cooperaci\u00f3n y el Desarrollo Econ\u00f3mico (OCDE) donde participar\u00e1 en la ceremonia inaugural del Foro Global Anticorrupci\u00f3n e Integridad, donde tendr\u00e1 una intervenci\u00f3n y firmar\u00e1 un memorando de entendimiento.<\/p>\n<p dir=\"auto\">Tambi\u00e9n se reunir\u00e1 \u00a0con representantes de empresas e inversionistas franceses y con el CEO de la Alianza para el Gobierno Abierto (OGP), Aidan Eyakuze.<\/p>\n<p dir=\"auto\">Posteriormente, sostendr\u00e1 un almuerzo de trabajo con el secretario general de la OCDE, Mathias Cormann, y tendr\u00e1 una intervenci\u00f3n en una sesi\u00f3n especial con representantes de los 55 pa\u00edses miembros del Governing Board del Centro de Desarrollo de la (OECD Development Centre \u2013 DEV), a los cuales presentar\u00e1 las prioridades de Rep\u00fablica Dominicana en el marco de la estrategia 2036.<\/p>\n<p dir=\"auto\">A las 4:00 de la tarde, el jefe de Estado dominicano se reunir\u00e1 con el presidente de la Rep\u00fablica Francesa, Emmanuel Macron, y concluir\u00e1 con un encuentro con la comunidad dominicana residente en Francia.<\/p>\n<p dir=\"auto\"><strong>MIERCOLES 25<\/strong><\/p>\n<p dir=\"auto\">En su segundo d\u00eda de actividades, desayunar\u00e1 con representantes de empresas francesas en\u00a0 busca de fortalecer los v\u00ednculos comerciales entre ambos pa\u00edses y presentar las oportunidades de inversi\u00f3n en sectores clave como infraestructuras, transporte, log\u00edstica, zonas francas y energ\u00edas renovables.<\/p>\n<p dir=\"auto\">M\u00e1s tarde encabezar\u00e1 un encuentro con dominicanos organizados en diversos sectores en la naci\u00f3n europea.<\/p>\n<p dir=\"auto\">of-am-sp<\/p>\n","protected":false},"excerpt":{"rendered":"<p>SANTO DOMINGO.-\u00a0 El presidente Luis Abinader viaja este lunes a Par\u00eds, capital de Francia, para desarrollar una agenda oficial de dos d\u00edas que incluye una reuni\u00f3n con su hom\u00f3logo Emmanuel Macron. El encuentro est\u00e1 centrado en el inter\u00e9s de \u00a0ampliar \u00a0v\u00ednculos de cooperaci\u00f3n y comerciales con Francia y de fortalecer criterios de integridad, transparencia y buena gobernanza, dice una nota de prensa de la presidencia de la Rep\u00fablica Dominicana. \u201cEsta visita se alinea con la consolidaci\u00f3n de las relaciones bilaterales que por a\u00f1os han mantenido la Rep\u00fablica Dominicana y Francia para promover la prosperidad y el bienestar de ambos territorios\u201d, agrega. MARTES 24 Este martes, Abinader acudir\u00e1 en \u00a0la ma\u00f1ana a la \u00a0sede de la Organizaci\u00f3n Para la Cooperaci\u00f3n y el Desarrollo Econ\u00f3mico (OCDE) donde participar\u00e1 en la ceremonia inaugural del Foro Global Anticorrupci\u00f3n e Integridad, donde tendr\u00e1 una intervenci\u00f3n y firmar\u00e1 un memorando de entendimiento. Tambi\u00e9n se reunir\u00e1 \u00a0con representantes de empresas e inversionistas franceses y con el CEO de la Alianza para el Gobierno Abierto (OGP), Aidan Eyakuze. Posteriormente, sostendr\u00e1 un almuerzo de trabajo con el secretario general de la OCDE, Mathias Cormann, y tendr\u00e1 una intervenci\u00f3n en una sesi\u00f3n especial con representantes de los 55 pa\u00edses miembros del Governing Board del Centro de Desarrollo de la (OECD Development Centre \u2013 DEV), a los cuales presentar\u00e1 las prioridades de Rep\u00fablica Dominicana en el marco de la estrategia 2036. A las 4:00 de la tarde, el jefe de Estado dominicano se reunir\u00e1 con el presidente de la Rep\u00fablica Francesa, Emmanuel Macron, y concluir\u00e1 con un encuentro con la comunidad dominicana residente en Francia. MIERCOLES 25 En su segundo d\u00eda de actividades, desayunar\u00e1 con representantes de empresas francesas en\u00a0 busca de fortalecer los v\u00ednculos comerciales entre ambos pa\u00edses y presentar las oportunidades de inversi\u00f3n en sectores clave como infraestructuras, transporte, log\u00edstica, zonas francas y energ\u00edas renovables. M\u00e1s tarde encabezar\u00e1 un encuentro con dominicanos organizados en diversos sectores en la naci\u00f3n europea. of-am-sp<\/p>\n","protected":false},"author":9,"featured_media":110763,"comment_status":"closed","ping_status":"closed","sticky":false,"template":"","format":"standard","meta":{"advanced_seo_description":"","jetpack_seo_html_title":"","jetpack_seo_noindex":false,"_jetpack_memberships_contains_paid_content":false,"footnotes":"","jetpack_publicize_message":"","jetpack_publicize_feature_enabled":true,"jetpack_social_post_already_shared":false,"jetpack_social_options":{"image_generator_settings":{"template":"highway","default_image_id":0,"font":"","enabled":false},"version":2}},"categories":[311],"tags":[],"class_list":["post-110762","post","type-post","status-publish","format-standard","has-post-thumbnail","hentry","category-interesante-online"],"jetpack_publicize_connections":[],"jetpack_featured_media_url":"https:\/\/sosuaonline.net\/inicio\/wp-content\/uploads\/2026\/03\/Abinader-saliendo-a-Mexico.jpeg","jetpack_sharing_enabled":true,"_links":{"self":[{"href":"https:\/\/sosuaonline.net\/inicio\/wp-json\/wp\/v2\/posts\/110762","targetHints":{"allow":["GET"]}}],"collection":[{"href":"https:\/\/sosuaonline.net\/inicio\/wp-json\/wp\/v2\/posts"}],"about":[{"href":"https:\/\/sosuaonline.net\/inicio\/wp-json\/wp\/v2\/types\/post"}],"author":[{"embeddable":true,"href":"https:\/\/sosuaonline.net\/inicio\/wp-json\/wp\/v2\/users\/9"}],"replies":[{"embeddable":true,"href":"https:\/\/sosuaonline.net\/inicio\/wp-json\/wp\/v2\/comments?post=110762"}],"version-history":[{"count":1,"href":"https:\/\/sosuaonline.net\/inicio\/wp-json\/wp\/v2\/posts\/110762\/revisions"}],"predecessor-version":[{"id":110764,"href":"https:\/\/sosuaonline.net\/inicio\/wp-json\/wp\/v2\/posts\/110762\/revisions\/110764"}],"wp:featuredmedia":[{"embeddable":true,"href":"https:\/\/sosuaonline.net\/inicio\/wp-json\/wp\/v2\/media\/110763"}],"wp:attachment":[{"href":"https:\/\/sosuaonline.net\/inicio\/wp-json\/wp\/v2\/media?parent=110762"}],"wp:term":[{"taxonomy":"category","embeddable":true,"href":"https:\/\/sosuaonline.net\/inicio\/wp-json\/wp\/v2\/categories?post=110762"},{"taxonomy":"post_tag","embeddable":true,"href":"https:\/\/sosuaonline.net\/inicio\/wp-json\/wp\/v2\/tags?post=110762"}],"curies":[{"name":"wp","href":"https:\/\/api.w.org\/{rel}","templated":true}]}}