{"id":110792,"date":"2026-03-25T07:59:43","date_gmt":"2026-03-25T11:59:43","guid":{"rendered":"https:\/\/sosuaonline.net\/inicio\/?p=110792"},"modified":"2026-03-25T07:59:43","modified_gmt":"2026-03-25T11:59:43","slug":"alianza-dominicana-trastornos-del-movimiento-inicia-funciones","status":"publish","type":"post","link":"https:\/\/sosuaonline.net\/inicio\/alianza-dominicana-trastornos-del-movimiento-inicia-funciones\/","title":{"rendered":"Alianza Dominicana Trastornos del Movimiento inicia funciones"},"content":{"rendered":"<p><img loading=\"lazy\" decoding=\"async\" data-attachment-id=\"110793\" data-permalink=\"https:\/\/sosuaonline.net\/inicio\/alianza-dominicana-trastornos-del-movimiento-inicia-funciones\/marcia-castillo-habla-sobre-el-tema-300x200\/\" data-orig-file=\"https:\/\/sosuaonline.net\/inicio\/wp-content\/uploads\/2026\/03\/Marcia-Castillo-habla-sobre-el-tema-300x200-1.jpg\" data-orig-size=\"300,200\" data-comments-opened=\"0\" data-image-meta=\"{&quot;aperture&quot;:&quot;0&quot;,&quot;credit&quot;:&quot;&quot;,&quot;camera&quot;:&quot;&quot;,&quot;caption&quot;:&quot;&quot;,&quot;created_timestamp&quot;:&quot;0&quot;,&quot;copyright&quot;:&quot;&quot;,&quot;focal_length&quot;:&quot;0&quot;,&quot;iso&quot;:&quot;0&quot;,&quot;shutter_speed&quot;:&quot;0&quot;,&quot;title&quot;:&quot;&quot;,&quot;orientation&quot;:&quot;0&quot;}\" data-image-title=\"Marcia-Castillo-habla-sobre-el-tema-300&amp;#215;200\" data-image-description=\"\" data-image-caption=\"\" data-medium-file=\"https:\/\/sosuaonline.net\/inicio\/wp-content\/uploads\/2026\/03\/Marcia-Castillo-habla-sobre-el-tema-300x200-1.jpg\" data-large-file=\"https:\/\/sosuaonline.net\/inicio\/wp-content\/uploads\/2026\/03\/Marcia-Castillo-habla-sobre-el-tema-300x200-1.jpg\" class=\"size-full wp-image-110793 alignleft\" src=\"https:\/\/sosuaonline.net\/inicio\/wp-content\/uploads\/2026\/03\/Marcia-Castillo-habla-sobre-el-tema-300x200-1.jpg\" alt=\"\" width=\"300\" height=\"200\" \/>SANTO DOMINGO. \u2013\u00a0El surgimiento de la Alianza Dominicana de Trastornos del Movimiento (ADTM) representa un hito para la neurolog\u00eda en el pa\u00eds y marca un antes y un despu\u00e9s para m\u00e9dicos y pacientes.<\/p>\n<p>La organizaci\u00f3n, presentada de manera oficial el pasado d\u00eda 20, se dedicar\u00e1 de manera integral al abordaje de patolog\u00edas como el Parkinson, la ataxia, los tics y la corea, entre otras condiciones que impactan la calidad de vida.<\/p>\n<p>La ADTM nace con un enfoque multidisciplinario que integra el rigor cient\u00edfico, una profunda visi\u00f3n humanista y el compromiso con la educaci\u00f3n continua, con el prop\u00f3sito de optimizar el diagn\u00f3stico, tratamiento y seguimiento de estos trastornos en Rep\u00fablica Dominicana.<\/p>\n<p><strong>COMPROMISO CON LOS PACIENTES<\/strong><\/p>\n<p>Sus fundadores expresaron que la formalizaci\u00f3n de la Alianza refleja su compromiso con los pacientes, sus familias y la comunidad m\u00e9dica.<\/p>\n<p>\u201cAl unir ciencia, investigaci\u00f3n y educaci\u00f3n, trabajamos para transformar la calidad de vida de quienes conviven con estas condiciones\u201d, dijeron los neur\u00f3logos.<\/p>\n<p><strong>PRINCIPALES OBJETIVOS\u00a0<\/strong><\/p>\n<p>Esta organizaci\u00f3n sin fines de lucro\u00a0desarrollar\u00e1 congresos cient\u00edficos, programas de capacitaci\u00f3n para profesionales de la salud, campa\u00f1as de concienciaci\u00f3n p\u00fablica y la elaboraci\u00f3n de gu\u00edas cl\u00ednicas adaptadas a la realidad nacional, sustentadas en la evidencia cient\u00edfica internacional.<\/p>\n<p>Asimismo, promover\u00e1 alianzas con organizaciones globales para acercar al pa\u00eds las m\u00e1s recientes innovaciones y tratamientos en este campo.<\/p>\n<p>Tambi\u00e9n\u00a0aspira a incidir en la formulaci\u00f3n de pol\u00edticas p\u00fablicas que garanticen un acceso equitativo a terapias avanzadas y medicamentos esenciales, contribuyendo as\u00ed a un sistema de salud m\u00e1s inclusivo.<\/p>\n<p><strong>SOBRE ADTM<\/strong><\/p>\n<p>Dedicada al estudio, la investigaci\u00f3n y el acompa\u00f1amiento integral en el campo de la neurolog\u00eda especializada, la ATDM promueve un enfoque humano, cient\u00edfico e integral para mejorar la vida de los aquejados por trastornos del movimiento en Rep\u00fablica Dominicana.<\/p>\n<p>agl\/of-am<\/p>\n","protected":false},"excerpt":{"rendered":"<p>SANTO DOMINGO. \u2013\u00a0El surgimiento de la Alianza Dominicana de Trastornos del Movimiento (ADTM) representa un hito para la neurolog\u00eda en el pa\u00eds y marca un antes y un despu\u00e9s para m\u00e9dicos y pacientes. La organizaci\u00f3n, presentada de manera oficial el pasado d\u00eda 20, se dedicar\u00e1 de manera integral al abordaje de patolog\u00edas como el Parkinson, la ataxia, los tics y la corea, entre otras condiciones que impactan la calidad de vida. La ADTM nace con un enfoque multidisciplinario que integra el rigor cient\u00edfico, una profunda visi\u00f3n humanista y el compromiso con la educaci\u00f3n continua, con el prop\u00f3sito de optimizar el diagn\u00f3stico, tratamiento y seguimiento de estos trastornos en Rep\u00fablica Dominicana. COMPROMISO CON LOS PACIENTES Sus fundadores expresaron que la formalizaci\u00f3n de la Alianza refleja su compromiso con los pacientes, sus familias y la comunidad m\u00e9dica. \u201cAl unir ciencia, investigaci\u00f3n y educaci\u00f3n, trabajamos para transformar la calidad de vida de quienes conviven con estas condiciones\u201d, dijeron los neur\u00f3logos. PRINCIPALES OBJETIVOS\u00a0 Esta organizaci\u00f3n sin fines de lucro\u00a0desarrollar\u00e1 congresos cient\u00edficos, programas de capacitaci\u00f3n para profesionales de la salud, campa\u00f1as de concienciaci\u00f3n p\u00fablica y la elaboraci\u00f3n de gu\u00edas cl\u00ednicas adaptadas a la realidad nacional, sustentadas en la evidencia cient\u00edfica internacional. Asimismo, promover\u00e1 alianzas con organizaciones globales para acercar al pa\u00eds las m\u00e1s recientes innovaciones y tratamientos en este campo. Tambi\u00e9n\u00a0aspira a incidir en la formulaci\u00f3n de pol\u00edticas p\u00fablicas que garanticen un acceso equitativo a terapias avanzadas y medicamentos esenciales, contribuyendo as\u00ed a un sistema de salud m\u00e1s inclusivo. SOBRE ADTM Dedicada al estudio, la investigaci\u00f3n y el acompa\u00f1amiento integral en el campo de la neurolog\u00eda especializada, la ATDM promueve un enfoque humano, cient\u00edfico e integral para mejorar la vida de los aquejados por trastornos del movimiento en Rep\u00fablica Dominicana. agl\/of-am<\/p>\n","protected":false},"author":9,"featured_media":110793,"comment_status":"closed","ping_status":"closed","sticky":false,"template":"","format":"standard","meta":{"advanced_seo_description":"","jetpack_seo_html_title":"","jetpack_seo_noindex":false,"_jetpack_memberships_contains_paid_content":false,"footnotes":"","jetpack_publicize_message":"","jetpack_publicize_feature_enabled":true,"jetpack_social_post_already_shared":true,"jetpack_social_options":{"image_generator_settings":{"template":"highway","default_image_id":0,"font":"","enabled":false},"version":2}},"categories":[6],"tags":[],"class_list":["post-110792","post","type-post","status-publish","format-standard","has-post-thumbnail","hentry","category-salud-bienestar"],"jetpack_publicize_connections":[],"jetpack_featured_media_url":"https:\/\/sosuaonline.net\/inicio\/wp-content\/uploads\/2026\/03\/Marcia-Castillo-habla-sobre-el-tema-300x200-1.jpg","jetpack_sharing_enabled":true,"_links":{"self":[{"href":"https:\/\/sosuaonline.net\/inicio\/wp-json\/wp\/v2\/posts\/110792","targetHints":{"allow":["GET"]}}],"collection":[{"href":"https:\/\/sosuaonline.net\/inicio\/wp-json\/wp\/v2\/posts"}],"about":[{"href":"https:\/\/sosuaonline.net\/inicio\/wp-json\/wp\/v2\/types\/post"}],"author":[{"embeddable":true,"href":"https:\/\/sosuaonline.net\/inicio\/wp-json\/wp\/v2\/users\/9"}],"replies":[{"embeddable":true,"href":"https:\/\/sosuaonline.net\/inicio\/wp-json\/wp\/v2\/comments?post=110792"}],"version-history":[{"count":1,"href":"https:\/\/sosuaonline.net\/inicio\/wp-json\/wp\/v2\/posts\/110792\/revisions"}],"predecessor-version":[{"id":110794,"href":"https:\/\/sosuaonline.net\/inicio\/wp-json\/wp\/v2\/posts\/110792\/revisions\/110794"}],"wp:featuredmedia":[{"embeddable":true,"href":"https:\/\/sosuaonline.net\/inicio\/wp-json\/wp\/v2\/media\/110793"}],"wp:attachment":[{"href":"https:\/\/sosuaonline.net\/inicio\/wp-json\/wp\/v2\/media?parent=110792"}],"wp:term":[{"taxonomy":"category","embeddable":true,"href":"https:\/\/sosuaonline.net\/inicio\/wp-json\/wp\/v2\/categories?post=110792"},{"taxonomy":"post_tag","embeddable":true,"href":"https:\/\/sosuaonline.net\/inicio\/wp-json\/wp\/v2\/tags?post=110792"}],"curies":[{"name":"wp","href":"https:\/\/api.w.org\/{rel}","templated":true}]}}