{"id":110854,"date":"2026-03-24T14:42:07","date_gmt":"2026-03-24T18:42:07","guid":{"rendered":"https:\/\/sosuaonline.net\/inicio\/?p=110854"},"modified":"2026-03-26T14:52:13","modified_gmt":"2026-03-26T18:52:13","slug":"gobernadora-claritza-rochtte-participa-en-inauguracion-de-funeraria-municipal-en-sabaneta-de-yasica","status":"publish","type":"post","link":"https:\/\/sosuaonline.net\/inicio\/gobernadora-claritza-rochtte-participa-en-inauguracion-de-funeraria-municipal-en-sabaneta-de-yasica\/","title":{"rendered":"Gobernadora Claritza Rochtte participa en inauguraci\u00f3n de funeraria municipal en Sabaneta de Y\u00e1sica"},"content":{"rendered":"<div class=\"xdj266r x14z9mp xat24cr x1lziwak x1vvkbs x126k92a\">\n<div dir=\"auto\">\n<p><strong><a href=\"https:\/\/sosuaonline.net\/inicio\/wp-content\/uploads\/2026\/03\/656419544_3929069027225805_8255281629257804772_n.jpg\"><img loading=\"lazy\" decoding=\"async\" data-attachment-id=\"110855\" data-permalink=\"https:\/\/sosuaonline.net\/inicio\/gobernadora-claritza-rochtte-participa-en-inauguracion-de-funeraria-municipal-en-sabaneta-de-yasica\/656419544_3929069027225805_8255281629257804772_n\/\" data-orig-file=\"https:\/\/sosuaonline.net\/inicio\/wp-content\/uploads\/2026\/03\/656419544_3929069027225805_8255281629257804772_n.jpg\" data-orig-size=\"2048,1536\" data-comments-opened=\"0\" data-image-meta=\"{&quot;aperture&quot;:&quot;0&quot;,&quot;credit&quot;:&quot;&quot;,&quot;camera&quot;:&quot;&quot;,&quot;caption&quot;:&quot;&quot;,&quot;created_timestamp&quot;:&quot;0&quot;,&quot;copyright&quot;:&quot;&quot;,&quot;focal_length&quot;:&quot;0&quot;,&quot;iso&quot;:&quot;0&quot;,&quot;shutter_speed&quot;:&quot;0&quot;,&quot;title&quot;:&quot;&quot;,&quot;orientation&quot;:&quot;0&quot;}\" data-image-title=\"656419544_3929069027225805_8255281629257804772_n\" data-image-description=\"\" data-image-caption=\"\" data-medium-file=\"https:\/\/sosuaonline.net\/inicio\/wp-content\/uploads\/2026\/03\/656419544_3929069027225805_8255281629257804772_n-300x225.jpg\" data-large-file=\"https:\/\/sosuaonline.net\/inicio\/wp-content\/uploads\/2026\/03\/656419544_3929069027225805_8255281629257804772_n-1024x768.jpg\" class=\"aligncenter wp-image-110855\" src=\"https:\/\/sosuaonline.net\/inicio\/wp-content\/uploads\/2026\/03\/656419544_3929069027225805_8255281629257804772_n.jpg\" alt=\"\" width=\"680\" height=\"510\" srcset=\"https:\/\/sosuaonline.net\/inicio\/wp-content\/uploads\/2026\/03\/656419544_3929069027225805_8255281629257804772_n.jpg 2048w, https:\/\/sosuaonline.net\/inicio\/wp-content\/uploads\/2026\/03\/656419544_3929069027225805_8255281629257804772_n-300x225.jpg 300w, https:\/\/sosuaonline.net\/inicio\/wp-content\/uploads\/2026\/03\/656419544_3929069027225805_8255281629257804772_n-1024x768.jpg 1024w, https:\/\/sosuaonline.net\/inicio\/wp-content\/uploads\/2026\/03\/656419544_3929069027225805_8255281629257804772_n-768x576.jpg 768w\" sizes=\"auto, (max-width: 680px) 100vw, 680px\" \/><\/a>Sabaneta.-\u00a0<\/strong> La gobernadora provincial Claritza Rochtte particip\u00f3 en la inauguraci\u00f3n de la funeraria municipal de Sabaneta de Y\u00e1sica, una obra realizada por la Junta Distrital de Sabaneta de Y\u00e1sica bajo la gesti\u00f3n de su director, Roely Thomas.<\/p>\n<p>Esta iniciativa, lograda gracias al respaldo del presidente Luis Abinader y al trabajo que ha venido desarrollando en favor del pueblo dominicano, busca brindar a las familias del distrito un espacio digno y solidario en momentos de duelo, representando un importante avance en los servicios comunitarios de la zona.<\/p>\n<p>En el acto tambi\u00e9n estuvieron presentes el ministro administrativo de la Presidencia, Andr\u00e9s Bautista; la senadora Ginette Bournigal; y el obispo Julio C\u00e9sar Corniel Amaro, junto a otras autoridades, l\u00edderes comunitarios y mun\u00edcipes, quienes se dieron cita para respaldar esta importante obra en beneficio de la comunidad.<\/p>\n<\/div>\n<\/div>\n<div dir=\"auto\">\n\n\t\t<style type=\"text\/css\">\n\t\t\t#gallery-1 {\n\t\t\t\tmargin: auto;\n\t\t\t}\n\t\t\t#gallery-1 .gallery-item {\n\t\t\t\tfloat: left;\n\t\t\t\tmargin-top: 10px;\n\t\t\t\ttext-align: center;\n\t\t\t\twidth: 33%;\n\t\t\t}\n\t\t\t#gallery-1 img {\n\t\t\t\tborder: 2px solid #cfcfcf;\n\t\t\t}\n\t\t\t#gallery-1 .gallery-caption {\n\t\t\t\tmargin-left: 0;\n\t\t\t}\n\t\t\t\/* see gallery_shortcode() in wp-includes\/media.php *\/\n\t\t<\/style>\n\t\t<div data-carousel-extra='{&quot;blog_id&quot;:1,&quot;permalink&quot;:&quot;https:\/\/sosuaonline.net\/inicio\/gobernadora-claritza-rochtte-participa-en-inauguracion-de-funeraria-municipal-en-sabaneta-de-yasica\/&quot;}' id='gallery-1' class='gallery galleryid-110854 gallery-columns-3 gallery-size-thumbnail'><dl class='gallery-item'>\n\t\t\t<dt class='gallery-icon landscape'>\n\t\t\t\t<a href='https:\/\/sosuaonline.net\/inicio\/gobernadora-claritza-rochtte-participa-en-inauguracion-de-funeraria-municipal-en-sabaneta-de-yasica\/656419544_3929069027225805_8255281629257804772_n\/'><img loading=\"lazy\" decoding=\"async\" width=\"150\" height=\"150\" src=\"https:\/\/sosuaonline.net\/inicio\/wp-content\/uploads\/2026\/03\/656419544_3929069027225805_8255281629257804772_n-150x150.jpg\" class=\"attachment-thumbnail size-thumbnail\" alt=\"\" srcset=\"https:\/\/sosuaonline.net\/inicio\/wp-content\/uploads\/2026\/03\/656419544_3929069027225805_8255281629257804772_n-150x150.jpg 150w, https:\/\/sosuaonline.net\/inicio\/wp-content\/uploads\/2026\/03\/656419544_3929069027225805_8255281629257804772_n-1536x1536.jpg 1536w\" sizes=\"auto, (max-width: 150px) 100vw, 150px\" data-attachment-id=\"110855\" data-permalink=\"https:\/\/sosuaonline.net\/inicio\/gobernadora-claritza-rochtte-participa-en-inauguracion-de-funeraria-municipal-en-sabaneta-de-yasica\/656419544_3929069027225805_8255281629257804772_n\/\" data-orig-file=\"https:\/\/sosuaonline.net\/inicio\/wp-content\/uploads\/2026\/03\/656419544_3929069027225805_8255281629257804772_n.jpg\" data-orig-size=\"2048,1536\" data-comments-opened=\"0\" data-image-meta=\"{&quot;aperture&quot;:&quot;0&quot;,&quot;credit&quot;:&quot;&quot;,&quot;camera&quot;:&quot;&quot;,&quot;caption&quot;:&quot;&quot;,&quot;created_timestamp&quot;:&quot;0&quot;,&quot;copyright&quot;:&quot;&quot;,&quot;focal_length&quot;:&quot;0&quot;,&quot;iso&quot;:&quot;0&quot;,&quot;shutter_speed&quot;:&quot;0&quot;,&quot;title&quot;:&quot;&quot;,&quot;orientation&quot;:&quot;0&quot;}\" data-image-title=\"656419544_3929069027225805_8255281629257804772_n\" data-image-description=\"\" data-image-caption=\"\" data-medium-file=\"https:\/\/sosuaonline.net\/inicio\/wp-content\/uploads\/2026\/03\/656419544_3929069027225805_8255281629257804772_n-300x225.jpg\" data-large-file=\"https:\/\/sosuaonline.net\/inicio\/wp-content\/uploads\/2026\/03\/656419544_3929069027225805_8255281629257804772_n-1024x768.jpg\" \/><\/a>\n\t\t\t<\/dt><\/dl><dl class='gallery-item'>\n\t\t\t<dt class='gallery-icon landscape'>\n\t\t\t\t<a href='https:\/\/sosuaonline.net\/inicio\/gobernadora-claritza-rochtte-participa-en-inauguracion-de-funeraria-municipal-en-sabaneta-de-yasica\/656480620_3929068980559143_3658909647634939211_n\/'><img loading=\"lazy\" decoding=\"async\" width=\"150\" height=\"150\" src=\"https:\/\/sosuaonline.net\/inicio\/wp-content\/uploads\/2026\/03\/656480620_3929068980559143_3658909647634939211_n-150x150.jpg\" class=\"attachment-thumbnail size-thumbnail\" alt=\"\" srcset=\"https:\/\/sosuaonline.net\/inicio\/wp-content\/uploads\/2026\/03\/656480620_3929068980559143_3658909647634939211_n-150x150.jpg 150w, https:\/\/sosuaonline.net\/inicio\/wp-content\/uploads\/2026\/03\/656480620_3929068980559143_3658909647634939211_n-1536x1536.jpg 1536w\" sizes=\"auto, (max-width: 150px) 100vw, 150px\" data-attachment-id=\"110856\" data-permalink=\"https:\/\/sosuaonline.net\/inicio\/gobernadora-claritza-rochtte-participa-en-inauguracion-de-funeraria-municipal-en-sabaneta-de-yasica\/656480620_3929068980559143_3658909647634939211_n\/\" data-orig-file=\"https:\/\/sosuaonline.net\/inicio\/wp-content\/uploads\/2026\/03\/656480620_3929068980559143_3658909647634939211_n.jpg\" data-orig-size=\"2048,1536\" data-comments-opened=\"0\" data-image-meta=\"{&quot;aperture&quot;:&quot;0&quot;,&quot;credit&quot;:&quot;&quot;,&quot;camera&quot;:&quot;&quot;,&quot;caption&quot;:&quot;&quot;,&quot;created_timestamp&quot;:&quot;0&quot;,&quot;copyright&quot;:&quot;&quot;,&quot;focal_length&quot;:&quot;0&quot;,&quot;iso&quot;:&quot;0&quot;,&quot;shutter_speed&quot;:&quot;0&quot;,&quot;title&quot;:&quot;&quot;,&quot;orientation&quot;:&quot;0&quot;}\" data-image-title=\"656480620_3929068980559143_3658909647634939211_n\" data-image-description=\"\" data-image-caption=\"\" data-medium-file=\"https:\/\/sosuaonline.net\/inicio\/wp-content\/uploads\/2026\/03\/656480620_3929068980559143_3658909647634939211_n-300x225.jpg\" data-large-file=\"https:\/\/sosuaonline.net\/inicio\/wp-content\/uploads\/2026\/03\/656480620_3929068980559143_3658909647634939211_n-1024x768.jpg\" \/><\/a>\n\t\t\t<\/dt><\/dl><dl class='gallery-item'>\n\t\t\t<dt class='gallery-icon landscape'>\n\t\t\t\t<a href='https:\/\/sosuaonline.net\/inicio\/gobernadora-claritza-rochtte-participa-en-inauguracion-de-funeraria-municipal-en-sabaneta-de-yasica\/656982531_3929068970559144_612811572489159860_n\/'><img loading=\"lazy\" decoding=\"async\" width=\"150\" height=\"150\" src=\"https:\/\/sosuaonline.net\/inicio\/wp-content\/uploads\/2026\/03\/656982531_3929068970559144_612811572489159860_n-150x150.jpg\" class=\"attachment-thumbnail size-thumbnail\" alt=\"\" srcset=\"https:\/\/sosuaonline.net\/inicio\/wp-content\/uploads\/2026\/03\/656982531_3929068970559144_612811572489159860_n-150x150.jpg 150w, https:\/\/sosuaonline.net\/inicio\/wp-content\/uploads\/2026\/03\/656982531_3929068970559144_612811572489159860_n-1536x1536.jpg 1536w\" sizes=\"auto, (max-width: 150px) 100vw, 150px\" data-attachment-id=\"110857\" data-permalink=\"https:\/\/sosuaonline.net\/inicio\/gobernadora-claritza-rochtte-participa-en-inauguracion-de-funeraria-municipal-en-sabaneta-de-yasica\/656982531_3929068970559144_612811572489159860_n\/\" data-orig-file=\"https:\/\/sosuaonline.net\/inicio\/wp-content\/uploads\/2026\/03\/656982531_3929068970559144_612811572489159860_n.jpg\" data-orig-size=\"2048,1536\" data-comments-opened=\"0\" data-image-meta=\"{&quot;aperture&quot;:&quot;0&quot;,&quot;credit&quot;:&quot;&quot;,&quot;camera&quot;:&quot;&quot;,&quot;caption&quot;:&quot;&quot;,&quot;created_timestamp&quot;:&quot;0&quot;,&quot;copyright&quot;:&quot;&quot;,&quot;focal_length&quot;:&quot;0&quot;,&quot;iso&quot;:&quot;0&quot;,&quot;shutter_speed&quot;:&quot;0&quot;,&quot;title&quot;:&quot;&quot;,&quot;orientation&quot;:&quot;0&quot;}\" data-image-title=\"656982531_3929068970559144_612811572489159860_n\" data-image-description=\"\" data-image-caption=\"\" data-medium-file=\"https:\/\/sosuaonline.net\/inicio\/wp-content\/uploads\/2026\/03\/656982531_3929068970559144_612811572489159860_n-300x225.jpg\" data-large-file=\"https:\/\/sosuaonline.net\/inicio\/wp-content\/uploads\/2026\/03\/656982531_3929068970559144_612811572489159860_n-1024x768.jpg\" \/><\/a>\n\t\t\t<\/dt><\/dl><br style=\"clear: both\" \/><dl class='gallery-item'>\n\t\t\t<dt class='gallery-icon landscape'>\n\t\t\t\t<a href='https:\/\/sosuaonline.net\/inicio\/gobernadora-claritza-rochtte-participa-en-inauguracion-de-funeraria-municipal-en-sabaneta-de-yasica\/657360381_3929068937225814_272967106128833598_n\/'><img loading=\"lazy\" decoding=\"async\" width=\"150\" height=\"150\" src=\"https:\/\/sosuaonline.net\/inicio\/wp-content\/uploads\/2026\/03\/657360381_3929068937225814_272967106128833598_n-150x150.jpg\" class=\"attachment-thumbnail size-thumbnail\" alt=\"\" srcset=\"https:\/\/sosuaonline.net\/inicio\/wp-content\/uploads\/2026\/03\/657360381_3929068937225814_272967106128833598_n-150x150.jpg 150w, https:\/\/sosuaonline.net\/inicio\/wp-content\/uploads\/2026\/03\/657360381_3929068937225814_272967106128833598_n-1536x1536.jpg 1536w\" sizes=\"auto, (max-width: 150px) 100vw, 150px\" data-attachment-id=\"110858\" data-permalink=\"https:\/\/sosuaonline.net\/inicio\/gobernadora-claritza-rochtte-participa-en-inauguracion-de-funeraria-municipal-en-sabaneta-de-yasica\/657360381_3929068937225814_272967106128833598_n\/\" data-orig-file=\"https:\/\/sosuaonline.net\/inicio\/wp-content\/uploads\/2026\/03\/657360381_3929068937225814_272967106128833598_n.jpg\" data-orig-size=\"2048,1536\" data-comments-opened=\"0\" data-image-meta=\"{&quot;aperture&quot;:&quot;0&quot;,&quot;credit&quot;:&quot;&quot;,&quot;camera&quot;:&quot;&quot;,&quot;caption&quot;:&quot;&quot;,&quot;created_timestamp&quot;:&quot;0&quot;,&quot;copyright&quot;:&quot;&quot;,&quot;focal_length&quot;:&quot;0&quot;,&quot;iso&quot;:&quot;0&quot;,&quot;shutter_speed&quot;:&quot;0&quot;,&quot;title&quot;:&quot;&quot;,&quot;orientation&quot;:&quot;0&quot;}\" data-image-title=\"657360381_3929068937225814_272967106128833598_n\" data-image-description=\"\" data-image-caption=\"\" data-medium-file=\"https:\/\/sosuaonline.net\/inicio\/wp-content\/uploads\/2026\/03\/657360381_3929068937225814_272967106128833598_n-300x225.jpg\" data-large-file=\"https:\/\/sosuaonline.net\/inicio\/wp-content\/uploads\/2026\/03\/657360381_3929068937225814_272967106128833598_n-1024x768.jpg\" \/><\/a>\n\t\t\t<\/dt><\/dl><dl class='gallery-item'>\n\t\t\t<dt class='gallery-icon landscape'>\n\t\t\t\t<a href='https:\/\/sosuaonline.net\/inicio\/gobernadora-claritza-rochtte-participa-en-inauguracion-de-funeraria-municipal-en-sabaneta-de-yasica\/657378138_3929069037225804_3910085141512796885_n\/'><img loading=\"lazy\" decoding=\"async\" width=\"150\" height=\"150\" src=\"https:\/\/sosuaonline.net\/inicio\/wp-content\/uploads\/2026\/03\/657378138_3929069037225804_3910085141512796885_n-150x150.jpg\" class=\"attachment-thumbnail size-thumbnail\" alt=\"\" srcset=\"https:\/\/sosuaonline.net\/inicio\/wp-content\/uploads\/2026\/03\/657378138_3929069037225804_3910085141512796885_n-150x150.jpg 150w, https:\/\/sosuaonline.net\/inicio\/wp-content\/uploads\/2026\/03\/657378138_3929069037225804_3910085141512796885_n-1536x1536.jpg 1536w\" sizes=\"auto, (max-width: 150px) 100vw, 150px\" data-attachment-id=\"110859\" data-permalink=\"https:\/\/sosuaonline.net\/inicio\/gobernadora-claritza-rochtte-participa-en-inauguracion-de-funeraria-municipal-en-sabaneta-de-yasica\/657378138_3929069037225804_3910085141512796885_n\/\" data-orig-file=\"https:\/\/sosuaonline.net\/inicio\/wp-content\/uploads\/2026\/03\/657378138_3929069037225804_3910085141512796885_n.jpg\" data-orig-size=\"2048,1536\" data-comments-opened=\"0\" data-image-meta=\"{&quot;aperture&quot;:&quot;0&quot;,&quot;credit&quot;:&quot;&quot;,&quot;camera&quot;:&quot;&quot;,&quot;caption&quot;:&quot;&quot;,&quot;created_timestamp&quot;:&quot;0&quot;,&quot;copyright&quot;:&quot;&quot;,&quot;focal_length&quot;:&quot;0&quot;,&quot;iso&quot;:&quot;0&quot;,&quot;shutter_speed&quot;:&quot;0&quot;,&quot;title&quot;:&quot;&quot;,&quot;orientation&quot;:&quot;0&quot;}\" data-image-title=\"657378138_3929069037225804_3910085141512796885_n\" data-image-description=\"\" data-image-caption=\"\" data-medium-file=\"https:\/\/sosuaonline.net\/inicio\/wp-content\/uploads\/2026\/03\/657378138_3929069037225804_3910085141512796885_n-300x225.jpg\" data-large-file=\"https:\/\/sosuaonline.net\/inicio\/wp-content\/uploads\/2026\/03\/657378138_3929069037225804_3910085141512796885_n-1024x768.jpg\" \/><\/a>\n\t\t\t<\/dt><\/dl><dl class='gallery-item'>\n\t\t\t<dt class='gallery-icon landscape'>\n\t\t\t\t<a href='https:\/\/sosuaonline.net\/inicio\/gobernadora-claritza-rochtte-participa-en-inauguracion-de-funeraria-municipal-en-sabaneta-de-yasica\/657304114_3929068930559148_2658401132271874038_n\/'><img loading=\"lazy\" decoding=\"async\" width=\"150\" height=\"150\" src=\"https:\/\/sosuaonline.net\/inicio\/wp-content\/uploads\/2026\/03\/657304114_3929068930559148_2658401132271874038_n-150x150.jpg\" class=\"attachment-thumbnail size-thumbnail\" alt=\"\" srcset=\"https:\/\/sosuaonline.net\/inicio\/wp-content\/uploads\/2026\/03\/657304114_3929068930559148_2658401132271874038_n-150x150.jpg 150w, https:\/\/sosuaonline.net\/inicio\/wp-content\/uploads\/2026\/03\/657304114_3929068930559148_2658401132271874038_n-1536x1536.jpg 1536w\" sizes=\"auto, (max-width: 150px) 100vw, 150px\" data-attachment-id=\"110860\" data-permalink=\"https:\/\/sosuaonline.net\/inicio\/gobernadora-claritza-rochtte-participa-en-inauguracion-de-funeraria-municipal-en-sabaneta-de-yasica\/657304114_3929068930559148_2658401132271874038_n\/\" data-orig-file=\"https:\/\/sosuaonline.net\/inicio\/wp-content\/uploads\/2026\/03\/657304114_3929068930559148_2658401132271874038_n.jpg\" data-orig-size=\"2048,1536\" data-comments-opened=\"0\" data-image-meta=\"{&quot;aperture&quot;:&quot;0&quot;,&quot;credit&quot;:&quot;&quot;,&quot;camera&quot;:&quot;&quot;,&quot;caption&quot;:&quot;&quot;,&quot;created_timestamp&quot;:&quot;0&quot;,&quot;copyright&quot;:&quot;&quot;,&quot;focal_length&quot;:&quot;0&quot;,&quot;iso&quot;:&quot;0&quot;,&quot;shutter_speed&quot;:&quot;0&quot;,&quot;title&quot;:&quot;&quot;,&quot;orientation&quot;:&quot;0&quot;}\" data-image-title=\"657304114_3929068930559148_2658401132271874038_n\" data-image-description=\"\" data-image-caption=\"\" data-medium-file=\"https:\/\/sosuaonline.net\/inicio\/wp-content\/uploads\/2026\/03\/657304114_3929068930559148_2658401132271874038_n-300x225.jpg\" data-large-file=\"https:\/\/sosuaonline.net\/inicio\/wp-content\/uploads\/2026\/03\/657304114_3929068930559148_2658401132271874038_n-1024x768.jpg\" \/><\/a>\n\t\t\t<\/dt><\/dl><br style=\"clear: both\" \/>\n\t\t<\/div>\n\n<\/div>\n","protected":false},"excerpt":{"rendered":"<p>Sabaneta.-\u00a0 La gobernadora provincial Claritza Rochtte particip\u00f3 en la inauguraci\u00f3n de la funeraria municipal de Sabaneta de Y\u00e1sica, una obra realizada por la Junta Distrital de Sabaneta de Y\u00e1sica bajo la gesti\u00f3n de su director, Roely Thomas. Esta iniciativa, lograda gracias al respaldo del presidente Luis Abinader y al trabajo que ha venido desarrollando en favor del pueblo dominicano, busca brindar a las familias del distrito un espacio digno y solidario en momentos de duelo, representando un importante avance en los servicios comunitarios de la zona. En el acto tambi\u00e9n estuvieron presentes el ministro administrativo de la Presidencia, Andr\u00e9s Bautista; la senadora Ginette Bournigal; y el obispo Julio C\u00e9sar Corniel Amaro, junto a otras autoridades, l\u00edderes comunitarios y mun\u00edcipes, quienes se dieron cita para respaldar esta importante obra en beneficio de la comunidad.<\/p>\n","protected":false},"author":12,"featured_media":110855,"comment_status":"closed","ping_status":"closed","sticky":false,"template":"","format":"standard","meta":{"advanced_seo_description":"","jetpack_seo_html_title":"","jetpack_seo_noindex":false,"_jetpack_memberships_contains_paid_content":false,"footnotes":"","jetpack_publicize_message":"","jetpack_publicize_feature_enabled":true,"jetpack_social_post_already_shared":true,"jetpack_social_options":{"image_generator_settings":{"template":"highway","default_image_id":0,"font":"","enabled":false},"version":2}},"categories":[88],"tags":[],"class_list":["post-110854","post","type-post","status-publish","format-standard","has-post-thumbnail","hentry","category-noticias"],"jetpack_publicize_connections":[],"jetpack_featured_media_url":"https:\/\/sosuaonline.net\/inicio\/wp-content\/uploads\/2026\/03\/656419544_3929069027225805_8255281629257804772_n.jpg","jetpack_sharing_enabled":true,"_links":{"self":[{"href":"https:\/\/sosuaonline.net\/inicio\/wp-json\/wp\/v2\/posts\/110854","targetHints":{"allow":["GET"]}}],"collection":[{"href":"https:\/\/sosuaonline.net\/inicio\/wp-json\/wp\/v2\/posts"}],"about":[{"href":"https:\/\/sosuaonline.net\/inicio\/wp-json\/wp\/v2\/types\/post"}],"author":[{"embeddable":true,"href":"https:\/\/sosuaonline.net\/inicio\/wp-json\/wp\/v2\/users\/12"}],"replies":[{"embeddable":true,"href":"https:\/\/sosuaonline.net\/inicio\/wp-json\/wp\/v2\/comments?post=110854"}],"version-history":[{"count":2,"href":"https:\/\/sosuaonline.net\/inicio\/wp-json\/wp\/v2\/posts\/110854\/revisions"}],"predecessor-version":[{"id":110863,"href":"https:\/\/sosuaonline.net\/inicio\/wp-json\/wp\/v2\/posts\/110854\/revisions\/110863"}],"wp:featuredmedia":[{"embeddable":true,"href":"https:\/\/sosuaonline.net\/inicio\/wp-json\/wp\/v2\/media\/110855"}],"wp:attachment":[{"href":"https:\/\/sosuaonline.net\/inicio\/wp-json\/wp\/v2\/media?parent=110854"}],"wp:term":[{"taxonomy":"category","embeddable":true,"href":"https:\/\/sosuaonline.net\/inicio\/wp-json\/wp\/v2\/categories?post=110854"},{"taxonomy":"post_tag","embeddable":true,"href":"https:\/\/sosuaonline.net\/inicio\/wp-json\/wp\/v2\/tags?post=110854"}],"curies":[{"name":"wp","href":"https:\/\/api.w.org\/{rel}","templated":true}]}}