{"id":110883,"date":"2026-03-27T12:24:07","date_gmt":"2026-03-27T16:24:07","guid":{"rendered":"https:\/\/sosuaonline.net\/inicio\/?p=110883"},"modified":"2026-03-27T12:24:07","modified_gmt":"2026-03-27T16:24:07","slug":"reunion-ordinaria-distrital-con-equipo-tecnico","status":"publish","type":"post","link":"https:\/\/sosuaonline.net\/inicio\/reunion-ordinaria-distrital-con-equipo-tecnico\/","title":{"rendered":"Reuni\u00f3n Ordinaria Distrital con equipo t\u00e9cnico"},"content":{"rendered":"<div class=\"xdj266r x14z9mp xat24cr x1lziwak x1vvkbs x126k92a\">\n<div dir=\"auto\"><a href=\"https:\/\/sosuaonline.net\/inicio\/wp-content\/uploads\/2026\/03\/distrito-11-91-reunion-de-los-lunes.jpg\"><img loading=\"lazy\" decoding=\"async\" data-attachment-id=\"110884\" data-permalink=\"https:\/\/sosuaonline.net\/inicio\/reunion-ordinaria-distrital-con-equipo-tecnico\/distrito-11-91-reunion-de-los-lunes\/\" data-orig-file=\"https:\/\/sosuaonline.net\/inicio\/wp-content\/uploads\/2026\/03\/distrito-11-91-reunion-de-los-lunes.jpg\" data-orig-size=\"1242,1277\" data-comments-opened=\"0\" data-image-meta=\"{&quot;aperture&quot;:&quot;0&quot;,&quot;credit&quot;:&quot;&quot;,&quot;camera&quot;:&quot;&quot;,&quot;caption&quot;:&quot;&quot;,&quot;created_timestamp&quot;:&quot;0&quot;,&quot;copyright&quot;:&quot;&quot;,&quot;focal_length&quot;:&quot;0&quot;,&quot;iso&quot;:&quot;0&quot;,&quot;shutter_speed&quot;:&quot;0&quot;,&quot;title&quot;:&quot;&quot;,&quot;orientation&quot;:&quot;0&quot;}\" data-image-title=\"distrito 11-91 reunion de los lunes\" data-image-description=\"\" data-image-caption=\"\" data-medium-file=\"https:\/\/sosuaonline.net\/inicio\/wp-content\/uploads\/2026\/03\/distrito-11-91-reunion-de-los-lunes-292x300.jpg\" data-large-file=\"https:\/\/sosuaonline.net\/inicio\/wp-content\/uploads\/2026\/03\/distrito-11-91-reunion-de-los-lunes-996x1024.jpg\" class=\"aligncenter  wp-image-110884\" src=\"https:\/\/sosuaonline.net\/inicio\/wp-content\/uploads\/2026\/03\/distrito-11-91-reunion-de-los-lunes.jpg\" alt=\"\" width=\"834\" height=\"858\" srcset=\"https:\/\/sosuaonline.net\/inicio\/wp-content\/uploads\/2026\/03\/distrito-11-91-reunion-de-los-lunes.jpg 1242w, https:\/\/sosuaonline.net\/inicio\/wp-content\/uploads\/2026\/03\/distrito-11-91-reunion-de-los-lunes-292x300.jpg 292w, https:\/\/sosuaonline.net\/inicio\/wp-content\/uploads\/2026\/03\/distrito-11-91-reunion-de-los-lunes-996x1024.jpg 996w, https:\/\/sosuaonline.net\/inicio\/wp-content\/uploads\/2026\/03\/distrito-11-91-reunion-de-los-lunes-768x790.jpg 768w\" sizes=\"auto, (max-width: 834px) 100vw, 834px\" \/><\/a>Sos\u00faa.- El pasado lunes el director del <span class=\"html-span xdj266r x14z9mp xat24cr x1lziwak xexx8yu xyri2b x18d9i69 x1c1uobl x1hl2dhg x16tdsg8 x1vvkbs\"><a class=\"x1i10hfl xjbqb8w x1ejq31n x18oe1m7 x1sy0etr xstzfhl x972fbf x10w94by x1qhh985 x14e42zd x9f619 x1ypdohk xt0psk2 x3ct3a4 xdj266r x14z9mp xat24cr x1lziwak xexx8yu xyri2b x18d9i69 x1c1uobl x16tdsg8 x1hl2dhg xggy1nq x1a2a7pz xkrqix3 x1sur9pj x1fey0fg x1s688f\" tabindex=\"0\" role=\"link\" href=\"https:\/\/www.facebook.com\/Distrito1101Sosua?__cft__[0]=AZauSnAT2TT4_2nLIFwD5KAc1J8OPNYSe6qDRUBYU6-aHEza5B6VqV6cH7m-3aGeruvsFwenZHB_Qn5ybi_0f4mXS_Wc5NE6IwTVIMTwlUFoQtHiDio-QYOw6vn39vjPuv5VzGz1kEr033NYrhH5wW50mdPNhJ2RjcJfyWML1geSfw&amp;__tn__=-]K-R\"><span class=\"xt0psk2\"><span class=\"xjp7ctv\">Distrito Educativo 11-01 Sos\u00faa<\/span><\/span><\/a><\/span>, Juan Dionicio Mezquita Batista, encabez\u00f3 este lunes una reuni\u00f3n ordinaria de trabajo junto a los t\u00e9cnicos distritales de las diferentes \u00e1reas que conforman esta demarcaci\u00f3n educativa.<\/div>\n<\/div>\n<p><!--more--><\/p>\n<div class=\"x14z9mp xat24cr x1lziwak x1vvkbs xtlvy1s x126k92a\">\n<div dir=\"auto\">El encuentro tuvo como prop\u00f3sito socializar las acciones desarrolladas durante la semana por el equipo t\u00e9cnico docente, as\u00ed como coordinar y planificar las actividades programadas para los pr\u00f3ximos d\u00edas tanto en la oficina distrital como en los centros educativos.<\/p>\n<\/div>\n<\/div>\n<div class=\"x14z9mp xat24cr x1lziwak x1vvkbs xtlvy1s x126k92a\">\n<div dir=\"auto\">Durante la jornada se abordaron temas estrat\u00e9gicos vinculados al acompa\u00f1amiento docente, procesos administrativos, planificaci\u00f3n acad\u00e9mica y seguimiento a los proyectos institucionales.<\/div>\n<\/div>\n<div class=\"x14z9mp xat24cr x1lziwak x1vvkbs xtlvy1s x126k92a\">\n<div dir=\"auto\">\nLa reuni\u00f3n reafirma el compromiso del Distrito Educativo 11-01 de Sos\u00faa con el fortalecimiento de la gesti\u00f3n institucional, el trabajo articulado y el acompa\u00f1amiento permanente a los centros educativos para promover una educaci\u00f3n inclusiva, equitativa y de excelencia.<\/div>\n<\/div>\n","protected":false},"excerpt":{"rendered":"<p>Sos\u00faa.- El pasado lunes el director del Distrito Educativo 11-01 Sos\u00faa, Juan Dionicio Mezquita Batista, encabez\u00f3 este lunes una reuni\u00f3n ordinaria de trabajo junto a los t\u00e9cnicos distritales de las diferentes \u00e1reas que conforman esta demarcaci\u00f3n educativa.<\/p>\n","protected":false},"author":12,"featured_media":110884,"comment_status":"closed","ping_status":"closed","sticky":false,"template":"","format":"standard","meta":{"advanced_seo_description":"","jetpack_seo_html_title":"","jetpack_seo_noindex":false,"_jetpack_memberships_contains_paid_content":false,"footnotes":"","jetpack_publicize_message":"","jetpack_publicize_feature_enabled":true,"jetpack_social_post_already_shared":true,"jetpack_social_options":{"image_generator_settings":{"template":"highway","default_image_id":0,"font":"","enabled":false},"version":2}},"categories":[459],"tags":[],"class_list":["post-110883","post","type-post","status-publish","format-standard","has-post-thumbnail","hentry","category-educacion"],"jetpack_publicize_connections":[],"jetpack_featured_media_url":"https:\/\/sosuaonline.net\/inicio\/wp-content\/uploads\/2026\/03\/distrito-11-91-reunion-de-los-lunes.jpg","jetpack_sharing_enabled":true,"_links":{"self":[{"href":"https:\/\/sosuaonline.net\/inicio\/wp-json\/wp\/v2\/posts\/110883","targetHints":{"allow":["GET"]}}],"collection":[{"href":"https:\/\/sosuaonline.net\/inicio\/wp-json\/wp\/v2\/posts"}],"about":[{"href":"https:\/\/sosuaonline.net\/inicio\/wp-json\/wp\/v2\/types\/post"}],"author":[{"embeddable":true,"href":"https:\/\/sosuaonline.net\/inicio\/wp-json\/wp\/v2\/users\/12"}],"replies":[{"embeddable":true,"href":"https:\/\/sosuaonline.net\/inicio\/wp-json\/wp\/v2\/comments?post=110883"}],"version-history":[{"count":1,"href":"https:\/\/sosuaonline.net\/inicio\/wp-json\/wp\/v2\/posts\/110883\/revisions"}],"predecessor-version":[{"id":110885,"href":"https:\/\/sosuaonline.net\/inicio\/wp-json\/wp\/v2\/posts\/110883\/revisions\/110885"}],"wp:featuredmedia":[{"embeddable":true,"href":"https:\/\/sosuaonline.net\/inicio\/wp-json\/wp\/v2\/media\/110884"}],"wp:attachment":[{"href":"https:\/\/sosuaonline.net\/inicio\/wp-json\/wp\/v2\/media?parent=110883"}],"wp:term":[{"taxonomy":"category","embeddable":true,"href":"https:\/\/sosuaonline.net\/inicio\/wp-json\/wp\/v2\/categories?post=110883"},{"taxonomy":"post_tag","embeddable":true,"href":"https:\/\/sosuaonline.net\/inicio\/wp-json\/wp\/v2\/tags?post=110883"}],"curies":[{"name":"wp","href":"https:\/\/api.w.org\/{rel}","templated":true}]}}