{"id":110886,"date":"2026-03-27T13:02:46","date_gmt":"2026-03-27T17:02:46","guid":{"rendered":"https:\/\/sosuaonline.net\/inicio\/?p=110886"},"modified":"2026-03-27T13:02:46","modified_gmt":"2026-03-27T17:02:46","slug":"direccion-regional-11-de-educacion-realiza-agenda-semanal-de-coordinacion-institucional","status":"publish","type":"post","link":"https:\/\/sosuaonline.net\/inicio\/direccion-regional-11-de-educacion-realiza-agenda-semanal-de-coordinacion-institucional\/","title":{"rendered":"Direcci\u00f3n Regional 11 de Educaci\u00f3n realiza agenda semanal de coordinaci\u00f3n institucional"},"content":{"rendered":"<div class=\"xdj266r x14z9mp xat24cr x1lziwak x1vvkbs x126k92a\">\n<div dir=\"auto\"><a href=\"https:\/\/sosuaonline.net\/inicio\/wp-content\/uploads\/2026\/03\/regional-11-de-educacion-reunion.jpg\"><img loading=\"lazy\" decoding=\"async\" data-attachment-id=\"110887\" data-permalink=\"https:\/\/sosuaonline.net\/inicio\/direccion-regional-11-de-educacion-realiza-agenda-semanal-de-coordinacion-institucional\/regional-11-de-educacion-reunion\/\" data-orig-file=\"https:\/\/sosuaonline.net\/inicio\/wp-content\/uploads\/2026\/03\/regional-11-de-educacion-reunion.jpg\" data-orig-size=\"590,443\" data-comments-opened=\"0\" data-image-meta=\"{&quot;aperture&quot;:&quot;0&quot;,&quot;credit&quot;:&quot;&quot;,&quot;camera&quot;:&quot;&quot;,&quot;caption&quot;:&quot;&quot;,&quot;created_timestamp&quot;:&quot;0&quot;,&quot;copyright&quot;:&quot;&quot;,&quot;focal_length&quot;:&quot;0&quot;,&quot;iso&quot;:&quot;0&quot;,&quot;shutter_speed&quot;:&quot;0&quot;,&quot;title&quot;:&quot;&quot;,&quot;orientation&quot;:&quot;0&quot;}\" data-image-title=\"regional 11 de educacion reunion\" data-image-description=\"\" data-image-caption=\"\" data-medium-file=\"https:\/\/sosuaonline.net\/inicio\/wp-content\/uploads\/2026\/03\/regional-11-de-educacion-reunion-300x225.jpg\" data-large-file=\"https:\/\/sosuaonline.net\/inicio\/wp-content\/uploads\/2026\/03\/regional-11-de-educacion-reunion.jpg\" class=\"aligncenter size-full wp-image-110887\" src=\"https:\/\/sosuaonline.net\/inicio\/wp-content\/uploads\/2026\/03\/regional-11-de-educacion-reunion.jpg\" alt=\"\" width=\"590\" height=\"443\" srcset=\"https:\/\/sosuaonline.net\/inicio\/wp-content\/uploads\/2026\/03\/regional-11-de-educacion-reunion.jpg 590w, https:\/\/sosuaonline.net\/inicio\/wp-content\/uploads\/2026\/03\/regional-11-de-educacion-reunion-300x225.jpg 300w\" sizes=\"auto, (max-width: 590px) 100vw, 590px\" \/><\/a><strong>Puerto Plata, RD.<\/strong> \u2013 La Direcci\u00f3n Regional 11 de Educaci\u00f3n llev\u00f3 a cabo su acostumbrada agenda semanal, con el prop\u00f3sito de puntualizar junto a su equipo t\u00e9cnico las acciones de gesti\u00f3n a ejecutar en los pr\u00f3ximos d\u00edas, fortaleciendo as\u00ed la planificaci\u00f3n y el seguimiento de los procesos educativos en la regi\u00f3n.<\/p>\n<\/div>\n<\/div>\n<p><!--more--><\/p>\n<div class=\"x14z9mp xat24cr x1lziwak x1vvkbs xtlvy1s x126k92a\">\n<div dir=\"auto\">La jornada estuvo encabezada por el director regional de Educaci\u00f3n 11, Luis Jos\u00e9 S\u00e1nchez Baldwin, junto a la directora adjunta Mar\u00eda Rojas y el equipo de t\u00e9cnicos regionales.<\/div>\n<\/div>\n<div class=\"x14z9mp xat24cr x1lziwak x1vvkbs xtlvy1s x126k92a\">\n<div dir=\"auto\">\nLa agenda inici\u00f3 con las palabras de apertura a cargo de Mar\u00eda Rojas, seguida de la invocaci\u00f3n a Dios realizada por Rud De Pe\u00f1a y la reflexi\u00f3n de Elizabeth Polanco.<\/p>\n<p>Las puntualizaciones y orientaciones estrat\u00e9gicas fueron presentadas por el director regional, Luis Jos\u00e9 S\u00e1nchez Baldwin, quien destac\u00f3 la importancia del trabajo en equipo y la eficiencia en la gesti\u00f3n educativa.<\/p><\/div>\n<\/div>\n<div class=\"x14z9mp xat24cr x1lziwak x1vvkbs xtlvy1s x126k92a\">\n<div dir=\"auto\">\nCon este tipo de encuentros, la Direcci\u00f3n Regional 11 reafirma su compromiso con la mejora continua del sistema educativo, mediante la coordinaci\u00f3n efectiva y el fortalecimiento institucional.<\/div>\n<div dir=\"auto\">\n\n\t\t<style type=\"text\/css\">\n\t\t\t#gallery-1 {\n\t\t\t\tmargin: auto;\n\t\t\t}\n\t\t\t#gallery-1 .gallery-item {\n\t\t\t\tfloat: left;\n\t\t\t\tmargin-top: 10px;\n\t\t\t\ttext-align: center;\n\t\t\t\twidth: 33%;\n\t\t\t}\n\t\t\t#gallery-1 img {\n\t\t\t\tborder: 2px solid #cfcfcf;\n\t\t\t}\n\t\t\t#gallery-1 .gallery-caption {\n\t\t\t\tmargin-left: 0;\n\t\t\t}\n\t\t\t\/* see gallery_shortcode() in wp-includes\/media.php *\/\n\t\t<\/style>\n\t\t<div data-carousel-extra='{&quot;blog_id&quot;:1,&quot;permalink&quot;:&quot;https:\/\/sosuaonline.net\/inicio\/direccion-regional-11-de-educacion-realiza-agenda-semanal-de-coordinacion-institucional\/&quot;}' id='gallery-1' class='gallery galleryid-110886 gallery-columns-3 gallery-size-thumbnail'><dl class='gallery-item'>\n\t\t\t<dt class='gallery-icon landscape'>\n\t\t\t\t<a href='https:\/\/sosuaonline.net\/inicio\/direccion-regional-11-de-educacion-realiza-agenda-semanal-de-coordinacion-institucional\/regional-11-de-educacion-reunion4\/'><img loading=\"lazy\" decoding=\"async\" width=\"150\" height=\"150\" src=\"https:\/\/sosuaonline.net\/inicio\/wp-content\/uploads\/2026\/03\/regional-11-de-educacion-reunion4-150x150.jpg\" class=\"attachment-thumbnail size-thumbnail\" alt=\"\" srcset=\"https:\/\/sosuaonline.net\/inicio\/wp-content\/uploads\/2026\/03\/regional-11-de-educacion-reunion4-150x150.jpg 150w, https:\/\/sosuaonline.net\/inicio\/wp-content\/uploads\/2026\/03\/regional-11-de-educacion-reunion4-1536x1536.jpg 1536w\" sizes=\"auto, (max-width: 150px) 100vw, 150px\" data-attachment-id=\"110888\" data-permalink=\"https:\/\/sosuaonline.net\/inicio\/direccion-regional-11-de-educacion-realiza-agenda-semanal-de-coordinacion-institucional\/regional-11-de-educacion-reunion4\/\" data-orig-file=\"https:\/\/sosuaonline.net\/inicio\/wp-content\/uploads\/2026\/03\/regional-11-de-educacion-reunion4.jpg\" data-orig-size=\"1600,1200\" data-comments-opened=\"0\" data-image-meta=\"{&quot;aperture&quot;:&quot;0&quot;,&quot;credit&quot;:&quot;&quot;,&quot;camera&quot;:&quot;&quot;,&quot;caption&quot;:&quot;&quot;,&quot;created_timestamp&quot;:&quot;0&quot;,&quot;copyright&quot;:&quot;&quot;,&quot;focal_length&quot;:&quot;0&quot;,&quot;iso&quot;:&quot;0&quot;,&quot;shutter_speed&quot;:&quot;0&quot;,&quot;title&quot;:&quot;&quot;,&quot;orientation&quot;:&quot;0&quot;}\" data-image-title=\"regional 11 de educacion reunion4\" data-image-description=\"\" data-image-caption=\"\" data-medium-file=\"https:\/\/sosuaonline.net\/inicio\/wp-content\/uploads\/2026\/03\/regional-11-de-educacion-reunion4-300x225.jpg\" data-large-file=\"https:\/\/sosuaonline.net\/inicio\/wp-content\/uploads\/2026\/03\/regional-11-de-educacion-reunion4-1024x768.jpg\" \/><\/a>\n\t\t\t<\/dt><\/dl><dl class='gallery-item'>\n\t\t\t<dt class='gallery-icon landscape'>\n\t\t\t\t<a href='https:\/\/sosuaonline.net\/inicio\/direccion-regional-11-de-educacion-realiza-agenda-semanal-de-coordinacion-institucional\/regional-11-de-educacion-reunion3\/'><img loading=\"lazy\" decoding=\"async\" width=\"150\" height=\"150\" src=\"https:\/\/sosuaonline.net\/inicio\/wp-content\/uploads\/2026\/03\/regional-11-de-educacion-reunion3-150x150.jpg\" class=\"attachment-thumbnail size-thumbnail\" alt=\"\" data-attachment-id=\"110889\" data-permalink=\"https:\/\/sosuaonline.net\/inicio\/direccion-regional-11-de-educacion-realiza-agenda-semanal-de-coordinacion-institucional\/regional-11-de-educacion-reunion3\/\" data-orig-file=\"https:\/\/sosuaonline.net\/inicio\/wp-content\/uploads\/2026\/03\/regional-11-de-educacion-reunion3.jpg\" data-orig-size=\"1068,830\" data-comments-opened=\"0\" data-image-meta=\"{&quot;aperture&quot;:&quot;0&quot;,&quot;credit&quot;:&quot;&quot;,&quot;camera&quot;:&quot;&quot;,&quot;caption&quot;:&quot;&quot;,&quot;created_timestamp&quot;:&quot;0&quot;,&quot;copyright&quot;:&quot;&quot;,&quot;focal_length&quot;:&quot;0&quot;,&quot;iso&quot;:&quot;0&quot;,&quot;shutter_speed&quot;:&quot;0&quot;,&quot;title&quot;:&quot;&quot;,&quot;orientation&quot;:&quot;0&quot;}\" data-image-title=\"regional 11 de educacion reunion3\" data-image-description=\"\" data-image-caption=\"\" data-medium-file=\"https:\/\/sosuaonline.net\/inicio\/wp-content\/uploads\/2026\/03\/regional-11-de-educacion-reunion3-300x233.jpg\" data-large-file=\"https:\/\/sosuaonline.net\/inicio\/wp-content\/uploads\/2026\/03\/regional-11-de-educacion-reunion3-1024x796.jpg\" \/><\/a>\n\t\t\t<\/dt><\/dl><dl class='gallery-item'>\n\t\t\t<dt class='gallery-icon landscape'>\n\t\t\t\t<a href='https:\/\/sosuaonline.net\/inicio\/direccion-regional-11-de-educacion-realiza-agenda-semanal-de-coordinacion-institucional\/regional-11-de-educacion-reunion2\/'><img loading=\"lazy\" decoding=\"async\" width=\"150\" height=\"150\" src=\"https:\/\/sosuaonline.net\/inicio\/wp-content\/uploads\/2026\/03\/regional-11-de-educacion-reunion2-150x150.jpg\" class=\"attachment-thumbnail size-thumbnail\" alt=\"\" srcset=\"https:\/\/sosuaonline.net\/inicio\/wp-content\/uploads\/2026\/03\/regional-11-de-educacion-reunion2-150x150.jpg 150w, https:\/\/sosuaonline.net\/inicio\/wp-content\/uploads\/2026\/03\/regional-11-de-educacion-reunion2-1536x1536.jpg 1536w\" sizes=\"auto, (max-width: 150px) 100vw, 150px\" data-attachment-id=\"110890\" data-permalink=\"https:\/\/sosuaonline.net\/inicio\/direccion-regional-11-de-educacion-realiza-agenda-semanal-de-coordinacion-institucional\/regional-11-de-educacion-reunion2\/\" data-orig-file=\"https:\/\/sosuaonline.net\/inicio\/wp-content\/uploads\/2026\/03\/regional-11-de-educacion-reunion2.jpg\" data-orig-size=\"1600,1200\" data-comments-opened=\"0\" data-image-meta=\"{&quot;aperture&quot;:&quot;0&quot;,&quot;credit&quot;:&quot;&quot;,&quot;camera&quot;:&quot;&quot;,&quot;caption&quot;:&quot;&quot;,&quot;created_timestamp&quot;:&quot;0&quot;,&quot;copyright&quot;:&quot;&quot;,&quot;focal_length&quot;:&quot;0&quot;,&quot;iso&quot;:&quot;0&quot;,&quot;shutter_speed&quot;:&quot;0&quot;,&quot;title&quot;:&quot;&quot;,&quot;orientation&quot;:&quot;0&quot;}\" data-image-title=\"regional 11 de educacion reunion2\" data-image-description=\"\" data-image-caption=\"\" data-medium-file=\"https:\/\/sosuaonline.net\/inicio\/wp-content\/uploads\/2026\/03\/regional-11-de-educacion-reunion2-300x225.jpg\" data-large-file=\"https:\/\/sosuaonline.net\/inicio\/wp-content\/uploads\/2026\/03\/regional-11-de-educacion-reunion2-1024x768.jpg\" \/><\/a>\n\t\t\t<\/dt><\/dl><br style=\"clear: both\" \/>\n\t\t<\/div>\n\n<\/div>\n<\/div>\n<div class=\"x14z9mp xat24cr x1lziwak x1vvkbs xtlvy1s x126k92a\">\n<div dir=\"auto\">\nDirecci\u00f3n de Comunicaci\u00f3n<\/div>\n<div dir=\"auto\">Direcci\u00f3n Regional 11 de Educaci\u00f3n<\/div>\n<\/div>\n<div class=\"x14z9mp xat24cr x1lziwak x1vvkbs xtlvy1s x126k92a\">\n<div dir=\"auto\"><\/div>\n<\/div>\n","protected":false},"excerpt":{"rendered":"<p>Puerto Plata, RD. \u2013 La Direcci\u00f3n Regional 11 de Educaci\u00f3n llev\u00f3 a cabo su acostumbrada agenda semanal, con el prop\u00f3sito de puntualizar junto a su equipo t\u00e9cnico las acciones de gesti\u00f3n a ejecutar en los pr\u00f3ximos d\u00edas, fortaleciendo as\u00ed la planificaci\u00f3n y el seguimiento de los procesos educativos en la regi\u00f3n.<\/p>\n","protected":false},"author":12,"featured_media":110889,"comment_status":"closed","ping_status":"closed","sticky":false,"template":"","format":"standard","meta":{"advanced_seo_description":"","jetpack_seo_html_title":"","jetpack_seo_noindex":false,"_jetpack_memberships_contains_paid_content":false,"footnotes":"","jetpack_publicize_message":"","jetpack_publicize_feature_enabled":true,"jetpack_social_post_already_shared":true,"jetpack_social_options":{"image_generator_settings":{"template":"highway","default_image_id":0,"font":"","enabled":false},"version":2}},"categories":[459],"tags":[],"class_list":["post-110886","post","type-post","status-publish","format-standard","has-post-thumbnail","hentry","category-educacion"],"jetpack_publicize_connections":[],"jetpack_featured_media_url":"https:\/\/sosuaonline.net\/inicio\/wp-content\/uploads\/2026\/03\/regional-11-de-educacion-reunion3.jpg","jetpack_sharing_enabled":true,"_links":{"self":[{"href":"https:\/\/sosuaonline.net\/inicio\/wp-json\/wp\/v2\/posts\/110886","targetHints":{"allow":["GET"]}}],"collection":[{"href":"https:\/\/sosuaonline.net\/inicio\/wp-json\/wp\/v2\/posts"}],"about":[{"href":"https:\/\/sosuaonline.net\/inicio\/wp-json\/wp\/v2\/types\/post"}],"author":[{"embeddable":true,"href":"https:\/\/sosuaonline.net\/inicio\/wp-json\/wp\/v2\/users\/12"}],"replies":[{"embeddable":true,"href":"https:\/\/sosuaonline.net\/inicio\/wp-json\/wp\/v2\/comments?post=110886"}],"version-history":[{"count":1,"href":"https:\/\/sosuaonline.net\/inicio\/wp-json\/wp\/v2\/posts\/110886\/revisions"}],"predecessor-version":[{"id":110892,"href":"https:\/\/sosuaonline.net\/inicio\/wp-json\/wp\/v2\/posts\/110886\/revisions\/110892"}],"wp:featuredmedia":[{"embeddable":true,"href":"https:\/\/sosuaonline.net\/inicio\/wp-json\/wp\/v2\/media\/110889"}],"wp:attachment":[{"href":"https:\/\/sosuaonline.net\/inicio\/wp-json\/wp\/v2\/media?parent=110886"}],"wp:term":[{"taxonomy":"category","embeddable":true,"href":"https:\/\/sosuaonline.net\/inicio\/wp-json\/wp\/v2\/categories?post=110886"},{"taxonomy":"post_tag","embeddable":true,"href":"https:\/\/sosuaonline.net\/inicio\/wp-json\/wp\/v2\/tags?post=110886"}],"curies":[{"name":"wp","href":"https:\/\/api.w.org\/{rel}","templated":true}]}}