{"id":110957,"date":"2026-03-30T09:23:34","date_gmt":"2026-03-30T13:23:34","guid":{"rendered":"https:\/\/sosuaonline.net\/inicio\/?p=110957"},"modified":"2026-03-30T09:23:34","modified_gmt":"2026-03-30T13:23:34","slug":"inicia-este-lunes-juicio-de-fondo-contra-wander-franco","status":"publish","type":"post","link":"https:\/\/sosuaonline.net\/inicio\/inicia-este-lunes-juicio-de-fondo-contra-wander-franco\/","title":{"rendered":"Inicia este lunes juicio de fondo contra Wander Franco"},"content":{"rendered":"<p data-mrf-recirculation=\"Links p\u00e1rrafos\"><b><img loading=\"lazy\" decoding=\"async\" data-attachment-id=\"110958\" data-permalink=\"https:\/\/sosuaonline.net\/inicio\/inicia-este-lunes-juicio-de-fondo-contra-wander-franco\/loukyj\/\" data-orig-file=\"https:\/\/sosuaonline.net\/inicio\/wp-content\/uploads\/2026\/03\/loukyj.jpg\" data-orig-size=\"403,224\" data-comments-opened=\"0\" data-image-meta=\"{&quot;aperture&quot;:&quot;0&quot;,&quot;credit&quot;:&quot;&quot;,&quot;camera&quot;:&quot;&quot;,&quot;caption&quot;:&quot;&quot;,&quot;created_timestamp&quot;:&quot;0&quot;,&quot;copyright&quot;:&quot;&quot;,&quot;focal_length&quot;:&quot;0&quot;,&quot;iso&quot;:&quot;0&quot;,&quot;shutter_speed&quot;:&quot;0&quot;,&quot;title&quot;:&quot;&quot;,&quot;orientation&quot;:&quot;0&quot;}\" data-image-title=\"loukyj\" data-image-description=\"\" data-image-caption=\"\" data-medium-file=\"https:\/\/sosuaonline.net\/inicio\/wp-content\/uploads\/2026\/03\/loukyj-300x167.jpg\" data-large-file=\"https:\/\/sosuaonline.net\/inicio\/wp-content\/uploads\/2026\/03\/loukyj.jpg\" class=\"size-full wp-image-110958 alignleft\" src=\"https:\/\/sosuaonline.net\/inicio\/wp-content\/uploads\/2026\/03\/loukyj.jpg\" alt=\"\" width=\"403\" height=\"224\" srcset=\"https:\/\/sosuaonline.net\/inicio\/wp-content\/uploads\/2026\/03\/loukyj.jpg 403w, https:\/\/sosuaonline.net\/inicio\/wp-content\/uploads\/2026\/03\/loukyj-300x167.jpg 300w\" sizes=\"auto, (max-width: 403px) 100vw, 403px\" \/>REDACCI<\/b><strong>\u00d3N. \u2013<\/strong>\u00a0Hoy inicia el juicio de fondo del caso que involucra al pelotero de Grandes Ligas\u00a0<strong>Wander Franco y a Vanessa Chevalier<\/strong>, en el tribunal Colegiado del Distrito Judicial de Puerto Plata.<\/p>\n<p data-mrf-recirculation=\"Links p\u00e1rrafos\">Este juicio\u00a0<strong>marca una etapa clave dentro del proceso judicial<\/strong>, ya que en esta fase se conocer\u00e1n en detalle los argumentos de las partes, la presentaci\u00f3n de pruebas y los testimonios que sustentan las\u00a0<strong>acusaciones y la defensa.<\/strong><\/p>\n<p data-mrf-recirculation=\"Links p\u00e1rrafos\">A diferencia de etapas preliminares, el\u00a0<strong>juicio de fondo<\/strong>\u00a0busca que el tribunal eval\u00fae el caso en su totalidad para emitir una decisi\u00f3n sobre el mismo.<\/p>\n<p data-mrf-recirculation=\"Links p\u00e1rrafos\">El conocimiento del caso se lleva a cabo en el tribunal Colegiado del Distrito Judicial de Puerto Plata, donde se espera la participaci\u00f3n de los abogados de ambas partes,\u00a0<strong>as\u00ed como posibles testigos y peritos que podr\u00edan aportar elementos relevantes\u00a0<\/strong>para el esclarecimiento de los hechos.<\/p>\n<p data-mrf-recirculation=\"Links p\u00e1rrafos\">Este proceso ha generado<strong>\u00a0gran atenci\u00f3n p\u00fablica<\/strong>\u00a0debido a la notoriedad del jugador, quien ha sido una figura destacada en el b\u00e9isbol profesional, por lo que el desarrollo del juicio ser\u00e1 seguido de cerca tanto a nivel local como internacional.<\/p>\n<p data-mrf-recirculation=\"Links p\u00e1rrafos\"><strong>Se prev\u00e9 que las audiencias se extiend<\/strong><\/p>\n<p data-mrf-recirculation=\"Links p\u00e1rrafos\"><strong>an hasta el mi\u00e9rcoles, dependiendo de la complejidad del caso y la cantidad de pruebas a presentar<\/strong><\/p>\n<p data-mrf-recirculation=\"Links p\u00e1rrafos\">Se recuerda que el tribunal Colegiado de Puerto Plata conden\u00f3 a\u00a0<strong>Wander Franco a 2 a\u00f1os de prisi\u00f3n suspendida\u00a0<\/strong>y a<strong>Vanessa Chevalier a 10 a\u00f1os de prisi\u00f3n<\/strong>, pero la Corte de Apelaci\u00f3n, anul\u00f3 la sentencia y decidi\u00f3 un nuevo juicio.<\/p>\n","protected":false},"excerpt":{"rendered":"<p>REDACCI\u00d3N. \u2013\u00a0Hoy inicia el juicio de fondo del caso que involucra al pelotero de Grandes Ligas\u00a0Wander Franco y a Vanessa Chevalier, en el tribunal Colegiado del Distrito Judicial de Puerto Plata. Este juicio\u00a0marca una etapa clave dentro del proceso judicial, ya que en esta fase se conocer\u00e1n en detalle los argumentos de las partes, la presentaci\u00f3n de pruebas y los testimonios que sustentan las\u00a0acusaciones y la defensa. A diferencia de etapas preliminares, el\u00a0juicio de fondo\u00a0busca que el tribunal eval\u00fae el caso en su totalidad para emitir una decisi\u00f3n sobre el mismo. El conocimiento del caso se lleva a cabo en el tribunal Colegiado del Distrito Judicial de Puerto Plata, donde se espera la participaci\u00f3n de los abogados de ambas partes,\u00a0as\u00ed como posibles testigos y peritos que podr\u00edan aportar elementos relevantes\u00a0para el esclarecimiento de los hechos. Este proceso ha generado\u00a0gran atenci\u00f3n p\u00fablica\u00a0debido a la notoriedad del jugador, quien ha sido una figura destacada en el b\u00e9isbol profesional, por lo que el desarrollo del juicio ser\u00e1 seguido de cerca tanto a nivel local como internacional. Se prev\u00e9 que las audiencias se extiend an hasta el mi\u00e9rcoles, dependiendo de la complejidad del caso y la cantidad de pruebas a presentar Se recuerda que el tribunal Colegiado de Puerto Plata conden\u00f3 a\u00a0Wander Franco a 2 a\u00f1os de prisi\u00f3n suspendida\u00a0y aVanessa Chevalier a 10 a\u00f1os de prisi\u00f3n, pero la Corte de Apelaci\u00f3n, anul\u00f3 la sentencia y decidi\u00f3 un nuevo juicio.<\/p>\n","protected":false},"author":9,"featured_media":110958,"comment_status":"closed","ping_status":"closed","sticky":false,"template":"","format":"standard","meta":{"advanced_seo_description":"","jetpack_seo_html_title":"","jetpack_seo_noindex":false,"_jetpack_memberships_contains_paid_content":false,"footnotes":"","jetpack_publicize_message":"","jetpack_publicize_feature_enabled":true,"jetpack_social_post_already_shared":true,"jetpack_social_options":{"image_generator_settings":{"template":"highway","default_image_id":0,"font":"","enabled":false},"version":2}},"categories":[312],"tags":[],"class_list":["post-110957","post","type-post","status-publish","format-standard","has-post-thumbnail","hentry","category-comentando-online"],"jetpack_publicize_connections":[],"jetpack_featured_media_url":"https:\/\/sosuaonline.net\/inicio\/wp-content\/uploads\/2026\/03\/loukyj.jpg","jetpack_sharing_enabled":true,"_links":{"self":[{"href":"https:\/\/sosuaonline.net\/inicio\/wp-json\/wp\/v2\/posts\/110957","targetHints":{"allow":["GET"]}}],"collection":[{"href":"https:\/\/sosuaonline.net\/inicio\/wp-json\/wp\/v2\/posts"}],"about":[{"href":"https:\/\/sosuaonline.net\/inicio\/wp-json\/wp\/v2\/types\/post"}],"author":[{"embeddable":true,"href":"https:\/\/sosuaonline.net\/inicio\/wp-json\/wp\/v2\/users\/9"}],"replies":[{"embeddable":true,"href":"https:\/\/sosuaonline.net\/inicio\/wp-json\/wp\/v2\/comments?post=110957"}],"version-history":[{"count":1,"href":"https:\/\/sosuaonline.net\/inicio\/wp-json\/wp\/v2\/posts\/110957\/revisions"}],"predecessor-version":[{"id":110959,"href":"https:\/\/sosuaonline.net\/inicio\/wp-json\/wp\/v2\/posts\/110957\/revisions\/110959"}],"wp:featuredmedia":[{"embeddable":true,"href":"https:\/\/sosuaonline.net\/inicio\/wp-json\/wp\/v2\/media\/110958"}],"wp:attachment":[{"href":"https:\/\/sosuaonline.net\/inicio\/wp-json\/wp\/v2\/media?parent=110957"}],"wp:term":[{"taxonomy":"category","embeddable":true,"href":"https:\/\/sosuaonline.net\/inicio\/wp-json\/wp\/v2\/categories?post=110957"},{"taxonomy":"post_tag","embeddable":true,"href":"https:\/\/sosuaonline.net\/inicio\/wp-json\/wp\/v2\/tags?post=110957"}],"curies":[{"name":"wp","href":"https:\/\/api.w.org\/{rel}","templated":true}]}}