{"id":110970,"date":"2026-03-31T08:05:39","date_gmt":"2026-03-31T12:05:39","guid":{"rendered":"https:\/\/sosuaonline.net\/inicio\/?p=110970"},"modified":"2026-03-31T08:05:39","modified_gmt":"2026-03-31T12:05:39","slug":"santiago-el-gobierno-inaugura-dos-instalaciones-deportivas","status":"publish","type":"post","link":"https:\/\/sosuaonline.net\/inicio\/santiago-el-gobierno-inaugura-dos-instalaciones-deportivas\/","title":{"rendered":"Santiago: El Gobierno inaugura dos instalaciones deportivas"},"content":{"rendered":"<p><img loading=\"lazy\" decoding=\"async\" data-attachment-id=\"110971\" data-permalink=\"https:\/\/sosuaonline.net\/inicio\/santiago-el-gobierno-inaugura-dos-instalaciones-deportivas\/whatsapp-image-2026-03-30-at-2-38-01-pm-300x200\/\" data-orig-file=\"https:\/\/sosuaonline.net\/inicio\/wp-content\/uploads\/2026\/03\/WhatsApp-Image-2026-03-30-at-2.38.01-PM-300x200-1.jpeg\" data-orig-size=\"300,200\" data-comments-opened=\"0\" data-image-meta=\"{&quot;aperture&quot;:&quot;0&quot;,&quot;credit&quot;:&quot;&quot;,&quot;camera&quot;:&quot;&quot;,&quot;caption&quot;:&quot;&quot;,&quot;created_timestamp&quot;:&quot;0&quot;,&quot;copyright&quot;:&quot;&quot;,&quot;focal_length&quot;:&quot;0&quot;,&quot;iso&quot;:&quot;0&quot;,&quot;shutter_speed&quot;:&quot;0&quot;,&quot;title&quot;:&quot;&quot;,&quot;orientation&quot;:&quot;0&quot;}\" data-image-title=\"WhatsApp-Image-2026-03-30-at-2.38.01-PM-300&amp;#215;200\" data-image-description=\"\" data-image-caption=\"\" data-medium-file=\"https:\/\/sosuaonline.net\/inicio\/wp-content\/uploads\/2026\/03\/WhatsApp-Image-2026-03-30-at-2.38.01-PM-300x200-1.jpeg\" data-large-file=\"https:\/\/sosuaonline.net\/inicio\/wp-content\/uploads\/2026\/03\/WhatsApp-Image-2026-03-30-at-2.38.01-PM-300x200-1.jpeg\" class=\"size-full wp-image-110971 alignleft\" src=\"https:\/\/sosuaonline.net\/inicio\/wp-content\/uploads\/2026\/03\/WhatsApp-Image-2026-03-30-at-2.38.01-PM-300x200-1.jpeg\" alt=\"\" width=\"300\" height=\"200\" \/>SANTIAGO .- El gobierno inaugur\u00f3 este lunes dos instalaciones deportivas en esta ciudad, en sendas ceremonias, una encabezada por el presidente Luis Abinader, y otra por la vicepresidenta Raquel Pe\u00f1a.<\/p>\n<p>El Mandatario encabez\u00f3 la inauguraci\u00f3n de una cancha techada en el Centro Educativo Blanca Mascar\u00f3, que busca impactar a estudiantes y docentes. Tuvo una inversi\u00f3n de RD$29,8 millones.<\/p>\n<p>En representaci\u00f3n del ministro de Educaci\u00f3n, Luis Miguel De Camps, el viceministro, Francisco D\u00b4Oleo, destac\u00f3 que la entrega de esta cancha reviste un significado especial para la comunidad educativa.<\/p>\n<p>Dijo que la infraestructura contribuir\u00e1 al desarrollo f\u00edsico, emocional y acad\u00e9mico de los alumnos, al ofrecer un entorno que favorece la disciplina, el trabajo en equipo y la sana convivencia.<\/p>\n<p>Resalt\u00f3 la importancia de que coincida con conmemoraci\u00f3n de la Batalla del 30 de Marzo, que simboliza la defensa de la soberan\u00eda nacional y los ideales de libertad.<\/p>\n<p><strong>REMOZAMIENTO DE OTRA CANCHA\u00a0<\/strong><\/p>\n<p>En otro acto, la Vicepresidenta de la Rep\u00fablica encabez\u00f3 la inauguraci\u00f3n del techado y remozamiento de una cancha deportiva en el Polit\u00e9cnico Profesor Plinio Rafael Mart\u00ednez, en el sector La Alegr\u00eda, en Cienfuegos, Santiago Oeste.<\/p>\n<p>Esta obra tuvo una inversi\u00f3n de RD$35,7 millones y fue ejecutada por el Ministerio de Educaci\u00f3n, a trav\u00e9s de la Direcci\u00f3n de Infraestructura Escolar.<\/p>\n<p>La misma incorpora facilidades modernas para la pr\u00e1ctica deportiva y la realizaci\u00f3n de actividades escolares.<\/p>\n<p>El proyecto incluye una estructura met\u00e1lica sobre pedestales de hormig\u00f3n armado, iluminaci\u00f3n tipo LED, techo en Aluzinc, piso sint\u00e9tico, canastos de baloncesto m\u00f3viles y gradas.<\/p>\n<p>Incorpora adem\u00e1s obras complementarias como bater\u00edas de ba\u00f1os, \u00e1rea multiuso, sistema s\u00e9ptico, cisterna con capacidad de 4,000 galones, cierre perimetral y \u00e1reas verdes.<\/p>\n<p>an\/am<\/p>\n","protected":false},"excerpt":{"rendered":"<p>SANTIAGO .- El gobierno inaugur\u00f3 este lunes dos instalaciones deportivas en esta ciudad, en sendas ceremonias, una encabezada por el presidente Luis Abinader, y otra por la vicepresidenta Raquel Pe\u00f1a. El Mandatario encabez\u00f3 la inauguraci\u00f3n de una cancha techada en el Centro Educativo Blanca Mascar\u00f3, que busca impactar a estudiantes y docentes. Tuvo una inversi\u00f3n de RD$29,8 millones. En representaci\u00f3n del ministro de Educaci\u00f3n, Luis Miguel De Camps, el viceministro, Francisco D\u00b4Oleo, destac\u00f3 que la entrega de esta cancha reviste un significado especial para la comunidad educativa. Dijo que la infraestructura contribuir\u00e1 al desarrollo f\u00edsico, emocional y acad\u00e9mico de los alumnos, al ofrecer un entorno que favorece la disciplina, el trabajo en equipo y la sana convivencia. Resalt\u00f3 la importancia de que coincida con conmemoraci\u00f3n de la Batalla del 30 de Marzo, que simboliza la defensa de la soberan\u00eda nacional y los ideales de libertad. REMOZAMIENTO DE OTRA CANCHA\u00a0 En otro acto, la Vicepresidenta de la Rep\u00fablica encabez\u00f3 la inauguraci\u00f3n del techado y remozamiento de una cancha deportiva en el Polit\u00e9cnico Profesor Plinio Rafael Mart\u00ednez, en el sector La Alegr\u00eda, en Cienfuegos, Santiago Oeste. Esta obra tuvo una inversi\u00f3n de RD$35,7 millones y fue ejecutada por el Ministerio de Educaci\u00f3n, a trav\u00e9s de la Direcci\u00f3n de Infraestructura Escolar. La misma incorpora facilidades modernas para la pr\u00e1ctica deportiva y la realizaci\u00f3n de actividades escolares. El proyecto incluye una estructura met\u00e1lica sobre pedestales de hormig\u00f3n armado, iluminaci\u00f3n tipo LED, techo en Aluzinc, piso sint\u00e9tico, canastos de baloncesto m\u00f3viles y gradas. Incorpora adem\u00e1s obras complementarias como bater\u00edas de ba\u00f1os, \u00e1rea multiuso, sistema s\u00e9ptico, cisterna con capacidad de 4,000 galones, cierre perimetral y \u00e1reas verdes. an\/am<\/p>\n","protected":false},"author":9,"featured_media":110971,"comment_status":"closed","ping_status":"closed","sticky":false,"template":"","format":"standard","meta":{"advanced_seo_description":"","jetpack_seo_html_title":"","jetpack_seo_noindex":false,"_jetpack_memberships_contains_paid_content":false,"footnotes":"","jetpack_publicize_message":"","jetpack_publicize_feature_enabled":true,"jetpack_social_post_already_shared":true,"jetpack_social_options":{"image_generator_settings":{"template":"highway","default_image_id":0,"font":"","enabled":false},"version":2}},"categories":[459],"tags":[],"class_list":["post-110970","post","type-post","status-publish","format-standard","has-post-thumbnail","hentry","category-educacion"],"jetpack_publicize_connections":[],"jetpack_featured_media_url":"https:\/\/sosuaonline.net\/inicio\/wp-content\/uploads\/2026\/03\/WhatsApp-Image-2026-03-30-at-2.38.01-PM-300x200-1.jpeg","jetpack_sharing_enabled":true,"_links":{"self":[{"href":"https:\/\/sosuaonline.net\/inicio\/wp-json\/wp\/v2\/posts\/110970","targetHints":{"allow":["GET"]}}],"collection":[{"href":"https:\/\/sosuaonline.net\/inicio\/wp-json\/wp\/v2\/posts"}],"about":[{"href":"https:\/\/sosuaonline.net\/inicio\/wp-json\/wp\/v2\/types\/post"}],"author":[{"embeddable":true,"href":"https:\/\/sosuaonline.net\/inicio\/wp-json\/wp\/v2\/users\/9"}],"replies":[{"embeddable":true,"href":"https:\/\/sosuaonline.net\/inicio\/wp-json\/wp\/v2\/comments?post=110970"}],"version-history":[{"count":1,"href":"https:\/\/sosuaonline.net\/inicio\/wp-json\/wp\/v2\/posts\/110970\/revisions"}],"predecessor-version":[{"id":110972,"href":"https:\/\/sosuaonline.net\/inicio\/wp-json\/wp\/v2\/posts\/110970\/revisions\/110972"}],"wp:featuredmedia":[{"embeddable":true,"href":"https:\/\/sosuaonline.net\/inicio\/wp-json\/wp\/v2\/media\/110971"}],"wp:attachment":[{"href":"https:\/\/sosuaonline.net\/inicio\/wp-json\/wp\/v2\/media?parent=110970"}],"wp:term":[{"taxonomy":"category","embeddable":true,"href":"https:\/\/sosuaonline.net\/inicio\/wp-json\/wp\/v2\/categories?post=110970"},{"taxonomy":"post_tag","embeddable":true,"href":"https:\/\/sosuaonline.net\/inicio\/wp-json\/wp\/v2\/tags?post=110970"}],"curies":[{"name":"wp","href":"https:\/\/api.w.org\/{rel}","templated":true}]}}