{"id":110992,"date":"2026-04-01T07:32:30","date_gmt":"2026-04-01T11:32:30","guid":{"rendered":"https:\/\/sosuaonline.net\/inicio\/?p=110992"},"modified":"2026-04-01T07:32:30","modified_gmt":"2026-04-01T11:32:30","slug":"gobierno-anuncia-rehabilitacion-del-teleferico-de-puerto-plata","status":"publish","type":"post","link":"https:\/\/sosuaonline.net\/inicio\/gobierno-anuncia-rehabilitacion-del-teleferico-de-puerto-plata\/","title":{"rendered":"Gobierno anuncia rehabilitaci\u00f3n del telef\u00e9rico de Puerto Plata"},"content":{"rendered":"<p><span data-originalfontsize=\"12pt\" data-originalcomputedfontsize=\"16\"><img loading=\"lazy\" decoding=\"async\" data-attachment-id=\"110993\" data-permalink=\"https:\/\/sosuaonline.net\/inicio\/gobierno-anuncia-rehabilitacion-del-teleferico-de-puerto-plata\/destacan-visitas-de-miles-extranjeros-y-criollos-al-teleferico-turistico-de-puerto-plata-300x203\/\" data-orig-file=\"https:\/\/sosuaonline.net\/inicio\/wp-content\/uploads\/2026\/04\/DESTACAN-VISITAS-DE-MILES-EXTRANJEROS-Y-CRIOLLOS-AL-TELEFERICO-TURISTICO-DE-PUERTO-PLATA-300x203-1.jpg\" data-orig-size=\"300,203\" data-comments-opened=\"0\" data-image-meta=\"{&quot;aperture&quot;:&quot;0&quot;,&quot;credit&quot;:&quot;&quot;,&quot;camera&quot;:&quot;&quot;,&quot;caption&quot;:&quot;&quot;,&quot;created_timestamp&quot;:&quot;0&quot;,&quot;copyright&quot;:&quot;&quot;,&quot;focal_length&quot;:&quot;0&quot;,&quot;iso&quot;:&quot;0&quot;,&quot;shutter_speed&quot;:&quot;0&quot;,&quot;title&quot;:&quot;&quot;,&quot;orientation&quot;:&quot;0&quot;}\" data-image-title=\"DESTACAN-VISITAS-DE-MILES-EXTRANJEROS-Y-CRIOLLOS-AL-TELEFERICO-TURISTICO-DE-PUERTO-PLATA-300&amp;#215;203\" data-image-description=\"\" data-image-caption=\"\" data-medium-file=\"https:\/\/sosuaonline.net\/inicio\/wp-content\/uploads\/2026\/04\/DESTACAN-VISITAS-DE-MILES-EXTRANJEROS-Y-CRIOLLOS-AL-TELEFERICO-TURISTICO-DE-PUERTO-PLATA-300x203-1.jpg\" data-large-file=\"https:\/\/sosuaonline.net\/inicio\/wp-content\/uploads\/2026\/04\/DESTACAN-VISITAS-DE-MILES-EXTRANJEROS-Y-CRIOLLOS-AL-TELEFERICO-TURISTICO-DE-PUERTO-PLATA-300x203-1.jpg\" class=\"size-full wp-image-110993 alignleft\" src=\"https:\/\/sosuaonline.net\/inicio\/wp-content\/uploads\/2026\/04\/DESTACAN-VISITAS-DE-MILES-EXTRANJEROS-Y-CRIOLLOS-AL-TELEFERICO-TURISTICO-DE-PUERTO-PLATA-300x203-1.jpg\" alt=\"\" width=\"300\" height=\"203\" srcset=\"https:\/\/sosuaonline.net\/inicio\/wp-content\/uploads\/2026\/04\/DESTACAN-VISITAS-DE-MILES-EXTRANJEROS-Y-CRIOLLOS-AL-TELEFERICO-TURISTICO-DE-PUERTO-PLATA-300x203-1.jpg 300w, https:\/\/sosuaonline.net\/inicio\/wp-content\/uploads\/2026\/04\/DESTACAN-VISITAS-DE-MILES-EXTRANJEROS-Y-CRIOLLOS-AL-TELEFERICO-TURISTICO-DE-PUERTO-PLATA-300x203-1-75x52.jpg 75w\" sizes=\"auto, (max-width: 300px) 100vw, 300px\" \/>PUERTO PLATA, Rep\u00fablica Dominicana.- El ministro de la Presidencia, Jos\u00e9 Ignacio Paliza, y el titular \u00a0dominicano de Turismo, David Collado, presentaron este lunes un proyecto de rehabilitaci\u00f3n integral del Telef\u00e9rico de Puerto Plata que ser\u00e1 ejecutado por el gobierno.\u00a0<\/span><\/p>\n<p><span data-originalfontsize=\"12pt\" data-originalcomputedfontsize=\"16\">Con un presupuesto estimado superior a los 20 millones de d\u00f3lares, los fondos provendr\u00e1n del Ministerio de Turismo (MITUR) y del Instituto Dominicano de Aviaci\u00f3n Civil (IDAC).<\/span><\/p>\n<p><span data-originalfontsize=\"12pt\" data-originalcomputedfontsize=\"16\">El nuevo sistema triplicar\u00e1 la capacidad de pasajeros, reducir\u00e1 el tiempo de trayecto y cumplir\u00e1 con est\u00e1ndares internacionales de seguridad.<\/span><\/p>\n<p><span data-originalfontsize=\"12pt\" data-originalcomputedfontsize=\"16\">El emblem\u00e1tico sistema de transporte tur\u00edstico que conecta la ciudad con la cima de la Loma Isabel de Torres ser\u00e1 reacondicionado en 18 meses a partir de la adjudicaci\u00f3n de la licitaci\u00f3n.<\/span><\/p>\n<p><strong data-removefontsize=\"true\" data-originalcomputedfontsize=\"16\">TELEF\u00c9RICO, S\u00cdMBOLO DEL TURISMO<br \/>\n<\/strong><br \/>\n\u201cEl Telef\u00e9rico de Puerto Plata ha sido por cinco d\u00e9cadas un s\u00edmbolo del turismo dominicano.<\/p>\n<p><span data-originalfontsize=\"12pt\" data-originalcomputedfontsize=\"16\">Hoy comenzamos el proceso para que siga siendo referente, con tecnolog\u00eda de vanguardia y mayor seguridad (\u2026)\u201d, afirm\u00f3 \u00a0Paliza.<\/span><\/p>\n<p>El ministro de la Presidencia anunci\u00f3 adem\u00e1s que, tras haberse identificado y destinado los recursos para el proyecto, el presidente Luis Abinader derogar\u00e1 el decreto 162-25, que ordenaba la creaci\u00f3n de un fideicomiso p\u00fablico para estos fines.<\/p>\n<p><strong><span data-originalfontsize=\"12pt\" data-originalcomputedfontsize=\"16\">MEJORAS SIGNIFICATIVAS<\/span><\/strong><\/p>\n<p><span data-originalfontsize=\"12pt\" data-originalcomputedfontsize=\"16\">Entre los cambios del proyecto est\u00e1 la modernizaci\u00f3n de las cabinas de transporte, que permitir\u00e1n atender 50 pasajeros, frente a 18 en la actualidad, as\u00ed como disminuir el tiempo de recorrido de 8 a 5 minutos.<\/span><\/p>\n<p><span data-originalfontsize=\"12pt\" data-originalcomputedfontsize=\"16\">Collado afirm\u00f3 \u00a0estar consciente de la preocupaci\u00f3n de los puertoplate\u00f1os por el cierre del telef\u00e9rico; sin embargo, explic\u00f3 que esta decisi\u00f3n responde a un criterio de responsabilidad, priorizando la seguridad de las personas.<br \/>\n<\/span><\/p>\n<p><span data-originalfontsize=\"12pt\" data-originalcomputedfontsize=\"16\">La iniciativa, liderada por la Unidad Ejecutora para la Readecuaci\u00f3n de Barrios y Entornos (URBE), representa la renovaci\u00f3n m\u00e1s significativa de esta infraestructura desde su inauguraci\u00f3n, el 19 de julio de 1975.<\/span><\/p>\n<p><span data-originalfontsize=\"12pt\" data-originalcomputedfontsize=\"16\">agl<\/span><\/p>\n","protected":false},"excerpt":{"rendered":"<p>PUERTO PLATA, Rep\u00fablica Dominicana.- El ministro de la Presidencia, Jos\u00e9 Ignacio Paliza, y el titular \u00a0dominicano de Turismo, David Collado, presentaron este lunes un proyecto de rehabilitaci\u00f3n integral del Telef\u00e9rico de Puerto Plata que ser\u00e1 ejecutado por el gobierno.\u00a0 Con un presupuesto estimado superior a los 20 millones de d\u00f3lares, los fondos provendr\u00e1n del Ministerio de Turismo (MITUR) y del Instituto Dominicano de Aviaci\u00f3n Civil (IDAC). El nuevo sistema triplicar\u00e1 la capacidad de pasajeros, reducir\u00e1 el tiempo de trayecto y cumplir\u00e1 con est\u00e1ndares internacionales de seguridad. El emblem\u00e1tico sistema de transporte tur\u00edstico que conecta la ciudad con la cima de la Loma Isabel de Torres ser\u00e1 reacondicionado en 18 meses a partir de la adjudicaci\u00f3n de la licitaci\u00f3n. TELEF\u00c9RICO, S\u00cdMBOLO DEL TURISMO \u201cEl Telef\u00e9rico de Puerto Plata ha sido por cinco d\u00e9cadas un s\u00edmbolo del turismo dominicano. Hoy comenzamos el proceso para que siga siendo referente, con tecnolog\u00eda de vanguardia y mayor seguridad (\u2026)\u201d, afirm\u00f3 \u00a0Paliza. El ministro de la Presidencia anunci\u00f3 adem\u00e1s que, tras haberse identificado y destinado los recursos para el proyecto, el presidente Luis Abinader derogar\u00e1 el decreto 162-25, que ordenaba la creaci\u00f3n de un fideicomiso p\u00fablico para estos fines. MEJORAS SIGNIFICATIVAS Entre los cambios del proyecto est\u00e1 la modernizaci\u00f3n de las cabinas de transporte, que permitir\u00e1n atender 50 pasajeros, frente a 18 en la actualidad, as\u00ed como disminuir el tiempo de recorrido de 8 a 5 minutos. Collado afirm\u00f3 \u00a0estar consciente de la preocupaci\u00f3n de los puertoplate\u00f1os por el cierre del telef\u00e9rico; sin embargo, explic\u00f3 que esta decisi\u00f3n responde a un criterio de responsabilidad, priorizando la seguridad de las personas. La iniciativa, liderada por la Unidad Ejecutora para la Readecuaci\u00f3n de Barrios y Entornos (URBE), representa la renovaci\u00f3n m\u00e1s significativa de esta infraestructura desde su inauguraci\u00f3n, el 19 de julio de 1975. agl<\/p>\n","protected":false},"author":9,"featured_media":110993,"comment_status":"closed","ping_status":"closed","sticky":false,"template":"","format":"standard","meta":{"advanced_seo_description":"","jetpack_seo_html_title":"","jetpack_seo_noindex":false,"_jetpack_memberships_contains_paid_content":false,"footnotes":"","jetpack_publicize_message":"","jetpack_publicize_feature_enabled":true,"jetpack_social_post_already_shared":true,"jetpack_social_options":{"image_generator_settings":{"template":"highway","default_image_id":0,"font":"","enabled":false},"version":2}},"categories":[312],"tags":[],"class_list":["post-110992","post","type-post","status-publish","format-standard","has-post-thumbnail","hentry","category-comentando-online"],"jetpack_publicize_connections":[],"jetpack_featured_media_url":"https:\/\/sosuaonline.net\/inicio\/wp-content\/uploads\/2026\/04\/DESTACAN-VISITAS-DE-MILES-EXTRANJEROS-Y-CRIOLLOS-AL-TELEFERICO-TURISTICO-DE-PUERTO-PLATA-300x203-1.jpg","jetpack_sharing_enabled":true,"_links":{"self":[{"href":"https:\/\/sosuaonline.net\/inicio\/wp-json\/wp\/v2\/posts\/110992","targetHints":{"allow":["GET"]}}],"collection":[{"href":"https:\/\/sosuaonline.net\/inicio\/wp-json\/wp\/v2\/posts"}],"about":[{"href":"https:\/\/sosuaonline.net\/inicio\/wp-json\/wp\/v2\/types\/post"}],"author":[{"embeddable":true,"href":"https:\/\/sosuaonline.net\/inicio\/wp-json\/wp\/v2\/users\/9"}],"replies":[{"embeddable":true,"href":"https:\/\/sosuaonline.net\/inicio\/wp-json\/wp\/v2\/comments?post=110992"}],"version-history":[{"count":1,"href":"https:\/\/sosuaonline.net\/inicio\/wp-json\/wp\/v2\/posts\/110992\/revisions"}],"predecessor-version":[{"id":110994,"href":"https:\/\/sosuaonline.net\/inicio\/wp-json\/wp\/v2\/posts\/110992\/revisions\/110994"}],"wp:featuredmedia":[{"embeddable":true,"href":"https:\/\/sosuaonline.net\/inicio\/wp-json\/wp\/v2\/media\/110993"}],"wp:attachment":[{"href":"https:\/\/sosuaonline.net\/inicio\/wp-json\/wp\/v2\/media?parent=110992"}],"wp:term":[{"taxonomy":"category","embeddable":true,"href":"https:\/\/sosuaonline.net\/inicio\/wp-json\/wp\/v2\/categories?post=110992"},{"taxonomy":"post_tag","embeddable":true,"href":"https:\/\/sosuaonline.net\/inicio\/wp-json\/wp\/v2\/tags?post=110992"}],"curies":[{"name":"wp","href":"https:\/\/api.w.org\/{rel}","templated":true}]}}