{"id":111043,"date":"2026-04-03T20:49:13","date_gmt":"2026-04-04T00:49:13","guid":{"rendered":"https:\/\/sosuaonline.net\/inicio\/?p=111043"},"modified":"2026-04-04T07:48:34","modified_gmt":"2026-04-04T11:48:34","slug":"2do-dia-en-sosua-del-operativo-semana-santa-2026","status":"publish","type":"post","link":"https:\/\/sosuaonline.net\/inicio\/2do-dia-en-sosua-del-operativo-semana-santa-2026\/","title":{"rendered":"FOTOS: 2do. D\u00eda en Sos\u00faa del Operativo Semana Santa 2026"},"content":{"rendered":"<div class=\"xdj266r x14z9mp xat24cr x1lziwak x1vvkbs x126k92a\"><\/div>\n<div class=\"x14z9mp xat24cr x1lziwak x1vvkbs xtlvy1s x126k92a\">\n<div dir=\"auto\">\n<div id=\"attachment_111044\" style=\"width: 906px\" class=\"wp-caption aligncenter\"><a href=\"https:\/\/sosuaonline.net\/inicio\/wp-content\/uploads\/2026\/04\/2DO-DIA-VIERNES-SANTO.jpeg\"><img loading=\"lazy\" decoding=\"async\" aria-describedby=\"caption-attachment-111044\" data-attachment-id=\"111044\" data-permalink=\"https:\/\/sosuaonline.net\/inicio\/2do-dia-en-sosua-del-operativo-semana-santa-2026\/2do-dia-viernes-santo\/\" data-orig-file=\"https:\/\/sosuaonline.net\/inicio\/wp-content\/uploads\/2026\/04\/2DO-DIA-VIERNES-SANTO.jpeg\" data-orig-size=\"1600,1200\" data-comments-opened=\"0\" data-image-meta=\"{&quot;aperture&quot;:&quot;0&quot;,&quot;credit&quot;:&quot;&quot;,&quot;camera&quot;:&quot;&quot;,&quot;caption&quot;:&quot;&quot;,&quot;created_timestamp&quot;:&quot;0&quot;,&quot;copyright&quot;:&quot;&quot;,&quot;focal_length&quot;:&quot;0&quot;,&quot;iso&quot;:&quot;0&quot;,&quot;shutter_speed&quot;:&quot;0&quot;,&quot;title&quot;:&quot;&quot;,&quot;orientation&quot;:&quot;0&quot;}\" data-image-title=\"2DO DIA VIERNES SANTO\" data-image-description=\"\" data-image-caption=\"&lt;p&gt;Foto: Defensa Civil Sos\u00faa&lt;\/p&gt;\n\" data-medium-file=\"https:\/\/sosuaonline.net\/inicio\/wp-content\/uploads\/2026\/04\/2DO-DIA-VIERNES-SANTO-300x225.jpeg\" data-large-file=\"https:\/\/sosuaonline.net\/inicio\/wp-content\/uploads\/2026\/04\/2DO-DIA-VIERNES-SANTO-1024x768.jpeg\" class=\" wp-image-111044\" src=\"https:\/\/sosuaonline.net\/inicio\/wp-content\/uploads\/2026\/04\/2DO-DIA-VIERNES-SANTO.jpeg\" alt=\"\" width=\"896\" height=\"672\" srcset=\"https:\/\/sosuaonline.net\/inicio\/wp-content\/uploads\/2026\/04\/2DO-DIA-VIERNES-SANTO.jpeg 1600w, https:\/\/sosuaonline.net\/inicio\/wp-content\/uploads\/2026\/04\/2DO-DIA-VIERNES-SANTO-300x225.jpeg 300w, https:\/\/sosuaonline.net\/inicio\/wp-content\/uploads\/2026\/04\/2DO-DIA-VIERNES-SANTO-1024x768.jpeg 1024w, https:\/\/sosuaonline.net\/inicio\/wp-content\/uploads\/2026\/04\/2DO-DIA-VIERNES-SANTO-768x576.jpeg 768w\" sizes=\"auto, (max-width: 896px) 100vw, 896px\" \/><\/a><p id=\"caption-attachment-111044\" class=\"wp-caption-text\">Foto: Defensa Civil Sos\u00faa<\/p><\/div>\n<p>Sos\u00faa.- Viernes Santo en la costa norte. Bajo la coordinaci\u00f3n estrat\u00e9gica de la <b data-path-to-node=\"6,0\" data-index-in-node=\"73\">Defensa Civil<\/b>, el segundo d\u00eda del operativo en Sos\u00faa se desarrolla con un despliegue sin precedentes. Cientos de voluntarios naranja han tomado posiciones clave desde Playa Alicia hasta el \u00faltimo rinc\u00f3n de la Bah\u00eda de Sos\u00faa, rios y carretereo con banderas naranja.<\/p>\n<\/div>\n<div dir=\"auto\"><\/div>\n<\/div>\n<p><!--more--><\/p>\n<div dir=\"auto\">El Enc. Defensa Civil de Sos\u00faa, Rafael Garc\u00eda Arvelo ha confirmado la instalaci\u00f3n de puestos de socorro cada doscientos metros, priorizando la vigilancia de menores y la atenci\u00f3n a ba\u00f1istas ante el incremento de las corrientes marinas. A este esfuerzo se suma el patrullaje de la Fuerza A\u00e9rea, pero es el personal de a pie quien mantiene el orden en los accesos y garantiza que se respeten los l\u00edmites de nado.<\/p>\n<p>Hasta el momento, el operativo reporta una situaci\u00f3n controlada, aunque los voluntarios trabajan intensamente en la orientaci\u00f3n vial para evitar que el flujo hacia Cabarete colapse la v\u00eda principal. La consigna es clara: <b data-path-to-node=\"10,0\" data-index-in-node=\"222\">prevenci\u00f3n absoluta.<\/p>\n<p><\/b>Se recuerda a los visitantes que el retiro de los ba\u00f1istas de las aguas ser\u00e1 a las seis de la tarde, bajo estricta supervisi\u00f3n del personal naranja y POLITUR. Mant\u00e9ngase en sinton\u00eda para m\u00e1s actualizaciones. Desde Sos\u00faa, en cobertura especial.<\/p>\n<p>Continuamos trabajando sin descanso por tu seguridad <span class=\"html-span xexx8yu xyri2b x18d9i69 x1c1uobl x1hl2dhg x16tdsg8 x1vvkbs x3nfvp2 x1j61x8r x1fcty0u xdj266r xat24cr xm2jcoa x1mpyi22 xxymvpz xlup9mm x1kky2od\"><img loading=\"lazy\" decoding=\"async\" class=\"xz74otr x15mokao x1ga7v0g x16uus16 xbiv7yw\" src=\"https:\/\/static.xx.fbcdn.net\/images\/emoji.php\/v9\/tfd\/1\/16\/1f9e1.png\" alt=\"\ud83e\udde1\" width=\"16\" height=\"16\" \/><\/span><\/div>\n<div class=\"x14z9mp xat24cr x1lziwak x1vvkbs xtlvy1s x126k92a\">\n<div dir=\"auto\">Nuestros voluntarios de la Defensa Civil Sos\u00faa siguen desplegados en diferentes puntos estrat\u00e9gicos del municipio, brindando asistencia, orientaci\u00f3n y prevenci\u00f3n a todos los ciudadanos durante este asueto de Semana Santa.<\/div>\n<div dir=\"auto\">\n\n\t\t<style type=\"text\/css\">\n\t\t\t#gallery-1 {\n\t\t\t\tmargin: auto;\n\t\t\t}\n\t\t\t#gallery-1 .gallery-item {\n\t\t\t\tfloat: left;\n\t\t\t\tmargin-top: 10px;\n\t\t\t\ttext-align: center;\n\t\t\t\twidth: 33%;\n\t\t\t}\n\t\t\t#gallery-1 img {\n\t\t\t\tborder: 2px solid #cfcfcf;\n\t\t\t}\n\t\t\t#gallery-1 .gallery-caption {\n\t\t\t\tmargin-left: 0;\n\t\t\t}\n\t\t\t\/* see gallery_shortcode() in wp-includes\/media.php *\/\n\t\t<\/style>\n\t\t<div data-carousel-extra='{&quot;blog_id&quot;:1,&quot;permalink&quot;:&quot;https:\/\/sosuaonline.net\/inicio\/2do-dia-en-sosua-del-operativo-semana-santa-2026\/&quot;}' id='gallery-1' class='gallery galleryid-111043 gallery-columns-3 gallery-size-thumbnail'><dl class='gallery-item'>\n\t\t\t<dt class='gallery-icon landscape'>\n\t\t\t\t<a href='https:\/\/sosuaonline.net\/inicio\/2do-dia-en-sosua-del-operativo-semana-santa-2026\/2do-dia-viernes-santo\/'><img loading=\"lazy\" decoding=\"async\" width=\"150\" height=\"150\" src=\"https:\/\/sosuaonline.net\/inicio\/wp-content\/uploads\/2026\/04\/2DO-DIA-VIERNES-SANTO-150x150.jpeg\" class=\"attachment-thumbnail size-thumbnail\" alt=\"\" aria-describedby=\"gallery-1-111044\" srcset=\"https:\/\/sosuaonline.net\/inicio\/wp-content\/uploads\/2026\/04\/2DO-DIA-VIERNES-SANTO-150x150.jpeg 150w, https:\/\/sosuaonline.net\/inicio\/wp-content\/uploads\/2026\/04\/2DO-DIA-VIERNES-SANTO-1536x1536.jpeg 1536w\" sizes=\"auto, (max-width: 150px) 100vw, 150px\" data-attachment-id=\"111044\" data-permalink=\"https:\/\/sosuaonline.net\/inicio\/2do-dia-en-sosua-del-operativo-semana-santa-2026\/2do-dia-viernes-santo\/\" data-orig-file=\"https:\/\/sosuaonline.net\/inicio\/wp-content\/uploads\/2026\/04\/2DO-DIA-VIERNES-SANTO.jpeg\" data-orig-size=\"1600,1200\" data-comments-opened=\"0\" data-image-meta=\"{&quot;aperture&quot;:&quot;0&quot;,&quot;credit&quot;:&quot;&quot;,&quot;camera&quot;:&quot;&quot;,&quot;caption&quot;:&quot;&quot;,&quot;created_timestamp&quot;:&quot;0&quot;,&quot;copyright&quot;:&quot;&quot;,&quot;focal_length&quot;:&quot;0&quot;,&quot;iso&quot;:&quot;0&quot;,&quot;shutter_speed&quot;:&quot;0&quot;,&quot;title&quot;:&quot;&quot;,&quot;orientation&quot;:&quot;0&quot;}\" data-image-title=\"2DO DIA VIERNES SANTO\" data-image-description=\"\" data-image-caption=\"&lt;p&gt;Foto: Defensa Civil Sos\u00faa&lt;\/p&gt;\n\" data-medium-file=\"https:\/\/sosuaonline.net\/inicio\/wp-content\/uploads\/2026\/04\/2DO-DIA-VIERNES-SANTO-300x225.jpeg\" data-large-file=\"https:\/\/sosuaonline.net\/inicio\/wp-content\/uploads\/2026\/04\/2DO-DIA-VIERNES-SANTO-1024x768.jpeg\" \/><\/a>\n\t\t\t<\/dt>\n\t\t\t\t<dd class='wp-caption-text gallery-caption' id='gallery-1-111044'>\n\t\t\t\tFoto: Defensa Civil Sos\u00faa\n\t\t\t\t<\/dd><\/dl><dl class='gallery-item'>\n\t\t\t<dt class='gallery-icon landscape'>\n\t\t\t\t<a href='https:\/\/sosuaonline.net\/inicio\/2do-dia-en-sosua-del-operativo-semana-santa-2026\/whatsapp-image-2026-04-02-at-5-30-44-pm\/'><img loading=\"lazy\" decoding=\"async\" width=\"150\" height=\"150\" src=\"https:\/\/sosuaonline.net\/inicio\/wp-content\/uploads\/2026\/04\/WhatsApp-Image-2026-04-02-at-5.30.44-PM-150x150.jpeg\" class=\"attachment-thumbnail size-thumbnail\" alt=\"\" aria-describedby=\"gallery-1-111045\" srcset=\"https:\/\/sosuaonline.net\/inicio\/wp-content\/uploads\/2026\/04\/WhatsApp-Image-2026-04-02-at-5.30.44-PM-150x150.jpeg 150w, https:\/\/sosuaonline.net\/inicio\/wp-content\/uploads\/2026\/04\/WhatsApp-Image-2026-04-02-at-5.30.44-PM-1536x1536.jpeg 1536w\" sizes=\"auto, (max-width: 150px) 100vw, 150px\" data-attachment-id=\"111045\" data-permalink=\"https:\/\/sosuaonline.net\/inicio\/2do-dia-en-sosua-del-operativo-semana-santa-2026\/whatsapp-image-2026-04-02-at-5-30-44-pm\/\" data-orig-file=\"https:\/\/sosuaonline.net\/inicio\/wp-content\/uploads\/2026\/04\/WhatsApp-Image-2026-04-02-at-5.30.44-PM.jpeg\" data-orig-size=\"1600,1200\" data-comments-opened=\"0\" data-image-meta=\"{&quot;aperture&quot;:&quot;0&quot;,&quot;credit&quot;:&quot;&quot;,&quot;camera&quot;:&quot;&quot;,&quot;caption&quot;:&quot;&quot;,&quot;created_timestamp&quot;:&quot;0&quot;,&quot;copyright&quot;:&quot;&quot;,&quot;focal_length&quot;:&quot;0&quot;,&quot;iso&quot;:&quot;0&quot;,&quot;shutter_speed&quot;:&quot;0&quot;,&quot;title&quot;:&quot;&quot;,&quot;orientation&quot;:&quot;0&quot;}\" data-image-title=\"Foto: Defensa Civil Sos\u00faa, Entrada del Aeropuerto\" data-image-description=\"\" data-image-caption=\"&lt;p&gt;Foto: Defensa Civil Sos\u00faa, Entrada del Aeropuerto&lt;\/p&gt;\n\" data-medium-file=\"https:\/\/sosuaonline.net\/inicio\/wp-content\/uploads\/2026\/04\/WhatsApp-Image-2026-04-02-at-5.30.44-PM-300x225.jpeg\" data-large-file=\"https:\/\/sosuaonline.net\/inicio\/wp-content\/uploads\/2026\/04\/WhatsApp-Image-2026-04-02-at-5.30.44-PM-1024x768.jpeg\" \/><\/a>\n\t\t\t<\/dt>\n\t\t\t\t<dd class='wp-caption-text gallery-caption' id='gallery-1-111045'>\n\t\t\t\tFoto: Defensa Civil Sos\u00faa, Entrada del Aeropuerto\n\t\t\t\t<\/dd><\/dl><dl class='gallery-item'>\n\t\t\t<dt class='gallery-icon landscape'>\n\t\t\t\t<a href='https:\/\/sosuaonline.net\/inicio\/2do-dia-en-sosua-del-operativo-semana-santa-2026\/whatsapp-image-2026-04-02-at-5-30-45-pm-1\/'><img loading=\"lazy\" decoding=\"async\" width=\"150\" height=\"150\" src=\"https:\/\/sosuaonline.net\/inicio\/wp-content\/uploads\/2026\/04\/WhatsApp-Image-2026-04-02-at-5.30.45-PM-1-150x150.jpeg\" class=\"attachment-thumbnail size-thumbnail\" alt=\"\" aria-describedby=\"gallery-1-111046\" srcset=\"https:\/\/sosuaonline.net\/inicio\/wp-content\/uploads\/2026\/04\/WhatsApp-Image-2026-04-02-at-5.30.45-PM-1-150x150.jpeg 150w, https:\/\/sosuaonline.net\/inicio\/wp-content\/uploads\/2026\/04\/WhatsApp-Image-2026-04-02-at-5.30.45-PM-1-1536x1536.jpeg 1536w\" sizes=\"auto, (max-width: 150px) 100vw, 150px\" data-attachment-id=\"111046\" data-permalink=\"https:\/\/sosuaonline.net\/inicio\/2do-dia-en-sosua-del-operativo-semana-santa-2026\/whatsapp-image-2026-04-02-at-5-30-45-pm-1\/\" data-orig-file=\"https:\/\/sosuaonline.net\/inicio\/wp-content\/uploads\/2026\/04\/WhatsApp-Image-2026-04-02-at-5.30.45-PM-1.jpeg\" data-orig-size=\"1599,899\" data-comments-opened=\"0\" data-image-meta=\"{&quot;aperture&quot;:&quot;0&quot;,&quot;credit&quot;:&quot;&quot;,&quot;camera&quot;:&quot;&quot;,&quot;caption&quot;:&quot;&quot;,&quot;created_timestamp&quot;:&quot;0&quot;,&quot;copyright&quot;:&quot;&quot;,&quot;focal_length&quot;:&quot;0&quot;,&quot;iso&quot;:&quot;0&quot;,&quot;shutter_speed&quot;:&quot;0&quot;,&quot;title&quot;:&quot;&quot;,&quot;orientation&quot;:&quot;0&quot;}\" data-image-title=\"Foto: Defensa Civil Sos\u00faa, CABGREJO\" data-image-description=\"\" data-image-caption=\"&lt;p&gt;Foto: Defensa Civil Sos\u00faa&lt;\/p&gt;\n\" data-medium-file=\"https:\/\/sosuaonline.net\/inicio\/wp-content\/uploads\/2026\/04\/WhatsApp-Image-2026-04-02-at-5.30.45-PM-1-300x169.jpeg\" data-large-file=\"https:\/\/sosuaonline.net\/inicio\/wp-content\/uploads\/2026\/04\/WhatsApp-Image-2026-04-02-at-5.30.45-PM-1-1024x576.jpeg\" \/><\/a>\n\t\t\t<\/dt>\n\t\t\t\t<dd class='wp-caption-text gallery-caption' id='gallery-1-111046'>\n\t\t\t\tFoto: Defensa Civil Sos\u00faa\n\t\t\t\t<\/dd><\/dl><br style=\"clear: both\" \/><dl class='gallery-item'>\n\t\t\t<dt class='gallery-icon landscape'>\n\t\t\t\t<a href='https:\/\/sosuaonline.net\/inicio\/2do-dia-en-sosua-del-operativo-semana-santa-2026\/whatsapp-image-2026-04-02-at-5-30-45-pm-2\/'><img loading=\"lazy\" decoding=\"async\" width=\"150\" height=\"150\" src=\"https:\/\/sosuaonline.net\/inicio\/wp-content\/uploads\/2026\/04\/WhatsApp-Image-2026-04-02-at-5.30.45-PM-2-150x150.jpeg\" class=\"attachment-thumbnail size-thumbnail\" alt=\"\" aria-describedby=\"gallery-1-111047\" data-attachment-id=\"111047\" data-permalink=\"https:\/\/sosuaonline.net\/inicio\/2do-dia-en-sosua-del-operativo-semana-santa-2026\/whatsapp-image-2026-04-02-at-5-30-45-pm-2\/\" data-orig-file=\"https:\/\/sosuaonline.net\/inicio\/wp-content\/uploads\/2026\/04\/WhatsApp-Image-2026-04-02-at-5.30.45-PM-2.jpeg\" data-orig-size=\"1280,960\" data-comments-opened=\"0\" data-image-meta=\"{&quot;aperture&quot;:&quot;0&quot;,&quot;credit&quot;:&quot;&quot;,&quot;camera&quot;:&quot;&quot;,&quot;caption&quot;:&quot;&quot;,&quot;created_timestamp&quot;:&quot;0&quot;,&quot;copyright&quot;:&quot;&quot;,&quot;focal_length&quot;:&quot;0&quot;,&quot;iso&quot;:&quot;0&quot;,&quot;shutter_speed&quot;:&quot;0&quot;,&quot;title&quot;:&quot;&quot;,&quot;orientation&quot;:&quot;0&quot;}\" data-image-title=\"Foto: Defensa Civil Sos\u00faa, PLAYA SOSUA\" data-image-description=\"\" data-image-caption=\"&lt;p&gt;Foto: Defensa Civil Sos\u00faa, Playa Sos\u00faa&lt;\/p&gt;\n\" data-medium-file=\"https:\/\/sosuaonline.net\/inicio\/wp-content\/uploads\/2026\/04\/WhatsApp-Image-2026-04-02-at-5.30.45-PM-2-300x225.jpeg\" data-large-file=\"https:\/\/sosuaonline.net\/inicio\/wp-content\/uploads\/2026\/04\/WhatsApp-Image-2026-04-02-at-5.30.45-PM-2-1024x768.jpeg\" \/><\/a>\n\t\t\t<\/dt>\n\t\t\t\t<dd class='wp-caption-text gallery-caption' id='gallery-1-111047'>\n\t\t\t\tFoto: Defensa Civil Sos\u00faa, Playa Sos\u00faa\n\t\t\t\t<\/dd><\/dl><dl class='gallery-item'>\n\t\t\t<dt class='gallery-icon portrait'>\n\t\t\t\t<a href='https:\/\/sosuaonline.net\/inicio\/2do-dia-en-sosua-del-operativo-semana-santa-2026\/whatsapp-image-2026-04-02-at-5-30-46-pm\/'><img loading=\"lazy\" decoding=\"async\" width=\"150\" height=\"150\" src=\"https:\/\/sosuaonline.net\/inicio\/wp-content\/uploads\/2026\/04\/WhatsApp-Image-2026-04-02-at-5.30.46-PM-150x150.jpeg\" class=\"attachment-thumbnail size-thumbnail\" alt=\"\" aria-describedby=\"gallery-1-111048\" srcset=\"https:\/\/sosuaonline.net\/inicio\/wp-content\/uploads\/2026\/04\/WhatsApp-Image-2026-04-02-at-5.30.46-PM-150x150.jpeg 150w, https:\/\/sosuaonline.net\/inicio\/wp-content\/uploads\/2026\/04\/WhatsApp-Image-2026-04-02-at-5.30.46-PM-1536x1536.jpeg 1536w\" sizes=\"auto, (max-width: 150px) 100vw, 150px\" data-attachment-id=\"111048\" data-permalink=\"https:\/\/sosuaonline.net\/inicio\/2do-dia-en-sosua-del-operativo-semana-santa-2026\/whatsapp-image-2026-04-02-at-5-30-46-pm\/\" data-orig-file=\"https:\/\/sosuaonline.net\/inicio\/wp-content\/uploads\/2026\/04\/WhatsApp-Image-2026-04-02-at-5.30.46-PM.jpeg\" data-orig-size=\"1200,1600\" data-comments-opened=\"0\" data-image-meta=\"{&quot;aperture&quot;:&quot;0&quot;,&quot;credit&quot;:&quot;&quot;,&quot;camera&quot;:&quot;&quot;,&quot;caption&quot;:&quot;&quot;,&quot;created_timestamp&quot;:&quot;0&quot;,&quot;copyright&quot;:&quot;&quot;,&quot;focal_length&quot;:&quot;0&quot;,&quot;iso&quot;:&quot;0&quot;,&quot;shutter_speed&quot;:&quot;0&quot;,&quot;title&quot;:&quot;&quot;,&quot;orientation&quot;:&quot;0&quot;}\" data-image-title=\"WhatsApp Image 2026-04-02 at 5.30.46 PM\" data-image-description=\"\" data-image-caption=\"&lt;p&gt;Foto: Defensa Civil Sos\u00faa&lt;\/p&gt;\n\" data-medium-file=\"https:\/\/sosuaonline.net\/inicio\/wp-content\/uploads\/2026\/04\/WhatsApp-Image-2026-04-02-at-5.30.46-PM-225x300.jpeg\" data-large-file=\"https:\/\/sosuaonline.net\/inicio\/wp-content\/uploads\/2026\/04\/WhatsApp-Image-2026-04-02-at-5.30.46-PM-768x1024.jpeg\" \/><\/a>\n\t\t\t<\/dt>\n\t\t\t\t<dd class='wp-caption-text gallery-caption' id='gallery-1-111048'>\n\t\t\t\tFoto: Defensa Civil Sos\u00faa\n\t\t\t\t<\/dd><\/dl><dl class='gallery-item'>\n\t\t\t<dt class='gallery-icon landscape'>\n\t\t\t\t<a href='https:\/\/sosuaonline.net\/inicio\/2do-dia-en-sosua-del-operativo-semana-santa-2026\/whatsapp-image-2026-04-02-at-5-30-47-pm-1\/'><img loading=\"lazy\" decoding=\"async\" width=\"150\" height=\"150\" src=\"https:\/\/sosuaonline.net\/inicio\/wp-content\/uploads\/2026\/04\/WhatsApp-Image-2026-04-02-at-5.30.47-PM-1-150x150.jpeg\" class=\"attachment-thumbnail size-thumbnail\" alt=\"\" aria-describedby=\"gallery-1-111049\" srcset=\"https:\/\/sosuaonline.net\/inicio\/wp-content\/uploads\/2026\/04\/WhatsApp-Image-2026-04-02-at-5.30.47-PM-1-150x150.jpeg 150w, https:\/\/sosuaonline.net\/inicio\/wp-content\/uploads\/2026\/04\/WhatsApp-Image-2026-04-02-at-5.30.47-PM-1-1536x1536.jpeg 1536w\" sizes=\"auto, (max-width: 150px) 100vw, 150px\" data-attachment-id=\"111049\" data-permalink=\"https:\/\/sosuaonline.net\/inicio\/2do-dia-en-sosua-del-operativo-semana-santa-2026\/whatsapp-image-2026-04-02-at-5-30-47-pm-1\/\" data-orig-file=\"https:\/\/sosuaonline.net\/inicio\/wp-content\/uploads\/2026\/04\/WhatsApp-Image-2026-04-02-at-5.30.47-PM-1.jpeg\" data-orig-size=\"1600,1200\" data-comments-opened=\"0\" data-image-meta=\"{&quot;aperture&quot;:&quot;0&quot;,&quot;credit&quot;:&quot;&quot;,&quot;camera&quot;:&quot;&quot;,&quot;caption&quot;:&quot;&quot;,&quot;created_timestamp&quot;:&quot;0&quot;,&quot;copyright&quot;:&quot;&quot;,&quot;focal_length&quot;:&quot;0&quot;,&quot;iso&quot;:&quot;0&quot;,&quot;shutter_speed&quot;:&quot;0&quot;,&quot;title&quot;:&quot;&quot;,&quot;orientation&quot;:&quot;0&quot;}\" data-image-title=\"Foto: Defensa Civil Sos\u00faa, ENTRADA AEROPUERTO\" data-image-description=\"\" data-image-caption=\"&lt;p&gt;Foto: Defensa Civil Sos\u00faa, Entrada del Aeropuerto&lt;\/p&gt;\n\" data-medium-file=\"https:\/\/sosuaonline.net\/inicio\/wp-content\/uploads\/2026\/04\/WhatsApp-Image-2026-04-02-at-5.30.47-PM-1-300x225.jpeg\" data-large-file=\"https:\/\/sosuaonline.net\/inicio\/wp-content\/uploads\/2026\/04\/WhatsApp-Image-2026-04-02-at-5.30.47-PM-1-1024x768.jpeg\" \/><\/a>\n\t\t\t<\/dt>\n\t\t\t\t<dd class='wp-caption-text gallery-caption' id='gallery-1-111049'>\n\t\t\t\tFoto: Defensa Civil Sos\u00faa, Entrada del Aeropuerto\n\t\t\t\t<\/dd><\/dl><br style=\"clear: both\" \/><dl class='gallery-item'>\n\t\t\t<dt class='gallery-icon landscape'>\n\t\t\t\t<a href='https:\/\/sosuaonline.net\/inicio\/2do-dia-en-sosua-del-operativo-semana-santa-2026\/whatsapp-image-2026-04-02-at-5-30-47-pm\/'><img loading=\"lazy\" decoding=\"async\" width=\"150\" height=\"150\" src=\"https:\/\/sosuaonline.net\/inicio\/wp-content\/uploads\/2026\/04\/WhatsApp-Image-2026-04-02-at-5.30.47-PM-150x150.jpeg\" class=\"attachment-thumbnail size-thumbnail\" alt=\"\" aria-describedby=\"gallery-1-111050\" data-attachment-id=\"111050\" data-permalink=\"https:\/\/sosuaonline.net\/inicio\/2do-dia-en-sosua-del-operativo-semana-santa-2026\/whatsapp-image-2026-04-02-at-5-30-47-pm\/\" data-orig-file=\"https:\/\/sosuaonline.net\/inicio\/wp-content\/uploads\/2026\/04\/WhatsApp-Image-2026-04-02-at-5.30.47-PM.jpeg\" data-orig-size=\"1280,770\" data-comments-opened=\"0\" data-image-meta=\"{&quot;aperture&quot;:&quot;0&quot;,&quot;credit&quot;:&quot;&quot;,&quot;camera&quot;:&quot;&quot;,&quot;caption&quot;:&quot;&quot;,&quot;created_timestamp&quot;:&quot;0&quot;,&quot;copyright&quot;:&quot;&quot;,&quot;focal_length&quot;:&quot;0&quot;,&quot;iso&quot;:&quot;0&quot;,&quot;shutter_speed&quot;:&quot;0&quot;,&quot;title&quot;:&quot;&quot;,&quot;orientation&quot;:&quot;0&quot;}\" data-image-title=\"Foto: Defensa Civil Sos\u00faa, PLAYA CHIQUITA\" data-image-description=\"\" data-image-caption=\"&lt;p&gt;Foto: Defensa Civil Sos\u00faa&lt;\/p&gt;\n\" data-medium-file=\"https:\/\/sosuaonline.net\/inicio\/wp-content\/uploads\/2026\/04\/WhatsApp-Image-2026-04-02-at-5.30.47-PM-300x180.jpeg\" data-large-file=\"https:\/\/sosuaonline.net\/inicio\/wp-content\/uploads\/2026\/04\/WhatsApp-Image-2026-04-02-at-5.30.47-PM-1024x616.jpeg\" \/><\/a>\n\t\t\t<\/dt>\n\t\t\t\t<dd class='wp-caption-text gallery-caption' id='gallery-1-111050'>\n\t\t\t\tFoto: Defensa Civil Sos\u00faa\n\t\t\t\t<\/dd><\/dl><dl class='gallery-item'>\n\t\t\t<dt class='gallery-icon landscape'>\n\t\t\t\t<a href='https:\/\/sosuaonline.net\/inicio\/2do-dia-en-sosua-del-operativo-semana-santa-2026\/whatsapp-image-2026-04-02-at-7-38-09-am-1\/'><img loading=\"lazy\" decoding=\"async\" width=\"150\" height=\"150\" src=\"https:\/\/sosuaonline.net\/inicio\/wp-content\/uploads\/2026\/04\/WhatsApp-Image-2026-04-02-at-7.38.09-AM-1-150x150.jpeg\" class=\"attachment-thumbnail size-thumbnail\" alt=\"\" aria-describedby=\"gallery-1-111051\" srcset=\"https:\/\/sosuaonline.net\/inicio\/wp-content\/uploads\/2026\/04\/WhatsApp-Image-2026-04-02-at-7.38.09-AM-1-150x150.jpeg 150w, https:\/\/sosuaonline.net\/inicio\/wp-content\/uploads\/2026\/04\/WhatsApp-Image-2026-04-02-at-7.38.09-AM-1-scaled-1536x1536.jpeg 1536w, https:\/\/sosuaonline.net\/inicio\/wp-content\/uploads\/2026\/04\/WhatsApp-Image-2026-04-02-at-7.38.09-AM-1-scaled-2048x2048.jpeg 2048w\" sizes=\"auto, (max-width: 150px) 100vw, 150px\" data-attachment-id=\"111051\" data-permalink=\"https:\/\/sosuaonline.net\/inicio\/2do-dia-en-sosua-del-operativo-semana-santa-2026\/whatsapp-image-2026-04-02-at-7-38-09-am-1\/\" data-orig-file=\"https:\/\/sosuaonline.net\/inicio\/wp-content\/uploads\/2026\/04\/WhatsApp-Image-2026-04-02-at-7.38.09-AM-1-scaled.jpeg\" data-orig-size=\"2560,1440\" data-comments-opened=\"0\" data-image-meta=\"{&quot;aperture&quot;:&quot;0&quot;,&quot;credit&quot;:&quot;&quot;,&quot;camera&quot;:&quot;&quot;,&quot;caption&quot;:&quot;&quot;,&quot;created_timestamp&quot;:&quot;0&quot;,&quot;copyright&quot;:&quot;&quot;,&quot;focal_length&quot;:&quot;0&quot;,&quot;iso&quot;:&quot;0&quot;,&quot;shutter_speed&quot;:&quot;0&quot;,&quot;title&quot;:&quot;&quot;,&quot;orientation&quot;:&quot;0&quot;}\" data-image-title=\"Foto: Defensa Civil Sos\u00faa, FORMACION F.A.D.\" data-image-description=\"\" data-image-caption=\"&lt;p&gt;Foto: Defensa Civil Sos\u00faa&lt;\/p&gt;\n\" data-medium-file=\"https:\/\/sosuaonline.net\/inicio\/wp-content\/uploads\/2026\/04\/WhatsApp-Image-2026-04-02-at-7.38.09-AM-1-300x169.jpeg\" data-large-file=\"https:\/\/sosuaonline.net\/inicio\/wp-content\/uploads\/2026\/04\/WhatsApp-Image-2026-04-02-at-7.38.09-AM-1-1024x576.jpeg\" \/><\/a>\n\t\t\t<\/dt>\n\t\t\t\t<dd class='wp-caption-text gallery-caption' id='gallery-1-111051'>\n\t\t\t\tFoto: Defensa Civil Sos\u00faa\n\t\t\t\t<\/dd><\/dl><dl class='gallery-item'>\n\t\t\t<dt class='gallery-icon landscape'>\n\t\t\t\t<a href='https:\/\/sosuaonline.net\/inicio\/2do-dia-en-sosua-del-operativo-semana-santa-2026\/whatsapp-image-2026-04-02-at-7-38-09-am\/'><img loading=\"lazy\" decoding=\"async\" width=\"150\" height=\"150\" src=\"https:\/\/sosuaonline.net\/inicio\/wp-content\/uploads\/2026\/04\/WhatsApp-Image-2026-04-02-at-7.38.09-AM-150x150.jpeg\" class=\"attachment-thumbnail size-thumbnail\" alt=\"\" aria-describedby=\"gallery-1-111052\" srcset=\"https:\/\/sosuaonline.net\/inicio\/wp-content\/uploads\/2026\/04\/WhatsApp-Image-2026-04-02-at-7.38.09-AM-150x150.jpeg 150w, https:\/\/sosuaonline.net\/inicio\/wp-content\/uploads\/2026\/04\/WhatsApp-Image-2026-04-02-at-7.38.09-AM-scaled-1536x1536.jpeg 1536w, https:\/\/sosuaonline.net\/inicio\/wp-content\/uploads\/2026\/04\/WhatsApp-Image-2026-04-02-at-7.38.09-AM-scaled-2048x2048.jpeg 2048w\" sizes=\"auto, (max-width: 150px) 100vw, 150px\" data-attachment-id=\"111052\" data-permalink=\"https:\/\/sosuaonline.net\/inicio\/2do-dia-en-sosua-del-operativo-semana-santa-2026\/whatsapp-image-2026-04-02-at-7-38-09-am\/\" data-orig-file=\"https:\/\/sosuaonline.net\/inicio\/wp-content\/uploads\/2026\/04\/WhatsApp-Image-2026-04-02-at-7.38.09-AM-scaled.jpeg\" data-orig-size=\"2560,1440\" data-comments-opened=\"0\" data-image-meta=\"{&quot;aperture&quot;:&quot;0&quot;,&quot;credit&quot;:&quot;&quot;,&quot;camera&quot;:&quot;&quot;,&quot;caption&quot;:&quot;&quot;,&quot;created_timestamp&quot;:&quot;0&quot;,&quot;copyright&quot;:&quot;&quot;,&quot;focal_length&quot;:&quot;0&quot;,&quot;iso&quot;:&quot;0&quot;,&quot;shutter_speed&quot;:&quot;0&quot;,&quot;title&quot;:&quot;&quot;,&quot;orientation&quot;:&quot;0&quot;}\" data-image-title=\"Foto: Defensa Civil Sos\u00faa, FORMACION F.A.D.\" data-image-description=\"\" data-image-caption=\"&lt;p&gt;Foto: Defensa Civil Sos\u00faa&lt;\/p&gt;\n\" data-medium-file=\"https:\/\/sosuaonline.net\/inicio\/wp-content\/uploads\/2026\/04\/WhatsApp-Image-2026-04-02-at-7.38.09-AM-300x169.jpeg\" data-large-file=\"https:\/\/sosuaonline.net\/inicio\/wp-content\/uploads\/2026\/04\/WhatsApp-Image-2026-04-02-at-7.38.09-AM-1024x576.jpeg\" \/><\/a>\n\t\t\t<\/dt>\n\t\t\t\t<dd class='wp-caption-text gallery-caption' id='gallery-1-111052'>\n\t\t\t\tFoto: Defensa Civil Sos\u00faa\n\t\t\t\t<\/dd><\/dl><br style=\"clear: both\" \/><dl class='gallery-item'>\n\t\t\t<dt class='gallery-icon landscape'>\n\t\t\t\t<a href='https:\/\/sosuaonline.net\/inicio\/2do-dia-en-sosua-del-operativo-semana-santa-2026\/whatsapp-image-2026-04-02-at-7-43-35-am-1\/'><img loading=\"lazy\" decoding=\"async\" width=\"150\" height=\"150\" src=\"https:\/\/sosuaonline.net\/inicio\/wp-content\/uploads\/2026\/04\/WhatsApp-Image-2026-04-02-at-7.43.35-AM-1-150x150.jpeg\" class=\"attachment-thumbnail size-thumbnail\" alt=\"\" aria-describedby=\"gallery-1-111053\" srcset=\"https:\/\/sosuaonline.net\/inicio\/wp-content\/uploads\/2026\/04\/WhatsApp-Image-2026-04-02-at-7.43.35-AM-1-150x150.jpeg 150w, https:\/\/sosuaonline.net\/inicio\/wp-content\/uploads\/2026\/04\/WhatsApp-Image-2026-04-02-at-7.43.35-AM-1-scaled-1536x1536.jpeg 1536w, https:\/\/sosuaonline.net\/inicio\/wp-content\/uploads\/2026\/04\/WhatsApp-Image-2026-04-02-at-7.43.35-AM-1-scaled-2048x2048.jpeg 2048w\" sizes=\"auto, (max-width: 150px) 100vw, 150px\" data-attachment-id=\"111053\" data-permalink=\"https:\/\/sosuaonline.net\/inicio\/2do-dia-en-sosua-del-operativo-semana-santa-2026\/whatsapp-image-2026-04-02-at-7-43-35-am-1\/\" data-orig-file=\"https:\/\/sosuaonline.net\/inicio\/wp-content\/uploads\/2026\/04\/WhatsApp-Image-2026-04-02-at-7.43.35-AM-1-scaled.jpeg\" data-orig-size=\"2560,1441\" data-comments-opened=\"0\" data-image-meta=\"{&quot;aperture&quot;:&quot;0&quot;,&quot;credit&quot;:&quot;&quot;,&quot;camera&quot;:&quot;&quot;,&quot;caption&quot;:&quot;&quot;,&quot;created_timestamp&quot;:&quot;0&quot;,&quot;copyright&quot;:&quot;&quot;,&quot;focal_length&quot;:&quot;0&quot;,&quot;iso&quot;:&quot;0&quot;,&quot;shutter_speed&quot;:&quot;0&quot;,&quot;title&quot;:&quot;&quot;,&quot;orientation&quot;:&quot;0&quot;}\" data-image-title=\"Foto: Defensa Civil Sos\u00faa, ESTUDIANTE VOLUNTARIOS\" data-image-description=\"\" data-image-caption=\"&lt;p&gt;Foto: Defensa Civil Sos\u00faa&lt;\/p&gt;\n\" data-medium-file=\"https:\/\/sosuaonline.net\/inicio\/wp-content\/uploads\/2026\/04\/WhatsApp-Image-2026-04-02-at-7.43.35-AM-1-300x169.jpeg\" data-large-file=\"https:\/\/sosuaonline.net\/inicio\/wp-content\/uploads\/2026\/04\/WhatsApp-Image-2026-04-02-at-7.43.35-AM-1-1024x576.jpeg\" \/><\/a>\n\t\t\t<\/dt>\n\t\t\t\t<dd class='wp-caption-text gallery-caption' id='gallery-1-111053'>\n\t\t\t\tFoto: Defensa Civil Sos\u00faa\n\t\t\t\t<\/dd><\/dl><dl class='gallery-item'>\n\t\t\t<dt class='gallery-icon landscape'>\n\t\t\t\t<a href='https:\/\/sosuaonline.net\/inicio\/2do-dia-en-sosua-del-operativo-semana-santa-2026\/whatsapp-image-2026-04-02-at-7-43-35-am-2\/'><img loading=\"lazy\" decoding=\"async\" width=\"150\" height=\"150\" src=\"https:\/\/sosuaonline.net\/inicio\/wp-content\/uploads\/2026\/04\/WhatsApp-Image-2026-04-02-at-7.43.35-AM-2-150x150.jpeg\" class=\"attachment-thumbnail size-thumbnail\" alt=\"\" aria-describedby=\"gallery-1-111054\" srcset=\"https:\/\/sosuaonline.net\/inicio\/wp-content\/uploads\/2026\/04\/WhatsApp-Image-2026-04-02-at-7.43.35-AM-2-150x150.jpeg 150w, https:\/\/sosuaonline.net\/inicio\/wp-content\/uploads\/2026\/04\/WhatsApp-Image-2026-04-02-at-7.43.35-AM-2-scaled-1536x1536.jpeg 1536w, https:\/\/sosuaonline.net\/inicio\/wp-content\/uploads\/2026\/04\/WhatsApp-Image-2026-04-02-at-7.43.35-AM-2-scaled-2048x2048.jpeg 2048w\" sizes=\"auto, (max-width: 150px) 100vw, 150px\" data-attachment-id=\"111054\" data-permalink=\"https:\/\/sosuaonline.net\/inicio\/2do-dia-en-sosua-del-operativo-semana-santa-2026\/whatsapp-image-2026-04-02-at-7-43-35-am-2\/\" data-orig-file=\"https:\/\/sosuaonline.net\/inicio\/wp-content\/uploads\/2026\/04\/WhatsApp-Image-2026-04-02-at-7.43.35-AM-2-scaled.jpeg\" data-orig-size=\"2560,1441\" data-comments-opened=\"0\" data-image-meta=\"{&quot;aperture&quot;:&quot;0&quot;,&quot;credit&quot;:&quot;&quot;,&quot;camera&quot;:&quot;&quot;,&quot;caption&quot;:&quot;&quot;,&quot;created_timestamp&quot;:&quot;0&quot;,&quot;copyright&quot;:&quot;&quot;,&quot;focal_length&quot;:&quot;0&quot;,&quot;iso&quot;:&quot;0&quot;,&quot;shutter_speed&quot;:&quot;0&quot;,&quot;title&quot;:&quot;&quot;,&quot;orientation&quot;:&quot;0&quot;}\" data-image-title=\"Foto: Defensa Civil Sos\u00faa, SE\u00d1ALIZANDO CON BANDERAS NARANJA\" data-image-description=\"\" data-image-caption=\"&lt;p&gt;Foto: Defensa Civil Sos\u00faa&lt;\/p&gt;\n\" data-medium-file=\"https:\/\/sosuaonline.net\/inicio\/wp-content\/uploads\/2026\/04\/WhatsApp-Image-2026-04-02-at-7.43.35-AM-2-300x169.jpeg\" data-large-file=\"https:\/\/sosuaonline.net\/inicio\/wp-content\/uploads\/2026\/04\/WhatsApp-Image-2026-04-02-at-7.43.35-AM-2-1024x576.jpeg\" \/><\/a>\n\t\t\t<\/dt>\n\t\t\t\t<dd class='wp-caption-text gallery-caption' id='gallery-1-111054'>\n\t\t\t\tFoto: Defensa Civil Sos\u00faa\n\t\t\t\t<\/dd><\/dl><dl class='gallery-item'>\n\t\t\t<dt class='gallery-icon landscape'>\n\t\t\t\t<a href='https:\/\/sosuaonline.net\/inicio\/2do-dia-en-sosua-del-operativo-semana-santa-2026\/whatsapp-image-2026-04-02-at-7-43-35-am\/'><img loading=\"lazy\" decoding=\"async\" width=\"150\" height=\"150\" src=\"https:\/\/sosuaonline.net\/inicio\/wp-content\/uploads\/2026\/04\/WhatsApp-Image-2026-04-02-at-7.43.35-AM-150x150.jpeg\" class=\"attachment-thumbnail size-thumbnail\" alt=\"\" aria-describedby=\"gallery-1-111055\" srcset=\"https:\/\/sosuaonline.net\/inicio\/wp-content\/uploads\/2026\/04\/WhatsApp-Image-2026-04-02-at-7.43.35-AM-150x150.jpeg 150w, https:\/\/sosuaonline.net\/inicio\/wp-content\/uploads\/2026\/04\/WhatsApp-Image-2026-04-02-at-7.43.35-AM-scaled-1536x1536.jpeg 1536w, https:\/\/sosuaonline.net\/inicio\/wp-content\/uploads\/2026\/04\/WhatsApp-Image-2026-04-02-at-7.43.35-AM-scaled-2048x2048.jpeg 2048w\" sizes=\"auto, (max-width: 150px) 100vw, 150px\" data-attachment-id=\"111055\" data-permalink=\"https:\/\/sosuaonline.net\/inicio\/2do-dia-en-sosua-del-operativo-semana-santa-2026\/whatsapp-image-2026-04-02-at-7-43-35-am\/\" data-orig-file=\"https:\/\/sosuaonline.net\/inicio\/wp-content\/uploads\/2026\/04\/WhatsApp-Image-2026-04-02-at-7.43.35-AM-scaled.jpeg\" data-orig-size=\"2560,1441\" data-comments-opened=\"0\" data-image-meta=\"{&quot;aperture&quot;:&quot;0&quot;,&quot;credit&quot;:&quot;&quot;,&quot;camera&quot;:&quot;&quot;,&quot;caption&quot;:&quot;&quot;,&quot;created_timestamp&quot;:&quot;0&quot;,&quot;copyright&quot;:&quot;&quot;,&quot;focal_length&quot;:&quot;0&quot;,&quot;iso&quot;:&quot;0&quot;,&quot;shutter_speed&quot;:&quot;0&quot;,&quot;title&quot;:&quot;&quot;,&quot;orientation&quot;:&quot;0&quot;}\" data-image-title=\"WhatsApp Image 2026-04-02 at 7.43.35 AM\" data-image-description=\"\" data-image-caption=\"&lt;p&gt;Foto: Defensa Civil Sos\u00faa&lt;\/p&gt;\n\" data-medium-file=\"https:\/\/sosuaonline.net\/inicio\/wp-content\/uploads\/2026\/04\/WhatsApp-Image-2026-04-02-at-7.43.35-AM-300x169.jpeg\" data-large-file=\"https:\/\/sosuaonline.net\/inicio\/wp-content\/uploads\/2026\/04\/WhatsApp-Image-2026-04-02-at-7.43.35-AM-1024x576.jpeg\" \/><\/a>\n\t\t\t<\/dt>\n\t\t\t\t<dd class='wp-caption-text gallery-caption' id='gallery-1-111055'>\n\t\t\t\tFoto: Defensa Civil Sos\u00faa\n\t\t\t\t<\/dd><\/dl><br style=\"clear: both\" \/><dl class='gallery-item'>\n\t\t\t<dt class='gallery-icon landscape'>\n\t\t\t\t<a href='https:\/\/sosuaonline.net\/inicio\/2do-dia-en-sosua-del-operativo-semana-santa-2026\/whatsapp-image-2026-04-02-at-7-43-36-am\/'><img loading=\"lazy\" decoding=\"async\" width=\"150\" height=\"150\" src=\"https:\/\/sosuaonline.net\/inicio\/wp-content\/uploads\/2026\/04\/WhatsApp-Image-2026-04-02-at-7.43.36-AM-150x150.jpeg\" class=\"attachment-thumbnail size-thumbnail\" alt=\"\" aria-describedby=\"gallery-1-111056\" srcset=\"https:\/\/sosuaonline.net\/inicio\/wp-content\/uploads\/2026\/04\/WhatsApp-Image-2026-04-02-at-7.43.36-AM-150x150.jpeg 150w, https:\/\/sosuaonline.net\/inicio\/wp-content\/uploads\/2026\/04\/WhatsApp-Image-2026-04-02-at-7.43.36-AM-scaled-1536x1536.jpeg 1536w, https:\/\/sosuaonline.net\/inicio\/wp-content\/uploads\/2026\/04\/WhatsApp-Image-2026-04-02-at-7.43.36-AM-scaled-2048x2048.jpeg 2048w\" sizes=\"auto, (max-width: 150px) 100vw, 150px\" data-attachment-id=\"111056\" data-permalink=\"https:\/\/sosuaonline.net\/inicio\/2do-dia-en-sosua-del-operativo-semana-santa-2026\/whatsapp-image-2026-04-02-at-7-43-36-am\/\" data-orig-file=\"https:\/\/sosuaonline.net\/inicio\/wp-content\/uploads\/2026\/04\/WhatsApp-Image-2026-04-02-at-7.43.36-AM-scaled.jpeg\" data-orig-size=\"2560,1441\" data-comments-opened=\"0\" data-image-meta=\"{&quot;aperture&quot;:&quot;0&quot;,&quot;credit&quot;:&quot;&quot;,&quot;camera&quot;:&quot;&quot;,&quot;caption&quot;:&quot;&quot;,&quot;created_timestamp&quot;:&quot;0&quot;,&quot;copyright&quot;:&quot;&quot;,&quot;focal_length&quot;:&quot;0&quot;,&quot;iso&quot;:&quot;0&quot;,&quot;shutter_speed&quot;:&quot;0&quot;,&quot;title&quot;:&quot;&quot;,&quot;orientation&quot;:&quot;0&quot;}\" data-image-title=\"Foto: Defensa Civil Sos\u00faa, Asesor Tur\u00edstico de Sos\u00faa, Michel Brukier y Asistente\" data-image-description=\"\" data-image-caption=\"&lt;p&gt;Foto: Defensa Civil Sos\u00faa&lt;\/p&gt;\n\" data-medium-file=\"https:\/\/sosuaonline.net\/inicio\/wp-content\/uploads\/2026\/04\/WhatsApp-Image-2026-04-02-at-7.43.36-AM-300x169.jpeg\" data-large-file=\"https:\/\/sosuaonline.net\/inicio\/wp-content\/uploads\/2026\/04\/WhatsApp-Image-2026-04-02-at-7.43.36-AM-1024x576.jpeg\" \/><\/a>\n\t\t\t<\/dt>\n\t\t\t\t<dd class='wp-caption-text gallery-caption' id='gallery-1-111056'>\n\t\t\t\tFoto: Defensa Civil Sos\u00faa\n\t\t\t\t<\/dd><\/dl><dl class='gallery-item'>\n\t\t\t<dt class='gallery-icon landscape'>\n\t\t\t\t<a href='https:\/\/sosuaonline.net\/inicio\/2do-dia-en-sosua-del-operativo-semana-santa-2026\/whatsapp-image-2026-04-02-at-7-48-31-am\/'><img loading=\"lazy\" decoding=\"async\" width=\"150\" height=\"150\" src=\"https:\/\/sosuaonline.net\/inicio\/wp-content\/uploads\/2026\/04\/WhatsApp-Image-2026-04-02-at-7.48.31-AM-150x150.jpeg\" class=\"attachment-thumbnail size-thumbnail\" alt=\"\" aria-describedby=\"gallery-1-111058\" srcset=\"https:\/\/sosuaonline.net\/inicio\/wp-content\/uploads\/2026\/04\/WhatsApp-Image-2026-04-02-at-7.48.31-AM-150x150.jpeg 150w, https:\/\/sosuaonline.net\/inicio\/wp-content\/uploads\/2026\/04\/WhatsApp-Image-2026-04-02-at-7.48.31-AM-scaled-1536x1536.jpeg 1536w, https:\/\/sosuaonline.net\/inicio\/wp-content\/uploads\/2026\/04\/WhatsApp-Image-2026-04-02-at-7.48.31-AM-scaled-2048x2048.jpeg 2048w\" sizes=\"auto, (max-width: 150px) 100vw, 150px\" data-attachment-id=\"111058\" data-permalink=\"https:\/\/sosuaonline.net\/inicio\/2do-dia-en-sosua-del-operativo-semana-santa-2026\/whatsapp-image-2026-04-02-at-7-48-31-am\/\" data-orig-file=\"https:\/\/sosuaonline.net\/inicio\/wp-content\/uploads\/2026\/04\/WhatsApp-Image-2026-04-02-at-7.48.31-AM-scaled.jpeg\" data-orig-size=\"2560,1441\" data-comments-opened=\"0\" data-image-meta=\"{&quot;aperture&quot;:&quot;0&quot;,&quot;credit&quot;:&quot;&quot;,&quot;camera&quot;:&quot;&quot;,&quot;caption&quot;:&quot;&quot;,&quot;created_timestamp&quot;:&quot;0&quot;,&quot;copyright&quot;:&quot;&quot;,&quot;focal_length&quot;:&quot;0&quot;,&quot;iso&quot;:&quot;0&quot;,&quot;shutter_speed&quot;:&quot;0&quot;,&quot;title&quot;:&quot;&quot;,&quot;orientation&quot;:&quot;0&quot;}\" data-image-title=\"Foto: Defensa Civil Sos\u00faa, Michel Brukier y Rafael Garcia Arvelo\" data-image-description=\"\" data-image-caption=\"&lt;p&gt;Foto: Defensa Civil Sos\u00faa&lt;\/p&gt;\n\" data-medium-file=\"https:\/\/sosuaonline.net\/inicio\/wp-content\/uploads\/2026\/04\/WhatsApp-Image-2026-04-02-at-7.48.31-AM-300x169.jpeg\" data-large-file=\"https:\/\/sosuaonline.net\/inicio\/wp-content\/uploads\/2026\/04\/WhatsApp-Image-2026-04-02-at-7.48.31-AM-1024x576.jpeg\" \/><\/a>\n\t\t\t<\/dt>\n\t\t\t\t<dd class='wp-caption-text gallery-caption' id='gallery-1-111058'>\n\t\t\t\tFoto: Defensa Civil Sos\u00faa\n\t\t\t\t<\/dd><\/dl><dl class='gallery-item'>\n\t\t\t<dt class='gallery-icon landscape'>\n\t\t\t\t<a href='https:\/\/sosuaonline.net\/inicio\/2do-dia-en-sosua-del-operativo-semana-santa-2026\/whatsapp-image-2026-04-02-at-8-02-54-am-1\/'><img loading=\"lazy\" decoding=\"async\" width=\"150\" height=\"150\" src=\"https:\/\/sosuaonline.net\/inicio\/wp-content\/uploads\/2026\/04\/WhatsApp-Image-2026-04-02-at-8.02.54-AM-1-150x150.jpeg\" class=\"attachment-thumbnail size-thumbnail\" alt=\"\" aria-describedby=\"gallery-1-111059\" data-attachment-id=\"111059\" data-permalink=\"https:\/\/sosuaonline.net\/inicio\/2do-dia-en-sosua-del-operativo-semana-santa-2026\/whatsapp-image-2026-04-02-at-8-02-54-am-1\/\" data-orig-file=\"https:\/\/sosuaonline.net\/inicio\/wp-content\/uploads\/2026\/04\/WhatsApp-Image-2026-04-02-at-8.02.54-AM-1.jpeg\" data-orig-size=\"1280,720\" data-comments-opened=\"0\" data-image-meta=\"{&quot;aperture&quot;:&quot;0&quot;,&quot;credit&quot;:&quot;&quot;,&quot;camera&quot;:&quot;&quot;,&quot;caption&quot;:&quot;&quot;,&quot;created_timestamp&quot;:&quot;0&quot;,&quot;copyright&quot;:&quot;&quot;,&quot;focal_length&quot;:&quot;0&quot;,&quot;iso&quot;:&quot;0&quot;,&quot;shutter_speed&quot;:&quot;0&quot;,&quot;title&quot;:&quot;&quot;,&quot;orientation&quot;:&quot;0&quot;}\" data-image-title=\"Foto: Defensa Civil Sos\u00faa, Izamiento de la Bandera\" data-image-description=\"\" data-image-caption=\"&lt;p&gt;Foto: Defensa Civil Sos\u00faa&lt;\/p&gt;\n\" data-medium-file=\"https:\/\/sosuaonline.net\/inicio\/wp-content\/uploads\/2026\/04\/WhatsApp-Image-2026-04-02-at-8.02.54-AM-1-300x169.jpeg\" data-large-file=\"https:\/\/sosuaonline.net\/inicio\/wp-content\/uploads\/2026\/04\/WhatsApp-Image-2026-04-02-at-8.02.54-AM-1-1024x576.jpeg\" \/><\/a>\n\t\t\t<\/dt>\n\t\t\t\t<dd class='wp-caption-text gallery-caption' id='gallery-1-111059'>\n\t\t\t\tFoto: Defensa Civil Sos\u00faa\n\t\t\t\t<\/dd><\/dl><br style=\"clear: both\" \/><dl class='gallery-item'>\n\t\t\t<dt class='gallery-icon landscape'>\n\t\t\t\t<a href='https:\/\/sosuaonline.net\/inicio\/2do-dia-en-sosua-del-operativo-semana-santa-2026\/whatsapp-image-2026-04-02-at-8-02-54-am\/'><img loading=\"lazy\" decoding=\"async\" width=\"150\" height=\"150\" src=\"https:\/\/sosuaonline.net\/inicio\/wp-content\/uploads\/2026\/04\/WhatsApp-Image-2026-04-02-at-8.02.54-AM-150x150.jpeg\" class=\"attachment-thumbnail size-thumbnail\" alt=\"\" aria-describedby=\"gallery-1-111060\" data-attachment-id=\"111060\" data-permalink=\"https:\/\/sosuaonline.net\/inicio\/2do-dia-en-sosua-del-operativo-semana-santa-2026\/whatsapp-image-2026-04-02-at-8-02-54-am\/\" data-orig-file=\"https:\/\/sosuaonline.net\/inicio\/wp-content\/uploads\/2026\/04\/WhatsApp-Image-2026-04-02-at-8.02.54-AM.jpeg\" data-orig-size=\"1280,720\" data-comments-opened=\"0\" data-image-meta=\"{&quot;aperture&quot;:&quot;0&quot;,&quot;credit&quot;:&quot;&quot;,&quot;camera&quot;:&quot;&quot;,&quot;caption&quot;:&quot;&quot;,&quot;created_timestamp&quot;:&quot;0&quot;,&quot;copyright&quot;:&quot;&quot;,&quot;focal_length&quot;:&quot;0&quot;,&quot;iso&quot;:&quot;0&quot;,&quot;shutter_speed&quot;:&quot;0&quot;,&quot;title&quot;:&quot;&quot;,&quot;orientation&quot;:&quot;0&quot;}\" data-image-title=\"WhatsApp Image 2026-04-02 at 8.02.54 AM\" data-image-description=\"\" data-image-caption=\"&lt;p&gt;Foto: Defensa Civil Sos\u00faa, Estudiantes Centro educativo&lt;\/p&gt;\n\" data-medium-file=\"https:\/\/sosuaonline.net\/inicio\/wp-content\/uploads\/2026\/04\/WhatsApp-Image-2026-04-02-at-8.02.54-AM-300x169.jpeg\" data-large-file=\"https:\/\/sosuaonline.net\/inicio\/wp-content\/uploads\/2026\/04\/WhatsApp-Image-2026-04-02-at-8.02.54-AM-1024x576.jpeg\" \/><\/a>\n\t\t\t<\/dt>\n\t\t\t\t<dd class='wp-caption-text gallery-caption' id='gallery-1-111060'>\n\t\t\t\tFoto: Defensa Civil Sos\u00faa, Estudiantes Centro educativo\n\t\t\t\t<\/dd><\/dl><dl class='gallery-item'>\n\t\t\t<dt class='gallery-icon landscape'>\n\t\t\t\t<a href='https:\/\/sosuaonline.net\/inicio\/2do-dia-en-sosua-del-operativo-semana-santa-2026\/whatsapp-image-2026-04-02-at-8-02-55-am-1\/'><img loading=\"lazy\" decoding=\"async\" width=\"150\" height=\"150\" src=\"https:\/\/sosuaonline.net\/inicio\/wp-content\/uploads\/2026\/04\/WhatsApp-Image-2026-04-02-at-8.02.55-AM-1-150x150.jpeg\" class=\"attachment-thumbnail size-thumbnail\" alt=\"\" aria-describedby=\"gallery-1-111061\" data-attachment-id=\"111061\" data-permalink=\"https:\/\/sosuaonline.net\/inicio\/2do-dia-en-sosua-del-operativo-semana-santa-2026\/whatsapp-image-2026-04-02-at-8-02-55-am-1\/\" data-orig-file=\"https:\/\/sosuaonline.net\/inicio\/wp-content\/uploads\/2026\/04\/WhatsApp-Image-2026-04-02-at-8.02.55-AM-1.jpeg\" data-orig-size=\"1280,720\" data-comments-opened=\"0\" data-image-meta=\"{&quot;aperture&quot;:&quot;0&quot;,&quot;credit&quot;:&quot;&quot;,&quot;camera&quot;:&quot;&quot;,&quot;caption&quot;:&quot;&quot;,&quot;created_timestamp&quot;:&quot;0&quot;,&quot;copyright&quot;:&quot;&quot;,&quot;focal_length&quot;:&quot;0&quot;,&quot;iso&quot;:&quot;0&quot;,&quot;shutter_speed&quot;:&quot;0&quot;,&quot;title&quot;:&quot;&quot;,&quot;orientation&quot;:&quot;0&quot;}\" data-image-title=\"Foto: Defensa Civil Sos\u00faa, FORMACION EN IZAMIENTO DE BANDERA\" data-image-description=\"\" data-image-caption=\"&lt;p&gt;Foto: Defensa Civil Sos\u00faa&lt;\/p&gt;\n\" data-medium-file=\"https:\/\/sosuaonline.net\/inicio\/wp-content\/uploads\/2026\/04\/WhatsApp-Image-2026-04-02-at-8.02.55-AM-1-300x169.jpeg\" data-large-file=\"https:\/\/sosuaonline.net\/inicio\/wp-content\/uploads\/2026\/04\/WhatsApp-Image-2026-04-02-at-8.02.55-AM-1-1024x576.jpeg\" \/><\/a>\n\t\t\t<\/dt>\n\t\t\t\t<dd class='wp-caption-text gallery-caption' id='gallery-1-111061'>\n\t\t\t\tFoto: Defensa Civil Sos\u00faa\n\t\t\t\t<\/dd><\/dl><dl class='gallery-item'>\n\t\t\t<dt class='gallery-icon landscape'>\n\t\t\t\t<a href='https:\/\/sosuaonline.net\/inicio\/2do-dia-en-sosua-del-operativo-semana-santa-2026\/whatsapp-image-2026-04-02-at-8-02-55-am\/'><img loading=\"lazy\" decoding=\"async\" width=\"150\" height=\"150\" src=\"https:\/\/sosuaonline.net\/inicio\/wp-content\/uploads\/2026\/04\/WhatsApp-Image-2026-04-02-at-8.02.55-AM-150x150.jpeg\" class=\"attachment-thumbnail size-thumbnail\" alt=\"\" aria-describedby=\"gallery-1-111062\" data-attachment-id=\"111062\" data-permalink=\"https:\/\/sosuaonline.net\/inicio\/2do-dia-en-sosua-del-operativo-semana-santa-2026\/whatsapp-image-2026-04-02-at-8-02-55-am\/\" data-orig-file=\"https:\/\/sosuaonline.net\/inicio\/wp-content\/uploads\/2026\/04\/WhatsApp-Image-2026-04-02-at-8.02.55-AM.jpeg\" data-orig-size=\"1280,720\" data-comments-opened=\"0\" data-image-meta=\"{&quot;aperture&quot;:&quot;0&quot;,&quot;credit&quot;:&quot;&quot;,&quot;camera&quot;:&quot;&quot;,&quot;caption&quot;:&quot;&quot;,&quot;created_timestamp&quot;:&quot;0&quot;,&quot;copyright&quot;:&quot;&quot;,&quot;focal_length&quot;:&quot;0&quot;,&quot;iso&quot;:&quot;0&quot;,&quot;shutter_speed&quot;:&quot;0&quot;,&quot;title&quot;:&quot;&quot;,&quot;orientation&quot;:&quot;0&quot;}\" data-image-title=\"Foto: Defensa Civil Sos\u00faa, IZAMIENTO DE BANDERAS\" data-image-description=\"\" data-image-caption=\"&lt;p&gt;Foto: Defensa Civil Sos\u00faa&lt;\/p&gt;\n\" data-medium-file=\"https:\/\/sosuaonline.net\/inicio\/wp-content\/uploads\/2026\/04\/WhatsApp-Image-2026-04-02-at-8.02.55-AM-300x169.jpeg\" data-large-file=\"https:\/\/sosuaonline.net\/inicio\/wp-content\/uploads\/2026\/04\/WhatsApp-Image-2026-04-02-at-8.02.55-AM-1024x576.jpeg\" \/><\/a>\n\t\t\t<\/dt>\n\t\t\t\t<dd class='wp-caption-text gallery-caption' id='gallery-1-111062'>\n\t\t\t\tFoto: Defensa Civil Sos\u00faa\n\t\t\t\t<\/dd><\/dl><br style=\"clear: both\" \/><dl class='gallery-item'>\n\t\t\t<dt class='gallery-icon landscape'>\n\t\t\t\t<a href='https:\/\/sosuaonline.net\/inicio\/2do-dia-en-sosua-del-operativo-semana-santa-2026\/whatsapp-image-2026-04-02-at-8-02-58-am-1\/'><img loading=\"lazy\" decoding=\"async\" width=\"150\" height=\"150\" src=\"https:\/\/sosuaonline.net\/inicio\/wp-content\/uploads\/2026\/04\/WhatsApp-Image-2026-04-02-at-8.02.58-AM-1-150x150.jpeg\" class=\"attachment-thumbnail size-thumbnail\" alt=\"\" aria-describedby=\"gallery-1-111063\" data-attachment-id=\"111063\" data-permalink=\"https:\/\/sosuaonline.net\/inicio\/2do-dia-en-sosua-del-operativo-semana-santa-2026\/whatsapp-image-2026-04-02-at-8-02-58-am-1\/\" data-orig-file=\"https:\/\/sosuaonline.net\/inicio\/wp-content\/uploads\/2026\/04\/WhatsApp-Image-2026-04-02-at-8.02.58-AM-1.jpeg\" data-orig-size=\"1280,720\" data-comments-opened=\"0\" data-image-meta=\"{&quot;aperture&quot;:&quot;0&quot;,&quot;credit&quot;:&quot;&quot;,&quot;camera&quot;:&quot;&quot;,&quot;caption&quot;:&quot;&quot;,&quot;created_timestamp&quot;:&quot;0&quot;,&quot;copyright&quot;:&quot;&quot;,&quot;focal_length&quot;:&quot;0&quot;,&quot;iso&quot;:&quot;0&quot;,&quot;shutter_speed&quot;:&quot;0&quot;,&quot;title&quot;:&quot;&quot;,&quot;orientation&quot;:&quot;0&quot;}\" data-image-title=\"WhatsApp Image 2026-04-02 at 8.02.58 AM (1)\" data-image-description=\"\" data-image-caption=\"&lt;p&gt;Foto: Defensa Civil Sos\u00faa&lt;\/p&gt;\n\" data-medium-file=\"https:\/\/sosuaonline.net\/inicio\/wp-content\/uploads\/2026\/04\/WhatsApp-Image-2026-04-02-at-8.02.58-AM-1-300x169.jpeg\" data-large-file=\"https:\/\/sosuaonline.net\/inicio\/wp-content\/uploads\/2026\/04\/WhatsApp-Image-2026-04-02-at-8.02.58-AM-1-1024x576.jpeg\" \/><\/a>\n\t\t\t<\/dt>\n\t\t\t\t<dd class='wp-caption-text gallery-caption' id='gallery-1-111063'>\n\t\t\t\tFoto: Defensa Civil Sos\u00faa\n\t\t\t\t<\/dd><\/dl><dl class='gallery-item'>\n\t\t\t<dt class='gallery-icon landscape'>\n\t\t\t\t<a href='https:\/\/sosuaonline.net\/inicio\/2do-dia-en-sosua-del-operativo-semana-santa-2026\/whatsapp-image-2026-04-02-at-8-02-58-am-2\/'><img loading=\"lazy\" decoding=\"async\" width=\"150\" height=\"150\" src=\"https:\/\/sosuaonline.net\/inicio\/wp-content\/uploads\/2026\/04\/WhatsApp-Image-2026-04-02-at-8.02.58-AM-2-150x150.jpeg\" class=\"attachment-thumbnail size-thumbnail\" alt=\"\" aria-describedby=\"gallery-1-111064\" data-attachment-id=\"111064\" data-permalink=\"https:\/\/sosuaonline.net\/inicio\/2do-dia-en-sosua-del-operativo-semana-santa-2026\/whatsapp-image-2026-04-02-at-8-02-58-am-2\/\" data-orig-file=\"https:\/\/sosuaonline.net\/inicio\/wp-content\/uploads\/2026\/04\/WhatsApp-Image-2026-04-02-at-8.02.58-AM-2.jpeg\" data-orig-size=\"1280,720\" data-comments-opened=\"0\" data-image-meta=\"{&quot;aperture&quot;:&quot;0&quot;,&quot;credit&quot;:&quot;&quot;,&quot;camera&quot;:&quot;&quot;,&quot;caption&quot;:&quot;&quot;,&quot;created_timestamp&quot;:&quot;0&quot;,&quot;copyright&quot;:&quot;&quot;,&quot;focal_length&quot;:&quot;0&quot;,&quot;iso&quot;:&quot;0&quot;,&quot;shutter_speed&quot;:&quot;0&quot;,&quot;title&quot;:&quot;&quot;,&quot;orientation&quot;:&quot;0&quot;}\" data-image-title=\"Foto: Defensa Civil Sos\u00faa, FORMACION\" data-image-description=\"\" data-image-caption=\"&lt;p&gt;Foto: Defensa Civil Sos\u00faa&lt;\/p&gt;\n\" data-medium-file=\"https:\/\/sosuaonline.net\/inicio\/wp-content\/uploads\/2026\/04\/WhatsApp-Image-2026-04-02-at-8.02.58-AM-2-300x169.jpeg\" data-large-file=\"https:\/\/sosuaonline.net\/inicio\/wp-content\/uploads\/2026\/04\/WhatsApp-Image-2026-04-02-at-8.02.58-AM-2-1024x576.jpeg\" \/><\/a>\n\t\t\t<\/dt>\n\t\t\t\t<dd class='wp-caption-text gallery-caption' id='gallery-1-111064'>\n\t\t\t\tFoto: Defensa Civil Sos\u00faa\n\t\t\t\t<\/dd><\/dl><dl class='gallery-item'>\n\t\t\t<dt class='gallery-icon landscape'>\n\t\t\t\t<a href='https:\/\/sosuaonline.net\/inicio\/2do-dia-en-sosua-del-operativo-semana-santa-2026\/whatsapp-image-2026-04-02-at-8-02-58-am\/'><img loading=\"lazy\" decoding=\"async\" width=\"150\" height=\"150\" src=\"https:\/\/sosuaonline.net\/inicio\/wp-content\/uploads\/2026\/04\/WhatsApp-Image-2026-04-02-at-8.02.58-AM-150x150.jpeg\" class=\"attachment-thumbnail size-thumbnail\" alt=\"\" aria-describedby=\"gallery-1-111065\" data-attachment-id=\"111065\" data-permalink=\"https:\/\/sosuaonline.net\/inicio\/2do-dia-en-sosua-del-operativo-semana-santa-2026\/whatsapp-image-2026-04-02-at-8-02-58-am\/\" data-orig-file=\"https:\/\/sosuaonline.net\/inicio\/wp-content\/uploads\/2026\/04\/WhatsApp-Image-2026-04-02-at-8.02.58-AM.jpeg\" data-orig-size=\"1280,720\" data-comments-opened=\"0\" data-image-meta=\"{&quot;aperture&quot;:&quot;0&quot;,&quot;credit&quot;:&quot;&quot;,&quot;camera&quot;:&quot;&quot;,&quot;caption&quot;:&quot;&quot;,&quot;created_timestamp&quot;:&quot;0&quot;,&quot;copyright&quot;:&quot;&quot;,&quot;focal_length&quot;:&quot;0&quot;,&quot;iso&quot;:&quot;0&quot;,&quot;shutter_speed&quot;:&quot;0&quot;,&quot;title&quot;:&quot;&quot;,&quot;orientation&quot;:&quot;0&quot;}\" data-image-title=\"WhatsApp Image 2026-04-02 at 8.02.58 AM\" data-image-description=\"\" data-image-caption=\"&lt;p&gt;Foto: Defensa Civil Sos\u00faa&lt;\/p&gt;\n\" data-medium-file=\"https:\/\/sosuaonline.net\/inicio\/wp-content\/uploads\/2026\/04\/WhatsApp-Image-2026-04-02-at-8.02.58-AM-300x169.jpeg\" data-large-file=\"https:\/\/sosuaonline.net\/inicio\/wp-content\/uploads\/2026\/04\/WhatsApp-Image-2026-04-02-at-8.02.58-AM-1024x576.jpeg\" \/><\/a>\n\t\t\t<\/dt>\n\t\t\t\t<dd class='wp-caption-text gallery-caption' id='gallery-1-111065'>\n\t\t\t\tFoto: Defensa Civil Sos\u00faa\n\t\t\t\t<\/dd><\/dl><br style=\"clear: both\" \/><dl class='gallery-item'>\n\t\t\t<dt class='gallery-icon landscape'>\n\t\t\t\t<a href='https:\/\/sosuaonline.net\/inicio\/2do-dia-en-sosua-del-operativo-semana-santa-2026\/whatsapp-image-2026-04-02-at-8-18-01-am\/'><img loading=\"lazy\" decoding=\"async\" width=\"150\" height=\"150\" src=\"https:\/\/sosuaonline.net\/inicio\/wp-content\/uploads\/2026\/04\/WhatsApp-Image-2026-04-02-at-8.18.01-AM-150x150.jpeg\" class=\"attachment-thumbnail size-thumbnail\" alt=\"\" aria-describedby=\"gallery-1-111066\" srcset=\"https:\/\/sosuaonline.net\/inicio\/wp-content\/uploads\/2026\/04\/WhatsApp-Image-2026-04-02-at-8.18.01-AM-150x150.jpeg 150w, https:\/\/sosuaonline.net\/inicio\/wp-content\/uploads\/2026\/04\/WhatsApp-Image-2026-04-02-at-8.18.01-AM-scaled-1536x1536.jpeg 1536w, https:\/\/sosuaonline.net\/inicio\/wp-content\/uploads\/2026\/04\/WhatsApp-Image-2026-04-02-at-8.18.01-AM-scaled-2048x2048.jpeg 2048w\" sizes=\"auto, (max-width: 150px) 100vw, 150px\" data-attachment-id=\"111066\" data-permalink=\"https:\/\/sosuaonline.net\/inicio\/2do-dia-en-sosua-del-operativo-semana-santa-2026\/whatsapp-image-2026-04-02-at-8-18-01-am\/\" data-orig-file=\"https:\/\/sosuaonline.net\/inicio\/wp-content\/uploads\/2026\/04\/WhatsApp-Image-2026-04-02-at-8.18.01-AM-scaled.jpeg\" data-orig-size=\"2560,1441\" data-comments-opened=\"0\" data-image-meta=\"{&quot;aperture&quot;:&quot;0&quot;,&quot;credit&quot;:&quot;&quot;,&quot;camera&quot;:&quot;&quot;,&quot;caption&quot;:&quot;&quot;,&quot;created_timestamp&quot;:&quot;0&quot;,&quot;copyright&quot;:&quot;&quot;,&quot;focal_length&quot;:&quot;0&quot;,&quot;iso&quot;:&quot;0&quot;,&quot;shutter_speed&quot;:&quot;0&quot;,&quot;title&quot;:&quot;&quot;,&quot;orientation&quot;:&quot;0&quot;}\" data-image-title=\"Foto: Defensa Civil Sos\u00faa, ADALBERTO MENA, RAFAEL GARCIA,\" data-image-description=\"\" data-image-caption=\"&lt;p&gt;Foto: Defensa Civil Sos\u00faa&lt;\/p&gt;\n\" data-medium-file=\"https:\/\/sosuaonline.net\/inicio\/wp-content\/uploads\/2026\/04\/WhatsApp-Image-2026-04-02-at-8.18.01-AM-300x169.jpeg\" data-large-file=\"https:\/\/sosuaonline.net\/inicio\/wp-content\/uploads\/2026\/04\/WhatsApp-Image-2026-04-02-at-8.18.01-AM-1024x576.jpeg\" \/><\/a>\n\t\t\t<\/dt>\n\t\t\t\t<dd class='wp-caption-text gallery-caption' id='gallery-1-111066'>\n\t\t\t\tFoto: Defensa Civil Sos\u00faa\n\t\t\t\t<\/dd><\/dl><dl class='gallery-item'>\n\t\t\t<dt class='gallery-icon portrait'>\n\t\t\t\t<a href='https:\/\/sosuaonline.net\/inicio\/2do-dia-en-sosua-del-operativo-semana-santa-2026\/whatsapp-image-2026-04-02-at-9-53-03-am\/'><img loading=\"lazy\" decoding=\"async\" width=\"150\" height=\"150\" src=\"https:\/\/sosuaonline.net\/inicio\/wp-content\/uploads\/2026\/04\/WhatsApp-Image-2026-04-02-at-9.53.03-AM-150x150.jpeg\" class=\"attachment-thumbnail size-thumbnail\" alt=\"\" aria-describedby=\"gallery-1-111067\" srcset=\"https:\/\/sosuaonline.net\/inicio\/wp-content\/uploads\/2026\/04\/WhatsApp-Image-2026-04-02-at-9.53.03-AM-150x150.jpeg 150w, https:\/\/sosuaonline.net\/inicio\/wp-content\/uploads\/2026\/04\/WhatsApp-Image-2026-04-02-at-9.53.03-AM-1536x1536.jpeg 1536w\" sizes=\"auto, (max-width: 150px) 100vw, 150px\" data-attachment-id=\"111067\" data-permalink=\"https:\/\/sosuaonline.net\/inicio\/2do-dia-en-sosua-del-operativo-semana-santa-2026\/whatsapp-image-2026-04-02-at-9-53-03-am\/\" data-orig-file=\"https:\/\/sosuaonline.net\/inicio\/wp-content\/uploads\/2026\/04\/WhatsApp-Image-2026-04-02-at-9.53.03-AM.jpeg\" data-orig-size=\"1200,1600\" data-comments-opened=\"0\" data-image-meta=\"{&quot;aperture&quot;:&quot;0&quot;,&quot;credit&quot;:&quot;&quot;,&quot;camera&quot;:&quot;&quot;,&quot;caption&quot;:&quot;&quot;,&quot;created_timestamp&quot;:&quot;0&quot;,&quot;copyright&quot;:&quot;&quot;,&quot;focal_length&quot;:&quot;0&quot;,&quot;iso&quot;:&quot;0&quot;,&quot;shutter_speed&quot;:&quot;0&quot;,&quot;title&quot;:&quot;&quot;,&quot;orientation&quot;:&quot;0&quot;}\" data-image-title=\"Foto: Defensa Civil Sos\u00faa, FORMACION BOMBEROS\" data-image-description=\"\" data-image-caption=\"&lt;p&gt;Foto: Defensa Civil Sos\u00faa&lt;\/p&gt;\n\" data-medium-file=\"https:\/\/sosuaonline.net\/inicio\/wp-content\/uploads\/2026\/04\/WhatsApp-Image-2026-04-02-at-9.53.03-AM-225x300.jpeg\" data-large-file=\"https:\/\/sosuaonline.net\/inicio\/wp-content\/uploads\/2026\/04\/WhatsApp-Image-2026-04-02-at-9.53.03-AM-768x1024.jpeg\" \/><\/a>\n\t\t\t<\/dt>\n\t\t\t\t<dd class='wp-caption-text gallery-caption' id='gallery-1-111067'>\n\t\t\t\tFoto: Defensa Civil Sos\u00faa\n\t\t\t\t<\/dd><\/dl><dl class='gallery-item'>\n\t\t\t<dt class='gallery-icon portrait'>\n\t\t\t\t<a href='https:\/\/sosuaonline.net\/inicio\/2do-dia-en-sosua-del-operativo-semana-santa-2026\/whatsapp-image-2026-04-02-at-9-53-04-am-1\/'><img loading=\"lazy\" decoding=\"async\" width=\"150\" height=\"150\" src=\"https:\/\/sosuaonline.net\/inicio\/wp-content\/uploads\/2026\/04\/WhatsApp-Image-2026-04-02-at-9.53.04-AM-1-150x150.jpeg\" class=\"attachment-thumbnail size-thumbnail\" alt=\"\" aria-describedby=\"gallery-1-111068\" srcset=\"https:\/\/sosuaonline.net\/inicio\/wp-content\/uploads\/2026\/04\/WhatsApp-Image-2026-04-02-at-9.53.04-AM-1-150x150.jpeg 150w, https:\/\/sosuaonline.net\/inicio\/wp-content\/uploads\/2026\/04\/WhatsApp-Image-2026-04-02-at-9.53.04-AM-1-1536x1536.jpeg 1536w\" sizes=\"auto, (max-width: 150px) 100vw, 150px\" data-attachment-id=\"111068\" data-permalink=\"https:\/\/sosuaonline.net\/inicio\/2do-dia-en-sosua-del-operativo-semana-santa-2026\/whatsapp-image-2026-04-02-at-9-53-04-am-1\/\" data-orig-file=\"https:\/\/sosuaonline.net\/inicio\/wp-content\/uploads\/2026\/04\/WhatsApp-Image-2026-04-02-at-9.53.04-AM-1.jpeg\" data-orig-size=\"1200,1600\" data-comments-opened=\"0\" data-image-meta=\"{&quot;aperture&quot;:&quot;0&quot;,&quot;credit&quot;:&quot;&quot;,&quot;camera&quot;:&quot;&quot;,&quot;caption&quot;:&quot;&quot;,&quot;created_timestamp&quot;:&quot;0&quot;,&quot;copyright&quot;:&quot;&quot;,&quot;focal_length&quot;:&quot;0&quot;,&quot;iso&quot;:&quot;0&quot;,&quot;shutter_speed&quot;:&quot;0&quot;,&quot;title&quot;:&quot;&quot;,&quot;orientation&quot;:&quot;0&quot;}\" data-image-title=\"Foto: Defensa Civil Sos\u00faa, Michel Brukier y Rafael Garcia\" data-image-description=\"\" data-image-caption=\"&lt;p&gt;Foto: Defensa Civil Sos\u00faa, &lt;\/p&gt;\n\" data-medium-file=\"https:\/\/sosuaonline.net\/inicio\/wp-content\/uploads\/2026\/04\/WhatsApp-Image-2026-04-02-at-9.53.04-AM-1-225x300.jpeg\" data-large-file=\"https:\/\/sosuaonline.net\/inicio\/wp-content\/uploads\/2026\/04\/WhatsApp-Image-2026-04-02-at-9.53.04-AM-1-768x1024.jpeg\" \/><\/a>\n\t\t\t<\/dt>\n\t\t\t\t<dd class='wp-caption-text gallery-caption' id='gallery-1-111068'>\n\t\t\t\tFoto: Defensa Civil Sos\u00faa, \n\t\t\t\t<\/dd><\/dl><br style=\"clear: both\" \/><dl class='gallery-item'>\n\t\t\t<dt class='gallery-icon portrait'>\n\t\t\t\t<a href='https:\/\/sosuaonline.net\/inicio\/2do-dia-en-sosua-del-operativo-semana-santa-2026\/whatsapp-image-2026-04-02-at-9-53-04-am-2\/'><img loading=\"lazy\" decoding=\"async\" width=\"150\" height=\"150\" src=\"https:\/\/sosuaonline.net\/inicio\/wp-content\/uploads\/2026\/04\/WhatsApp-Image-2026-04-02-at-9.53.04-AM-2-150x150.jpeg\" class=\"attachment-thumbnail size-thumbnail\" alt=\"\" aria-describedby=\"gallery-1-111069\" srcset=\"https:\/\/sosuaonline.net\/inicio\/wp-content\/uploads\/2026\/04\/WhatsApp-Image-2026-04-02-at-9.53.04-AM-2-150x150.jpeg 150w, https:\/\/sosuaonline.net\/inicio\/wp-content\/uploads\/2026\/04\/WhatsApp-Image-2026-04-02-at-9.53.04-AM-2-1536x1536.jpeg 1536w\" sizes=\"auto, (max-width: 150px) 100vw, 150px\" data-attachment-id=\"111069\" data-permalink=\"https:\/\/sosuaonline.net\/inicio\/2do-dia-en-sosua-del-operativo-semana-santa-2026\/whatsapp-image-2026-04-02-at-9-53-04-am-2\/\" data-orig-file=\"https:\/\/sosuaonline.net\/inicio\/wp-content\/uploads\/2026\/04\/WhatsApp-Image-2026-04-02-at-9.53.04-AM-2.jpeg\" data-orig-size=\"1200,1600\" data-comments-opened=\"0\" data-image-meta=\"{&quot;aperture&quot;:&quot;0&quot;,&quot;credit&quot;:&quot;&quot;,&quot;camera&quot;:&quot;&quot;,&quot;caption&quot;:&quot;&quot;,&quot;created_timestamp&quot;:&quot;0&quot;,&quot;copyright&quot;:&quot;&quot;,&quot;focal_length&quot;:&quot;0&quot;,&quot;iso&quot;:&quot;0&quot;,&quot;shutter_speed&quot;:&quot;0&quot;,&quot;title&quot;:&quot;&quot;,&quot;orientation&quot;:&quot;0&quot;}\" data-image-title=\"Foto: Defensa Civil Sos\u00faa, Consejar Wellinton y Enc, DC Rafael Garcia\" data-image-description=\"\" data-image-caption=\"&lt;p&gt;Foto: Defensa Civil Sos\u00faa&lt;\/p&gt;\n\" data-medium-file=\"https:\/\/sosuaonline.net\/inicio\/wp-content\/uploads\/2026\/04\/WhatsApp-Image-2026-04-02-at-9.53.04-AM-2-225x300.jpeg\" data-large-file=\"https:\/\/sosuaonline.net\/inicio\/wp-content\/uploads\/2026\/04\/WhatsApp-Image-2026-04-02-at-9.53.04-AM-2-768x1024.jpeg\" \/><\/a>\n\t\t\t<\/dt>\n\t\t\t\t<dd class='wp-caption-text gallery-caption' id='gallery-1-111069'>\n\t\t\t\tFoto: Defensa Civil Sos\u00faa\n\t\t\t\t<\/dd><\/dl><dl class='gallery-item'>\n\t\t\t<dt class='gallery-icon landscape'>\n\t\t\t\t<a href='https:\/\/sosuaonline.net\/inicio\/2do-dia-en-sosua-del-operativo-semana-santa-2026\/whatsapp-image-2026-04-02-at-9-53-04-am-3\/'><img loading=\"lazy\" decoding=\"async\" width=\"150\" height=\"150\" src=\"https:\/\/sosuaonline.net\/inicio\/wp-content\/uploads\/2026\/04\/WhatsApp-Image-2026-04-02-at-9.53.04-AM-3-150x150.jpeg\" class=\"attachment-thumbnail size-thumbnail\" alt=\"\" aria-describedby=\"gallery-1-111070\" srcset=\"https:\/\/sosuaonline.net\/inicio\/wp-content\/uploads\/2026\/04\/WhatsApp-Image-2026-04-02-at-9.53.04-AM-3-150x150.jpeg 150w, https:\/\/sosuaonline.net\/inicio\/wp-content\/uploads\/2026\/04\/WhatsApp-Image-2026-04-02-at-9.53.04-AM-3-1536x1536.jpeg 1536w\" sizes=\"auto, (max-width: 150px) 100vw, 150px\" data-attachment-id=\"111070\" data-permalink=\"https:\/\/sosuaonline.net\/inicio\/2do-dia-en-sosua-del-operativo-semana-santa-2026\/whatsapp-image-2026-04-02-at-9-53-04-am-3\/\" data-orig-file=\"https:\/\/sosuaonline.net\/inicio\/wp-content\/uploads\/2026\/04\/WhatsApp-Image-2026-04-02-at-9.53.04-AM-3.jpeg\" data-orig-size=\"1600,1200\" data-comments-opened=\"0\" data-image-meta=\"{&quot;aperture&quot;:&quot;0&quot;,&quot;credit&quot;:&quot;&quot;,&quot;camera&quot;:&quot;&quot;,&quot;caption&quot;:&quot;&quot;,&quot;created_timestamp&quot;:&quot;0&quot;,&quot;copyright&quot;:&quot;&quot;,&quot;focal_length&quot;:&quot;0&quot;,&quot;iso&quot;:&quot;0&quot;,&quot;shutter_speed&quot;:&quot;0&quot;,&quot;title&quot;:&quot;&quot;,&quot;orientation&quot;:&quot;0&quot;}\" data-image-title=\"WhatsApp Image 2026-04-02 at 9.53.04 AM (3)\" data-image-description=\"\" data-image-caption=\"&lt;p&gt;Foto: Defensa Civil Sos\u00faa, Asistente Tur\u00edstico de Sos\u00faa, Michel Brukier&lt;\/p&gt;\n\" data-medium-file=\"https:\/\/sosuaonline.net\/inicio\/wp-content\/uploads\/2026\/04\/WhatsApp-Image-2026-04-02-at-9.53.04-AM-3-300x225.jpeg\" data-large-file=\"https:\/\/sosuaonline.net\/inicio\/wp-content\/uploads\/2026\/04\/WhatsApp-Image-2026-04-02-at-9.53.04-AM-3-1024x768.jpeg\" \/><\/a>\n\t\t\t<\/dt>\n\t\t\t\t<dd class='wp-caption-text gallery-caption' id='gallery-1-111070'>\n\t\t\t\tFoto: Defensa Civil Sos\u00faa, Asistente Tur\u00edstico de Sos\u00faa, Michel Brukier\n\t\t\t\t<\/dd><\/dl><dl class='gallery-item'>\n\t\t\t<dt class='gallery-icon portrait'>\n\t\t\t\t<a href='https:\/\/sosuaonline.net\/inicio\/2do-dia-en-sosua-del-operativo-semana-santa-2026\/whatsapp-image-2026-04-02-at-9-53-04-am-4\/'><img loading=\"lazy\" decoding=\"async\" width=\"150\" height=\"150\" src=\"https:\/\/sosuaonline.net\/inicio\/wp-content\/uploads\/2026\/04\/WhatsApp-Image-2026-04-02-at-9.53.04-AM-4-150x150.jpeg\" class=\"attachment-thumbnail size-thumbnail\" alt=\"\" aria-describedby=\"gallery-1-111071\" srcset=\"https:\/\/sosuaonline.net\/inicio\/wp-content\/uploads\/2026\/04\/WhatsApp-Image-2026-04-02-at-9.53.04-AM-4-150x150.jpeg 150w, https:\/\/sosuaonline.net\/inicio\/wp-content\/uploads\/2026\/04\/WhatsApp-Image-2026-04-02-at-9.53.04-AM-4-1536x1536.jpeg 1536w\" sizes=\"auto, (max-width: 150px) 100vw, 150px\" data-attachment-id=\"111071\" data-permalink=\"https:\/\/sosuaonline.net\/inicio\/2do-dia-en-sosua-del-operativo-semana-santa-2026\/whatsapp-image-2026-04-02-at-9-53-04-am-4\/\" data-orig-file=\"https:\/\/sosuaonline.net\/inicio\/wp-content\/uploads\/2026\/04\/WhatsApp-Image-2026-04-02-at-9.53.04-AM-4.jpeg\" data-orig-size=\"1200,1600\" data-comments-opened=\"0\" data-image-meta=\"{&quot;aperture&quot;:&quot;0&quot;,&quot;credit&quot;:&quot;&quot;,&quot;camera&quot;:&quot;&quot;,&quot;caption&quot;:&quot;&quot;,&quot;created_timestamp&quot;:&quot;0&quot;,&quot;copyright&quot;:&quot;&quot;,&quot;focal_length&quot;:&quot;0&quot;,&quot;iso&quot;:&quot;0&quot;,&quot;shutter_speed&quot;:&quot;0&quot;,&quot;title&quot;:&quot;&quot;,&quot;orientation&quot;:&quot;0&quot;}\" data-image-title=\"Foto: Defensa Civil Sos\u00faa, Habla Michel Brukier (Asesor Tur\u00edstico)\" data-image-description=\"\" data-image-caption=\"&lt;p&gt;Foto: Defensa Civil Sos\u00faa, Asistente Tur\u00edstico de Sos\u00faa, Michel Brukier&lt;\/p&gt;\n\" data-medium-file=\"https:\/\/sosuaonline.net\/inicio\/wp-content\/uploads\/2026\/04\/WhatsApp-Image-2026-04-02-at-9.53.04-AM-4-225x300.jpeg\" data-large-file=\"https:\/\/sosuaonline.net\/inicio\/wp-content\/uploads\/2026\/04\/WhatsApp-Image-2026-04-02-at-9.53.04-AM-4-768x1024.jpeg\" \/><\/a>\n\t\t\t<\/dt>\n\t\t\t\t<dd class='wp-caption-text gallery-caption' id='gallery-1-111071'>\n\t\t\t\tFoto: Defensa Civil Sos\u00faa, Asistente Tur\u00edstico de Sos\u00faa, Michel Brukier\n\t\t\t\t<\/dd><\/dl><br style=\"clear: both\" \/><dl class='gallery-item'>\n\t\t\t<dt class='gallery-icon portrait'>\n\t\t\t\t<a href='https:\/\/sosuaonline.net\/inicio\/2do-dia-en-sosua-del-operativo-semana-santa-2026\/whatsapp-image-2026-04-02-at-9-53-04-am-5\/'><img loading=\"lazy\" decoding=\"async\" width=\"150\" height=\"150\" src=\"https:\/\/sosuaonline.net\/inicio\/wp-content\/uploads\/2026\/04\/WhatsApp-Image-2026-04-02-at-9.53.04-AM-5-150x150.jpeg\" class=\"attachment-thumbnail size-thumbnail\" alt=\"\" aria-describedby=\"gallery-1-111072\" srcset=\"https:\/\/sosuaonline.net\/inicio\/wp-content\/uploads\/2026\/04\/WhatsApp-Image-2026-04-02-at-9.53.04-AM-5-150x150.jpeg 150w, https:\/\/sosuaonline.net\/inicio\/wp-content\/uploads\/2026\/04\/WhatsApp-Image-2026-04-02-at-9.53.04-AM-5-1536x1536.jpeg 1536w\" sizes=\"auto, (max-width: 150px) 100vw, 150px\" data-attachment-id=\"111072\" data-permalink=\"https:\/\/sosuaonline.net\/inicio\/2do-dia-en-sosua-del-operativo-semana-santa-2026\/whatsapp-image-2026-04-02-at-9-53-04-am-5\/\" data-orig-file=\"https:\/\/sosuaonline.net\/inicio\/wp-content\/uploads\/2026\/04\/WhatsApp-Image-2026-04-02-at-9.53.04-AM-5.jpeg\" data-orig-size=\"1200,1600\" data-comments-opened=\"0\" data-image-meta=\"{&quot;aperture&quot;:&quot;0&quot;,&quot;credit&quot;:&quot;&quot;,&quot;camera&quot;:&quot;&quot;,&quot;caption&quot;:&quot;&quot;,&quot;created_timestamp&quot;:&quot;0&quot;,&quot;copyright&quot;:&quot;&quot;,&quot;focal_length&quot;:&quot;0&quot;,&quot;iso&quot;:&quot;0&quot;,&quot;shutter_speed&quot;:&quot;0&quot;,&quot;title&quot;:&quot;&quot;,&quot;orientation&quot;:&quot;0&quot;}\" data-image-title=\"Foto: Defensa Civil Sos\u00faa, Habla Wellington Padilla (Consejal)\" data-image-description=\"\" data-image-caption=\"&lt;p&gt;Foto: Defensa Civil Sos\u00faa&lt;\/p&gt;\n\" data-medium-file=\"https:\/\/sosuaonline.net\/inicio\/wp-content\/uploads\/2026\/04\/WhatsApp-Image-2026-04-02-at-9.53.04-AM-5-225x300.jpeg\" data-large-file=\"https:\/\/sosuaonline.net\/inicio\/wp-content\/uploads\/2026\/04\/WhatsApp-Image-2026-04-02-at-9.53.04-AM-5-768x1024.jpeg\" \/><\/a>\n\t\t\t<\/dt>\n\t\t\t\t<dd class='wp-caption-text gallery-caption' id='gallery-1-111072'>\n\t\t\t\tFoto: Defensa Civil Sos\u00faa\n\t\t\t\t<\/dd><\/dl><dl class='gallery-item'>\n\t\t\t<dt class='gallery-icon portrait'>\n\t\t\t\t<a href='https:\/\/sosuaonline.net\/inicio\/2do-dia-en-sosua-del-operativo-semana-santa-2026\/whatsapp-image-2026-04-02-at-9-53-04-am-6\/'><img loading=\"lazy\" decoding=\"async\" width=\"150\" height=\"150\" src=\"https:\/\/sosuaonline.net\/inicio\/wp-content\/uploads\/2026\/04\/WhatsApp-Image-2026-04-02-at-9.53.04-AM-6-150x150.jpeg\" class=\"attachment-thumbnail size-thumbnail\" alt=\"\" aria-describedby=\"gallery-1-111073\" srcset=\"https:\/\/sosuaonline.net\/inicio\/wp-content\/uploads\/2026\/04\/WhatsApp-Image-2026-04-02-at-9.53.04-AM-6-150x150.jpeg 150w, https:\/\/sosuaonline.net\/inicio\/wp-content\/uploads\/2026\/04\/WhatsApp-Image-2026-04-02-at-9.53.04-AM-6-1536x1536.jpeg 1536w\" sizes=\"auto, (max-width: 150px) 100vw, 150px\" data-attachment-id=\"111073\" data-permalink=\"https:\/\/sosuaonline.net\/inicio\/2do-dia-en-sosua-del-operativo-semana-santa-2026\/whatsapp-image-2026-04-02-at-9-53-04-am-6\/\" data-orig-file=\"https:\/\/sosuaonline.net\/inicio\/wp-content\/uploads\/2026\/04\/WhatsApp-Image-2026-04-02-at-9.53.04-AM-6.jpeg\" data-orig-size=\"1200,1600\" data-comments-opened=\"0\" data-image-meta=\"{&quot;aperture&quot;:&quot;0&quot;,&quot;credit&quot;:&quot;&quot;,&quot;camera&quot;:&quot;&quot;,&quot;caption&quot;:&quot;&quot;,&quot;created_timestamp&quot;:&quot;0&quot;,&quot;copyright&quot;:&quot;&quot;,&quot;focal_length&quot;:&quot;0&quot;,&quot;iso&quot;:&quot;0&quot;,&quot;shutter_speed&quot;:&quot;0&quot;,&quot;title&quot;:&quot;&quot;,&quot;orientation&quot;:&quot;0&quot;}\" data-image-title=\"Foto: Defensa Civil Sos\u00faa\" data-image-description=\"\" data-image-caption=\"&lt;p&gt;Foto: Defensa Civil Sos\u00faa&lt;\/p&gt;\n\" data-medium-file=\"https:\/\/sosuaonline.net\/inicio\/wp-content\/uploads\/2026\/04\/WhatsApp-Image-2026-04-02-at-9.53.04-AM-6-225x300.jpeg\" data-large-file=\"https:\/\/sosuaonline.net\/inicio\/wp-content\/uploads\/2026\/04\/WhatsApp-Image-2026-04-02-at-9.53.04-AM-6-768x1024.jpeg\" \/><\/a>\n\t\t\t<\/dt>\n\t\t\t\t<dd class='wp-caption-text gallery-caption' id='gallery-1-111073'>\n\t\t\t\tFoto: Defensa Civil Sos\u00faa\n\t\t\t\t<\/dd><\/dl><dl class='gallery-item'>\n\t\t\t<dt class='gallery-icon portrait'>\n\t\t\t\t<a href='https:\/\/sosuaonline.net\/inicio\/2do-dia-en-sosua-del-operativo-semana-santa-2026\/whatsapp-image-2026-04-02-at-9-53-04-am\/'><img loading=\"lazy\" decoding=\"async\" width=\"150\" height=\"150\" src=\"https:\/\/sosuaonline.net\/inicio\/wp-content\/uploads\/2026\/04\/WhatsApp-Image-2026-04-02-at-9.53.04-AM-150x150.jpeg\" class=\"attachment-thumbnail size-thumbnail\" alt=\"\" aria-describedby=\"gallery-1-111074\" srcset=\"https:\/\/sosuaonline.net\/inicio\/wp-content\/uploads\/2026\/04\/WhatsApp-Image-2026-04-02-at-9.53.04-AM-150x150.jpeg 150w, https:\/\/sosuaonline.net\/inicio\/wp-content\/uploads\/2026\/04\/WhatsApp-Image-2026-04-02-at-9.53.04-AM-1536x1536.jpeg 1536w\" sizes=\"auto, (max-width: 150px) 100vw, 150px\" data-attachment-id=\"111074\" data-permalink=\"https:\/\/sosuaonline.net\/inicio\/2do-dia-en-sosua-del-operativo-semana-santa-2026\/whatsapp-image-2026-04-02-at-9-53-04-am\/\" data-orig-file=\"https:\/\/sosuaonline.net\/inicio\/wp-content\/uploads\/2026\/04\/WhatsApp-Image-2026-04-02-at-9.53.04-AM.jpeg\" data-orig-size=\"1200,1600\" data-comments-opened=\"0\" data-image-meta=\"{&quot;aperture&quot;:&quot;0&quot;,&quot;credit&quot;:&quot;&quot;,&quot;camera&quot;:&quot;&quot;,&quot;caption&quot;:&quot;&quot;,&quot;created_timestamp&quot;:&quot;0&quot;,&quot;copyright&quot;:&quot;&quot;,&quot;focal_length&quot;:&quot;0&quot;,&quot;iso&quot;:&quot;0&quot;,&quot;shutter_speed&quot;:&quot;0&quot;,&quot;title&quot;:&quot;&quot;,&quot;orientation&quot;:&quot;0&quot;}\" data-image-title=\"Foto: Defensa Civil Sos\u00faa, Habla, MIEMBROS\" data-image-description=\"\" data-image-caption=\"&lt;p&gt;Foto: Defensa Civil Sos\u00faa&lt;\/p&gt;\n\" data-medium-file=\"https:\/\/sosuaonline.net\/inicio\/wp-content\/uploads\/2026\/04\/WhatsApp-Image-2026-04-02-at-9.53.04-AM-225x300.jpeg\" data-large-file=\"https:\/\/sosuaonline.net\/inicio\/wp-content\/uploads\/2026\/04\/WhatsApp-Image-2026-04-02-at-9.53.04-AM-768x1024.jpeg\" \/><\/a>\n\t\t\t<\/dt>\n\t\t\t\t<dd class='wp-caption-text gallery-caption' id='gallery-1-111074'>\n\t\t\t\tFoto: Defensa Civil Sos\u00faa\n\t\t\t\t<\/dd><\/dl><br style=\"clear: both\" \/><dl class='gallery-item'>\n\t\t\t<dt class='gallery-icon portrait'>\n\t\t\t\t<a href='https:\/\/sosuaonline.net\/inicio\/2do-dia-en-sosua-del-operativo-semana-santa-2026\/whatsapp-image-2026-04-02-at-9-53-05-am-1\/'><img loading=\"lazy\" decoding=\"async\" width=\"150\" height=\"150\" src=\"https:\/\/sosuaonline.net\/inicio\/wp-content\/uploads\/2026\/04\/WhatsApp-Image-2026-04-02-at-9.53.05-AM-1-150x150.jpeg\" class=\"attachment-thumbnail size-thumbnail\" alt=\"\" aria-describedby=\"gallery-1-111075\" srcset=\"https:\/\/sosuaonline.net\/inicio\/wp-content\/uploads\/2026\/04\/WhatsApp-Image-2026-04-02-at-9.53.05-AM-1-150x150.jpeg 150w, https:\/\/sosuaonline.net\/inicio\/wp-content\/uploads\/2026\/04\/WhatsApp-Image-2026-04-02-at-9.53.05-AM-1-1536x1536.jpeg 1536w\" sizes=\"auto, (max-width: 150px) 100vw, 150px\" data-attachment-id=\"111075\" data-permalink=\"https:\/\/sosuaonline.net\/inicio\/2do-dia-en-sosua-del-operativo-semana-santa-2026\/whatsapp-image-2026-04-02-at-9-53-05-am-1\/\" data-orig-file=\"https:\/\/sosuaonline.net\/inicio\/wp-content\/uploads\/2026\/04\/WhatsApp-Image-2026-04-02-at-9.53.05-AM-1.jpeg\" data-orig-size=\"1200,1600\" data-comments-opened=\"0\" data-image-meta=\"{&quot;aperture&quot;:&quot;0&quot;,&quot;credit&quot;:&quot;&quot;,&quot;camera&quot;:&quot;&quot;,&quot;caption&quot;:&quot;&quot;,&quot;created_timestamp&quot;:&quot;0&quot;,&quot;copyright&quot;:&quot;&quot;,&quot;focal_length&quot;:&quot;0&quot;,&quot;iso&quot;:&quot;0&quot;,&quot;shutter_speed&quot;:&quot;0&quot;,&quot;title&quot;:&quot;&quot;,&quot;orientation&quot;:&quot;0&quot;}\" data-image-title=\"Foto: Defensa Civil Sos\u00faa, Enc. DC Rafael Garc\u00eda Arvelo\" data-image-description=\"\" data-image-caption=\"&lt;p&gt;Foto: Defensa Civil Sos\u00faa, Enc. Arvelo&lt;\/p&gt;\n\" data-medium-file=\"https:\/\/sosuaonline.net\/inicio\/wp-content\/uploads\/2026\/04\/WhatsApp-Image-2026-04-02-at-9.53.05-AM-1-225x300.jpeg\" data-large-file=\"https:\/\/sosuaonline.net\/inicio\/wp-content\/uploads\/2026\/04\/WhatsApp-Image-2026-04-02-at-9.53.05-AM-1-768x1024.jpeg\" \/><\/a>\n\t\t\t<\/dt>\n\t\t\t\t<dd class='wp-caption-text gallery-caption' id='gallery-1-111075'>\n\t\t\t\tFoto: Defensa Civil Sos\u00faa, Enc. Arvelo\n\t\t\t\t<\/dd><\/dl><dl class='gallery-item'>\n\t\t\t<dt class='gallery-icon portrait'>\n\t\t\t\t<a href='https:\/\/sosuaonline.net\/inicio\/2do-dia-en-sosua-del-operativo-semana-santa-2026\/whatsapp-image-2026-04-02-at-9-53-05-am-2\/'><img loading=\"lazy\" decoding=\"async\" width=\"150\" height=\"150\" src=\"https:\/\/sosuaonline.net\/inicio\/wp-content\/uploads\/2026\/04\/WhatsApp-Image-2026-04-02-at-9.53.05-AM-2-150x150.jpeg\" class=\"attachment-thumbnail size-thumbnail\" alt=\"\" aria-describedby=\"gallery-1-111076\" srcset=\"https:\/\/sosuaonline.net\/inicio\/wp-content\/uploads\/2026\/04\/WhatsApp-Image-2026-04-02-at-9.53.05-AM-2-150x150.jpeg 150w, https:\/\/sosuaonline.net\/inicio\/wp-content\/uploads\/2026\/04\/WhatsApp-Image-2026-04-02-at-9.53.05-AM-2-1536x1536.jpeg 1536w\" sizes=\"auto, (max-width: 150px) 100vw, 150px\" data-attachment-id=\"111076\" data-permalink=\"https:\/\/sosuaonline.net\/inicio\/2do-dia-en-sosua-del-operativo-semana-santa-2026\/whatsapp-image-2026-04-02-at-9-53-05-am-2\/\" data-orig-file=\"https:\/\/sosuaonline.net\/inicio\/wp-content\/uploads\/2026\/04\/WhatsApp-Image-2026-04-02-at-9.53.05-AM-2.jpeg\" data-orig-size=\"1200,1600\" data-comments-opened=\"0\" data-image-meta=\"{&quot;aperture&quot;:&quot;0&quot;,&quot;credit&quot;:&quot;&quot;,&quot;camera&quot;:&quot;&quot;,&quot;caption&quot;:&quot;&quot;,&quot;created_timestamp&quot;:&quot;0&quot;,&quot;copyright&quot;:&quot;&quot;,&quot;focal_length&quot;:&quot;0&quot;,&quot;iso&quot;:&quot;0&quot;,&quot;shutter_speed&quot;:&quot;0&quot;,&quot;title&quot;:&quot;&quot;,&quot;orientation&quot;:&quot;0&quot;}\" data-image-title=\"Foto: Defensa Civil Sos\u00faa, ALEXANDER ACEVEDO\" data-image-description=\"\" data-image-caption=\"&lt;p&gt;Foto: Defensa Civil Sos\u00faa&lt;\/p&gt;\n\" data-medium-file=\"https:\/\/sosuaonline.net\/inicio\/wp-content\/uploads\/2026\/04\/WhatsApp-Image-2026-04-02-at-9.53.05-AM-2-225x300.jpeg\" data-large-file=\"https:\/\/sosuaonline.net\/inicio\/wp-content\/uploads\/2026\/04\/WhatsApp-Image-2026-04-02-at-9.53.05-AM-2-768x1024.jpeg\" \/><\/a>\n\t\t\t<\/dt>\n\t\t\t\t<dd class='wp-caption-text gallery-caption' id='gallery-1-111076'>\n\t\t\t\tFoto: Defensa Civil Sos\u00faa\n\t\t\t\t<\/dd><\/dl><dl class='gallery-item'>\n\t\t\t<dt class='gallery-icon portrait'>\n\t\t\t\t<a href='https:\/\/sosuaonline.net\/inicio\/2do-dia-en-sosua-del-operativo-semana-santa-2026\/whatsapp-image-2026-04-02-at-9-53-05-am-3\/'><img loading=\"lazy\" decoding=\"async\" width=\"150\" height=\"150\" src=\"https:\/\/sosuaonline.net\/inicio\/wp-content\/uploads\/2026\/04\/WhatsApp-Image-2026-04-02-at-9.53.05-AM-3-150x150.jpeg\" class=\"attachment-thumbnail size-thumbnail\" alt=\"\" aria-describedby=\"gallery-1-111077\" srcset=\"https:\/\/sosuaonline.net\/inicio\/wp-content\/uploads\/2026\/04\/WhatsApp-Image-2026-04-02-at-9.53.05-AM-3-150x150.jpeg 150w, https:\/\/sosuaonline.net\/inicio\/wp-content\/uploads\/2026\/04\/WhatsApp-Image-2026-04-02-at-9.53.05-AM-3-1536x1536.jpeg 1536w\" sizes=\"auto, (max-width: 150px) 100vw, 150px\" data-attachment-id=\"111077\" data-permalink=\"https:\/\/sosuaonline.net\/inicio\/2do-dia-en-sosua-del-operativo-semana-santa-2026\/whatsapp-image-2026-04-02-at-9-53-05-am-3\/\" data-orig-file=\"https:\/\/sosuaonline.net\/inicio\/wp-content\/uploads\/2026\/04\/WhatsApp-Image-2026-04-02-at-9.53.05-AM-3.jpeg\" data-orig-size=\"1200,1600\" data-comments-opened=\"0\" data-image-meta=\"{&quot;aperture&quot;:&quot;0&quot;,&quot;credit&quot;:&quot;&quot;,&quot;camera&quot;:&quot;&quot;,&quot;caption&quot;:&quot;&quot;,&quot;created_timestamp&quot;:&quot;0&quot;,&quot;copyright&quot;:&quot;&quot;,&quot;focal_length&quot;:&quot;0&quot;,&quot;iso&quot;:&quot;0&quot;,&quot;shutter_speed&quot;:&quot;0&quot;,&quot;title&quot;:&quot;&quot;,&quot;orientation&quot;:&quot;0&quot;}\" data-image-title=\"WhatsApp Image 2026-04-02 at 9.53.05 AM (3)\" data-image-description=\"\" data-image-caption=\"&lt;p&gt;Foto: Defensa Civil Sos\u00faa&lt;\/p&gt;\n\" data-medium-file=\"https:\/\/sosuaonline.net\/inicio\/wp-content\/uploads\/2026\/04\/WhatsApp-Image-2026-04-02-at-9.53.05-AM-3-225x300.jpeg\" data-large-file=\"https:\/\/sosuaonline.net\/inicio\/wp-content\/uploads\/2026\/04\/WhatsApp-Image-2026-04-02-at-9.53.05-AM-3-768x1024.jpeg\" \/><\/a>\n\t\t\t<\/dt>\n\t\t\t\t<dd class='wp-caption-text gallery-caption' id='gallery-1-111077'>\n\t\t\t\tFoto: Defensa Civil Sos\u00faa\n\t\t\t\t<\/dd><\/dl><br style=\"clear: both\" \/><dl class='gallery-item'>\n\t\t\t<dt class='gallery-icon portrait'>\n\t\t\t\t<a href='https:\/\/sosuaonline.net\/inicio\/2do-dia-en-sosua-del-operativo-semana-santa-2026\/whatsapp-image-2026-04-02-at-9-53-05-am-4\/'><img loading=\"lazy\" decoding=\"async\" width=\"150\" height=\"150\" src=\"https:\/\/sosuaonline.net\/inicio\/wp-content\/uploads\/2026\/04\/WhatsApp-Image-2026-04-02-at-9.53.05-AM-4-150x150.jpeg\" class=\"attachment-thumbnail size-thumbnail\" alt=\"\" aria-describedby=\"gallery-1-111078\" srcset=\"https:\/\/sosuaonline.net\/inicio\/wp-content\/uploads\/2026\/04\/WhatsApp-Image-2026-04-02-at-9.53.05-AM-4-150x150.jpeg 150w, https:\/\/sosuaonline.net\/inicio\/wp-content\/uploads\/2026\/04\/WhatsApp-Image-2026-04-02-at-9.53.05-AM-4-1536x1536.jpeg 1536w\" sizes=\"auto, (max-width: 150px) 100vw, 150px\" data-attachment-id=\"111078\" data-permalink=\"https:\/\/sosuaonline.net\/inicio\/2do-dia-en-sosua-del-operativo-semana-santa-2026\/whatsapp-image-2026-04-02-at-9-53-05-am-4\/\" data-orig-file=\"https:\/\/sosuaonline.net\/inicio\/wp-content\/uploads\/2026\/04\/WhatsApp-Image-2026-04-02-at-9.53.05-AM-4.jpeg\" data-orig-size=\"1200,1600\" data-comments-opened=\"0\" data-image-meta=\"{&quot;aperture&quot;:&quot;0&quot;,&quot;credit&quot;:&quot;&quot;,&quot;camera&quot;:&quot;&quot;,&quot;caption&quot;:&quot;&quot;,&quot;created_timestamp&quot;:&quot;0&quot;,&quot;copyright&quot;:&quot;&quot;,&quot;focal_length&quot;:&quot;0&quot;,&quot;iso&quot;:&quot;0&quot;,&quot;shutter_speed&quot;:&quot;0&quot;,&quot;title&quot;:&quot;&quot;,&quot;orientation&quot;:&quot;0&quot;}\" data-image-title=\"Foto: Defensa Civil Sos\u00faa, PADILLA, ARVELO Y BRUKIER\" data-image-description=\"\" data-image-caption=\"&lt;p&gt;Foto: Defensa Civil Sos\u00faa&lt;\/p&gt;\n\" data-medium-file=\"https:\/\/sosuaonline.net\/inicio\/wp-content\/uploads\/2026\/04\/WhatsApp-Image-2026-04-02-at-9.53.05-AM-4-225x300.jpeg\" data-large-file=\"https:\/\/sosuaonline.net\/inicio\/wp-content\/uploads\/2026\/04\/WhatsApp-Image-2026-04-02-at-9.53.05-AM-4-768x1024.jpeg\" \/><\/a>\n\t\t\t<\/dt>\n\t\t\t\t<dd class='wp-caption-text gallery-caption' id='gallery-1-111078'>\n\t\t\t\tFoto: Defensa Civil Sos\u00faa\n\t\t\t\t<\/dd><\/dl><dl class='gallery-item'>\n\t\t\t<dt class='gallery-icon portrait'>\n\t\t\t\t<a href='https:\/\/sosuaonline.net\/inicio\/2do-dia-en-sosua-del-operativo-semana-santa-2026\/whatsapp-image-2026-04-02-at-9-53-05-am-5\/'><img loading=\"lazy\" decoding=\"async\" width=\"150\" height=\"150\" src=\"https:\/\/sosuaonline.net\/inicio\/wp-content\/uploads\/2026\/04\/WhatsApp-Image-2026-04-02-at-9.53.05-AM-5-150x150.jpeg\" class=\"attachment-thumbnail size-thumbnail\" alt=\"\" aria-describedby=\"gallery-1-111079\" srcset=\"https:\/\/sosuaonline.net\/inicio\/wp-content\/uploads\/2026\/04\/WhatsApp-Image-2026-04-02-at-9.53.05-AM-5-150x150.jpeg 150w, https:\/\/sosuaonline.net\/inicio\/wp-content\/uploads\/2026\/04\/WhatsApp-Image-2026-04-02-at-9.53.05-AM-5-1536x1536.jpeg 1536w\" sizes=\"auto, (max-width: 150px) 100vw, 150px\" data-attachment-id=\"111079\" data-permalink=\"https:\/\/sosuaonline.net\/inicio\/2do-dia-en-sosua-del-operativo-semana-santa-2026\/whatsapp-image-2026-04-02-at-9-53-05-am-5\/\" data-orig-file=\"https:\/\/sosuaonline.net\/inicio\/wp-content\/uploads\/2026\/04\/WhatsApp-Image-2026-04-02-at-9.53.05-AM-5.jpeg\" data-orig-size=\"1200,1600\" data-comments-opened=\"0\" data-image-meta=\"{&quot;aperture&quot;:&quot;0&quot;,&quot;credit&quot;:&quot;&quot;,&quot;camera&quot;:&quot;&quot;,&quot;caption&quot;:&quot;&quot;,&quot;created_timestamp&quot;:&quot;0&quot;,&quot;copyright&quot;:&quot;&quot;,&quot;focal_length&quot;:&quot;0&quot;,&quot;iso&quot;:&quot;0&quot;,&quot;shutter_speed&quot;:&quot;0&quot;,&quot;title&quot;:&quot;&quot;,&quot;orientation&quot;:&quot;0&quot;}\" data-image-title=\"Foto: Defensa Civil Sos\u00faa, FORMACION\" data-image-description=\"\" data-image-caption=\"&lt;p&gt;Foto: Defensa Civil Sos\u00faa, Regidor Wellinton&lt;\/p&gt;\n\" data-medium-file=\"https:\/\/sosuaonline.net\/inicio\/wp-content\/uploads\/2026\/04\/WhatsApp-Image-2026-04-02-at-9.53.05-AM-5-225x300.jpeg\" data-large-file=\"https:\/\/sosuaonline.net\/inicio\/wp-content\/uploads\/2026\/04\/WhatsApp-Image-2026-04-02-at-9.53.05-AM-5-768x1024.jpeg\" \/><\/a>\n\t\t\t<\/dt>\n\t\t\t\t<dd class='wp-caption-text gallery-caption' id='gallery-1-111079'>\n\t\t\t\tFoto: Defensa Civil Sos\u00faa, Regidor Wellinton\n\t\t\t\t<\/dd><\/dl><dl class='gallery-item'>\n\t\t\t<dt class='gallery-icon portrait'>\n\t\t\t\t<a href='https:\/\/sosuaonline.net\/inicio\/2do-dia-en-sosua-del-operativo-semana-santa-2026\/whatsapp-image-2026-04-02-at-9-53-05-am\/'><img loading=\"lazy\" decoding=\"async\" width=\"150\" height=\"150\" src=\"https:\/\/sosuaonline.net\/inicio\/wp-content\/uploads\/2026\/04\/WhatsApp-Image-2026-04-02-at-9.53.05-AM-150x150.jpeg\" class=\"attachment-thumbnail size-thumbnail\" alt=\"\" aria-describedby=\"gallery-1-111080\" srcset=\"https:\/\/sosuaonline.net\/inicio\/wp-content\/uploads\/2026\/04\/WhatsApp-Image-2026-04-02-at-9.53.05-AM-150x150.jpeg 150w, https:\/\/sosuaonline.net\/inicio\/wp-content\/uploads\/2026\/04\/WhatsApp-Image-2026-04-02-at-9.53.05-AM-1536x1536.jpeg 1536w\" sizes=\"auto, (max-width: 150px) 100vw, 150px\" data-attachment-id=\"111080\" data-permalink=\"https:\/\/sosuaonline.net\/inicio\/2do-dia-en-sosua-del-operativo-semana-santa-2026\/whatsapp-image-2026-04-02-at-9-53-05-am\/\" data-orig-file=\"https:\/\/sosuaonline.net\/inicio\/wp-content\/uploads\/2026\/04\/WhatsApp-Image-2026-04-02-at-9.53.05-AM.jpeg\" data-orig-size=\"1200,1600\" data-comments-opened=\"0\" data-image-meta=\"{&quot;aperture&quot;:&quot;0&quot;,&quot;credit&quot;:&quot;&quot;,&quot;camera&quot;:&quot;&quot;,&quot;caption&quot;:&quot;&quot;,&quot;created_timestamp&quot;:&quot;0&quot;,&quot;copyright&quot;:&quot;&quot;,&quot;focal_length&quot;:&quot;0&quot;,&quot;iso&quot;:&quot;0&quot;,&quot;shutter_speed&quot;:&quot;0&quot;,&quot;title&quot;:&quot;&quot;,&quot;orientation&quot;:&quot;0&quot;}\" data-image-title=\"Foto: Defensa Civil Sos\u00faa, Tte. Coronel Jairo Manuel Garc\u00eda Marte (FAD)\" data-image-description=\"\" data-image-caption=\"&lt;p&gt;Foto: Defensa Civil Sos\u00faa, Tte. Coronel Jairo Manuel Garc\u00eda Marte (FAD)&lt;\/p&gt;\n\" data-medium-file=\"https:\/\/sosuaonline.net\/inicio\/wp-content\/uploads\/2026\/04\/WhatsApp-Image-2026-04-02-at-9.53.05-AM-225x300.jpeg\" data-large-file=\"https:\/\/sosuaonline.net\/inicio\/wp-content\/uploads\/2026\/04\/WhatsApp-Image-2026-04-02-at-9.53.05-AM-768x1024.jpeg\" \/><\/a>\n\t\t\t<\/dt>\n\t\t\t\t<dd class='wp-caption-text gallery-caption' id='gallery-1-111080'>\n\t\t\t\tFoto: Defensa Civil Sos\u00faa, Tte. Coronel Jairo Manuel Garc\u00eda Marte (FAD)\n\t\t\t\t<\/dd><\/dl><br style=\"clear: both\" \/><dl class='gallery-item'>\n\t\t\t<dt class='gallery-icon landscape'>\n\t\t\t\t<a href='https:\/\/sosuaonline.net\/inicio\/2do-dia-en-sosua-del-operativo-semana-santa-2026\/whatsapp-image-2026-04-03-at-1-17-48-pm-1\/'><img loading=\"lazy\" decoding=\"async\" width=\"150\" height=\"150\" src=\"https:\/\/sosuaonline.net\/inicio\/wp-content\/uploads\/2026\/04\/WhatsApp-Image-2026-04-03-at-1.17.48-PM-1-150x150.jpeg\" class=\"attachment-thumbnail size-thumbnail\" alt=\"\" aria-describedby=\"gallery-1-111081\" srcset=\"https:\/\/sosuaonline.net\/inicio\/wp-content\/uploads\/2026\/04\/WhatsApp-Image-2026-04-03-at-1.17.48-PM-1-150x150.jpeg 150w, https:\/\/sosuaonline.net\/inicio\/wp-content\/uploads\/2026\/04\/WhatsApp-Image-2026-04-03-at-1.17.48-PM-1-1536x1536.jpeg 1536w\" sizes=\"auto, (max-width: 150px) 100vw, 150px\" data-attachment-id=\"111081\" data-permalink=\"https:\/\/sosuaonline.net\/inicio\/2do-dia-en-sosua-del-operativo-semana-santa-2026\/whatsapp-image-2026-04-03-at-1-17-48-pm-1\/\" data-orig-file=\"https:\/\/sosuaonline.net\/inicio\/wp-content\/uploads\/2026\/04\/WhatsApp-Image-2026-04-03-at-1.17.48-PM-1.jpeg\" data-orig-size=\"1600,1200\" data-comments-opened=\"0\" data-image-meta=\"{&quot;aperture&quot;:&quot;0&quot;,&quot;credit&quot;:&quot;&quot;,&quot;camera&quot;:&quot;&quot;,&quot;caption&quot;:&quot;&quot;,&quot;created_timestamp&quot;:&quot;0&quot;,&quot;copyright&quot;:&quot;&quot;,&quot;focal_length&quot;:&quot;0&quot;,&quot;iso&quot;:&quot;0&quot;,&quot;shutter_speed&quot;:&quot;0&quot;,&quot;title&quot;:&quot;&quot;,&quot;orientation&quot;:&quot;0&quot;}\" data-image-title=\"Foto: Defensa Civil Sos\u00faa\" data-image-description=\"\" data-image-caption=\"&lt;p&gt;Foto: Defensa Civil Sos\u00faa&lt;\/p&gt;\n\" data-medium-file=\"https:\/\/sosuaonline.net\/inicio\/wp-content\/uploads\/2026\/04\/WhatsApp-Image-2026-04-03-at-1.17.48-PM-1-300x225.jpeg\" data-large-file=\"https:\/\/sosuaonline.net\/inicio\/wp-content\/uploads\/2026\/04\/WhatsApp-Image-2026-04-03-at-1.17.48-PM-1-1024x768.jpeg\" \/><\/a>\n\t\t\t<\/dt>\n\t\t\t\t<dd class='wp-caption-text gallery-caption' id='gallery-1-111081'>\n\t\t\t\tFoto: Defensa Civil Sos\u00faa\n\t\t\t\t<\/dd><\/dl><dl class='gallery-item'>\n\t\t\t<dt class='gallery-icon landscape'>\n\t\t\t\t<a href='https:\/\/sosuaonline.net\/inicio\/2do-dia-en-sosua-del-operativo-semana-santa-2026\/whatsapp-image-2026-04-03-at-1-17-48-pm-2\/'><img loading=\"lazy\" decoding=\"async\" width=\"150\" height=\"150\" src=\"https:\/\/sosuaonline.net\/inicio\/wp-content\/uploads\/2026\/04\/WhatsApp-Image-2026-04-03-at-1.17.48-PM-2-150x150.jpeg\" class=\"attachment-thumbnail size-thumbnail\" alt=\"\" aria-describedby=\"gallery-1-111082\" srcset=\"https:\/\/sosuaonline.net\/inicio\/wp-content\/uploads\/2026\/04\/WhatsApp-Image-2026-04-03-at-1.17.48-PM-2-150x150.jpeg 150w, https:\/\/sosuaonline.net\/inicio\/wp-content\/uploads\/2026\/04\/WhatsApp-Image-2026-04-03-at-1.17.48-PM-2-1536x1536.jpeg 1536w\" sizes=\"auto, (max-width: 150px) 100vw, 150px\" data-attachment-id=\"111082\" data-permalink=\"https:\/\/sosuaonline.net\/inicio\/2do-dia-en-sosua-del-operativo-semana-santa-2026\/whatsapp-image-2026-04-03-at-1-17-48-pm-2\/\" data-orig-file=\"https:\/\/sosuaonline.net\/inicio\/wp-content\/uploads\/2026\/04\/WhatsApp-Image-2026-04-03-at-1.17.48-PM-2.jpeg\" data-orig-size=\"1600,1200\" data-comments-opened=\"0\" data-image-meta=\"{&quot;aperture&quot;:&quot;0&quot;,&quot;credit&quot;:&quot;&quot;,&quot;camera&quot;:&quot;&quot;,&quot;caption&quot;:&quot;&quot;,&quot;created_timestamp&quot;:&quot;0&quot;,&quot;copyright&quot;:&quot;&quot;,&quot;focal_length&quot;:&quot;0&quot;,&quot;iso&quot;:&quot;0&quot;,&quot;shutter_speed&quot;:&quot;0&quot;,&quot;title&quot;:&quot;&quot;,&quot;orientation&quot;:&quot;0&quot;}\" data-image-title=\"Foto: Defensa Civil Sos\u00faa, Voluntarios\" data-image-description=\"\" data-image-caption=\"&lt;p&gt;Foto: Defensa Civil Sos\u00faa&lt;\/p&gt;\n\" data-medium-file=\"https:\/\/sosuaonline.net\/inicio\/wp-content\/uploads\/2026\/04\/WhatsApp-Image-2026-04-03-at-1.17.48-PM-2-300x225.jpeg\" data-large-file=\"https:\/\/sosuaonline.net\/inicio\/wp-content\/uploads\/2026\/04\/WhatsApp-Image-2026-04-03-at-1.17.48-PM-2-1024x768.jpeg\" \/><\/a>\n\t\t\t<\/dt>\n\t\t\t\t<dd class='wp-caption-text gallery-caption' id='gallery-1-111082'>\n\t\t\t\tFoto: Defensa Civil Sos\u00faa\n\t\t\t\t<\/dd><\/dl><dl class='gallery-item'>\n\t\t\t<dt class='gallery-icon landscape'>\n\t\t\t\t<a href='https:\/\/sosuaonline.net\/inicio\/2do-dia-en-sosua-del-operativo-semana-santa-2026\/whatsapp-image-2026-04-03-at-1-17-48-pm-3\/'><img loading=\"lazy\" decoding=\"async\" width=\"150\" height=\"150\" src=\"https:\/\/sosuaonline.net\/inicio\/wp-content\/uploads\/2026\/04\/WhatsApp-Image-2026-04-03-at-1.17.48-PM-3-150x150.jpeg\" class=\"attachment-thumbnail size-thumbnail\" alt=\"\" aria-describedby=\"gallery-1-111083\" srcset=\"https:\/\/sosuaonline.net\/inicio\/wp-content\/uploads\/2026\/04\/WhatsApp-Image-2026-04-03-at-1.17.48-PM-3-150x150.jpeg 150w, https:\/\/sosuaonline.net\/inicio\/wp-content\/uploads\/2026\/04\/WhatsApp-Image-2026-04-03-at-1.17.48-PM-3-1536x1536.jpeg 1536w\" sizes=\"auto, (max-width: 150px) 100vw, 150px\" data-attachment-id=\"111083\" data-permalink=\"https:\/\/sosuaonline.net\/inicio\/2do-dia-en-sosua-del-operativo-semana-santa-2026\/whatsapp-image-2026-04-03-at-1-17-48-pm-3\/\" data-orig-file=\"https:\/\/sosuaonline.net\/inicio\/wp-content\/uploads\/2026\/04\/WhatsApp-Image-2026-04-03-at-1.17.48-PM-3.jpeg\" data-orig-size=\"1599,899\" data-comments-opened=\"0\" data-image-meta=\"{&quot;aperture&quot;:&quot;0&quot;,&quot;credit&quot;:&quot;&quot;,&quot;camera&quot;:&quot;&quot;,&quot;caption&quot;:&quot;&quot;,&quot;created_timestamp&quot;:&quot;0&quot;,&quot;copyright&quot;:&quot;&quot;,&quot;focal_length&quot;:&quot;0&quot;,&quot;iso&quot;:&quot;0&quot;,&quot;shutter_speed&quot;:&quot;0&quot;,&quot;title&quot;:&quot;&quot;,&quot;orientation&quot;:&quot;0&quot;}\" data-image-title=\"Foto: Defensa Civil Sos\u00faa, BANDEREO\" data-image-description=\"\" data-image-caption=\"&lt;p&gt;Foto: Defensa Civil Sos\u00faa&lt;\/p&gt;\n\" data-medium-file=\"https:\/\/sosuaonline.net\/inicio\/wp-content\/uploads\/2026\/04\/WhatsApp-Image-2026-04-03-at-1.17.48-PM-3-300x169.jpeg\" data-large-file=\"https:\/\/sosuaonline.net\/inicio\/wp-content\/uploads\/2026\/04\/WhatsApp-Image-2026-04-03-at-1.17.48-PM-3-1024x576.jpeg\" \/><\/a>\n\t\t\t<\/dt>\n\t\t\t\t<dd class='wp-caption-text gallery-caption' id='gallery-1-111083'>\n\t\t\t\tFoto: Defensa Civil Sos\u00faa\n\t\t\t\t<\/dd><\/dl><br style=\"clear: both\" \/><dl class='gallery-item'>\n\t\t\t<dt class='gallery-icon landscape'>\n\t\t\t\t<a href='https:\/\/sosuaonline.net\/inicio\/2do-dia-en-sosua-del-operativo-semana-santa-2026\/whatsapp-image-2026-04-03-at-1-17-48-pm-4\/'><img loading=\"lazy\" decoding=\"async\" width=\"150\" height=\"150\" src=\"https:\/\/sosuaonline.net\/inicio\/wp-content\/uploads\/2026\/04\/WhatsApp-Image-2026-04-03-at-1.17.48-PM-4-150x150.jpeg\" class=\"attachment-thumbnail size-thumbnail\" alt=\"\" aria-describedby=\"gallery-1-111084\" srcset=\"https:\/\/sosuaonline.net\/inicio\/wp-content\/uploads\/2026\/04\/WhatsApp-Image-2026-04-03-at-1.17.48-PM-4-150x150.jpeg 150w, https:\/\/sosuaonline.net\/inicio\/wp-content\/uploads\/2026\/04\/WhatsApp-Image-2026-04-03-at-1.17.48-PM-4-1536x1536.jpeg 1536w\" sizes=\"auto, (max-width: 150px) 100vw, 150px\" data-attachment-id=\"111084\" data-permalink=\"https:\/\/sosuaonline.net\/inicio\/2do-dia-en-sosua-del-operativo-semana-santa-2026\/whatsapp-image-2026-04-03-at-1-17-48-pm-4\/\" data-orig-file=\"https:\/\/sosuaonline.net\/inicio\/wp-content\/uploads\/2026\/04\/WhatsApp-Image-2026-04-03-at-1.17.48-PM-4.jpeg\" data-orig-size=\"1600,1200\" data-comments-opened=\"0\" data-image-meta=\"{&quot;aperture&quot;:&quot;0&quot;,&quot;credit&quot;:&quot;&quot;,&quot;camera&quot;:&quot;&quot;,&quot;caption&quot;:&quot;&quot;,&quot;created_timestamp&quot;:&quot;0&quot;,&quot;copyright&quot;:&quot;&quot;,&quot;focal_length&quot;:&quot;0&quot;,&quot;iso&quot;:&quot;0&quot;,&quot;shutter_speed&quot;:&quot;0&quot;,&quot;title&quot;:&quot;&quot;,&quot;orientation&quot;:&quot;0&quot;}\" data-image-title=\"Foto: Defensa Civil Sos\u00faa\" data-image-description=\"\" data-image-caption=\"&lt;p&gt;Foto: Defensa Civil Sos\u00faa&lt;\/p&gt;\n\" data-medium-file=\"https:\/\/sosuaonline.net\/inicio\/wp-content\/uploads\/2026\/04\/WhatsApp-Image-2026-04-03-at-1.17.48-PM-4-300x225.jpeg\" data-large-file=\"https:\/\/sosuaonline.net\/inicio\/wp-content\/uploads\/2026\/04\/WhatsApp-Image-2026-04-03-at-1.17.48-PM-4-1024x768.jpeg\" \/><\/a>\n\t\t\t<\/dt>\n\t\t\t\t<dd class='wp-caption-text gallery-caption' id='gallery-1-111084'>\n\t\t\t\tFoto: Defensa Civil Sos\u00faa\n\t\t\t\t<\/dd><\/dl><dl class='gallery-item'>\n\t\t\t<dt class='gallery-icon landscape'>\n\t\t\t\t<a href='https:\/\/sosuaonline.net\/inicio\/2do-dia-en-sosua-del-operativo-semana-santa-2026\/whatsapp-image-2026-04-03-at-1-17-48-pm\/'><img loading=\"lazy\" decoding=\"async\" width=\"150\" height=\"150\" src=\"https:\/\/sosuaonline.net\/inicio\/wp-content\/uploads\/2026\/04\/WhatsApp-Image-2026-04-03-at-1.17.48-PM-150x150.jpeg\" class=\"attachment-thumbnail size-thumbnail\" alt=\"\" aria-describedby=\"gallery-1-111085\" data-attachment-id=\"111085\" data-permalink=\"https:\/\/sosuaonline.net\/inicio\/2do-dia-en-sosua-del-operativo-semana-santa-2026\/whatsapp-image-2026-04-03-at-1-17-48-pm\/\" data-orig-file=\"https:\/\/sosuaonline.net\/inicio\/wp-content\/uploads\/2026\/04\/WhatsApp-Image-2026-04-03-at-1.17.48-PM.jpeg\" data-orig-size=\"1280,960\" data-comments-opened=\"0\" data-image-meta=\"{&quot;aperture&quot;:&quot;0&quot;,&quot;credit&quot;:&quot;&quot;,&quot;camera&quot;:&quot;&quot;,&quot;caption&quot;:&quot;&quot;,&quot;created_timestamp&quot;:&quot;0&quot;,&quot;copyright&quot;:&quot;&quot;,&quot;focal_length&quot;:&quot;0&quot;,&quot;iso&quot;:&quot;0&quot;,&quot;shutter_speed&quot;:&quot;0&quot;,&quot;title&quot;:&quot;&quot;,&quot;orientation&quot;:&quot;0&quot;}\" data-image-title=\"Foto: Defensa Civil Sos\u00faa, Autoridades y Voluntarios\" data-image-description=\"\" data-image-caption=\"&lt;p&gt;Foto: Defensa Civil Sos\u00faa, Playa Chiquita&lt;\/p&gt;\n\" data-medium-file=\"https:\/\/sosuaonline.net\/inicio\/wp-content\/uploads\/2026\/04\/WhatsApp-Image-2026-04-03-at-1.17.48-PM-300x225.jpeg\" data-large-file=\"https:\/\/sosuaonline.net\/inicio\/wp-content\/uploads\/2026\/04\/WhatsApp-Image-2026-04-03-at-1.17.48-PM-1024x768.jpeg\" \/><\/a>\n\t\t\t<\/dt>\n\t\t\t\t<dd class='wp-caption-text gallery-caption' id='gallery-1-111085'>\n\t\t\t\tFoto: Defensa Civil Sos\u00faa, Playa Chiquita\n\t\t\t\t<\/dd><\/dl><dl class='gallery-item'>\n\t\t\t<dt class='gallery-icon portrait'>\n\t\t\t\t<a href='https:\/\/sosuaonline.net\/inicio\/2do-dia-en-sosua-del-operativo-semana-santa-2026\/whatsapp-image-2026-04-03-at-1-17-49-pm\/'><img loading=\"lazy\" decoding=\"async\" width=\"150\" height=\"150\" src=\"https:\/\/sosuaonline.net\/inicio\/wp-content\/uploads\/2026\/04\/WhatsApp-Image-2026-04-03-at-1.17.49-PM-150x150.jpeg\" class=\"attachment-thumbnail size-thumbnail\" alt=\"\" aria-describedby=\"gallery-1-111086\" srcset=\"https:\/\/sosuaonline.net\/inicio\/wp-content\/uploads\/2026\/04\/WhatsApp-Image-2026-04-03-at-1.17.49-PM-150x150.jpeg 150w, https:\/\/sosuaonline.net\/inicio\/wp-content\/uploads\/2026\/04\/WhatsApp-Image-2026-04-03-at-1.17.49-PM-1536x1536.jpeg 1536w\" sizes=\"auto, (max-width: 150px) 100vw, 150px\" data-attachment-id=\"111086\" data-permalink=\"https:\/\/sosuaonline.net\/inicio\/2do-dia-en-sosua-del-operativo-semana-santa-2026\/whatsapp-image-2026-04-03-at-1-17-49-pm\/\" data-orig-file=\"https:\/\/sosuaonline.net\/inicio\/wp-content\/uploads\/2026\/04\/WhatsApp-Image-2026-04-03-at-1.17.49-PM.jpeg\" data-orig-size=\"1200,1600\" data-comments-opened=\"0\" data-image-meta=\"{&quot;aperture&quot;:&quot;0&quot;,&quot;credit&quot;:&quot;&quot;,&quot;camera&quot;:&quot;&quot;,&quot;caption&quot;:&quot;&quot;,&quot;created_timestamp&quot;:&quot;0&quot;,&quot;copyright&quot;:&quot;&quot;,&quot;focal_length&quot;:&quot;0&quot;,&quot;iso&quot;:&quot;0&quot;,&quot;shutter_speed&quot;:&quot;0&quot;,&quot;title&quot;:&quot;&quot;,&quot;orientation&quot;:&quot;0&quot;}\" data-image-title=\"Foto: Defensa Civil Sos\u00faa, Autoridades y Voluntarios\" data-image-description=\"\" data-image-caption=\"&lt;p&gt;Foto: Defensa Civil Sos\u00faa&lt;\/p&gt;\n\" data-medium-file=\"https:\/\/sosuaonline.net\/inicio\/wp-content\/uploads\/2026\/04\/WhatsApp-Image-2026-04-03-at-1.17.49-PM-225x300.jpeg\" data-large-file=\"https:\/\/sosuaonline.net\/inicio\/wp-content\/uploads\/2026\/04\/WhatsApp-Image-2026-04-03-at-1.17.49-PM-768x1024.jpeg\" \/><\/a>\n\t\t\t<\/dt>\n\t\t\t\t<dd class='wp-caption-text gallery-caption' id='gallery-1-111086'>\n\t\t\t\tFoto: Defensa Civil Sos\u00faa\n\t\t\t\t<\/dd><\/dl><br style=\"clear: both\" \/>\n\t\t<\/div>\n\n<\/div>\n<\/div>\n<div dir=\"auto\"><\/div>\n<div class=\"x14z9mp xat24cr x1lziwak x1vvkbs xtlvy1s x126k92a\">\n<div dir=\"auto\">Recuerda: <span class=\"html-span xexx8yu xyri2b x18d9i69 x1c1uobl x1hl2dhg x16tdsg8 x1vvkbs x3nfvp2 x1j61x8r x1fcty0u xdj266r xat24cr xm2jcoa x1mpyi22 xxymvpz xlup9mm x1kky2od\"><img loading=\"lazy\" decoding=\"async\" class=\"xz74otr x15mokao x1ga7v0g x16uus16 xbiv7yw\" src=\"https:\/\/static.xx.fbcdn.net\/images\/emoji.php\/v9\/t51\/1\/16\/2714.png\" alt=\"\u2714\ufe0f\" width=\"16\" height=\"16\" \/><\/span> Conduce con precauci\u00f3n<\/div>\n<\/div>\n<div class=\"x14z9mp xat24cr x1lziwak x1vvkbs xtlvy1s x126k92a\">\n<div dir=\"auto\"><span class=\"html-span xexx8yu xyri2b x18d9i69 x1c1uobl x1hl2dhg x16tdsg8 x1vvkbs x3nfvp2 x1j61x8r x1fcty0u xdj266r xat24cr xm2jcoa x1mpyi22 xxymvpz xlup9mm x1kky2od\"><img loading=\"lazy\" decoding=\"async\" class=\"xz74otr x15mokao x1ga7v0g x16uus16 xbiv7yw\" src=\"https:\/\/static.xx.fbcdn.net\/images\/emoji.php\/v9\/t51\/1\/16\/2714.png\" alt=\"\u2714\ufe0f\" width=\"16\" height=\"16\" \/><\/span> Respeta las se\u00f1ales de tr\u00e1nsito<\/div>\n<\/div>\n<div class=\"x14z9mp xat24cr x1lziwak x1vvkbs xtlvy1s x126k92a\">\n<div dir=\"auto\"><span class=\"html-span xexx8yu xyri2b x18d9i69 x1c1uobl x1hl2dhg x16tdsg8 x1vvkbs x3nfvp2 x1j61x8r x1fcty0u xdj266r xat24cr xm2jcoa x1mpyi22 xxymvpz xlup9mm x1kky2od\"><img loading=\"lazy\" decoding=\"async\" class=\"xz74otr x15mokao x1ga7v0g x16uus16 xbiv7yw\" src=\"https:\/\/static.xx.fbcdn.net\/images\/emoji.php\/v9\/t51\/1\/16\/2714.png\" alt=\"\u2714\ufe0f\" width=\"16\" height=\"16\" \/><\/span> Evita el consumo de alcohol al conducir<\/div>\n<\/div>\n<div class=\"x14z9mp xat24cr x1lziwak x1vvkbs xtlvy1s x126k92a\">\n<div dir=\"auto\"><span class=\"html-span xexx8yu xyri2b x18d9i69 x1c1uobl x1hl2dhg x16tdsg8 x1vvkbs x3nfvp2 x1j61x8r x1fcty0u xdj266r xat24cr xm2jcoa x1mpyi22 xxymvpz xlup9mm x1kky2od\"><img loading=\"lazy\" decoding=\"async\" class=\"xz74otr x15mokao x1ga7v0g x16uus16 xbiv7yw\" src=\"https:\/\/static.xx.fbcdn.net\/images\/emoji.php\/v9\/t51\/1\/16\/2714.png\" alt=\"\u2714\ufe0f\" width=\"16\" height=\"16\" \/><\/span> Sigue las recomendaciones de las autoridades<\/div>\n<\/div>\n<div class=\"x14z9mp xat24cr x1lziwak x1vvkbs xtlvy1s x126k92a\">\n<div dir=\"auto\"><span class=\"html-span xexx8yu xyri2b x18d9i69 x1c1uobl x1hl2dhg x16tdsg8 x1vvkbs x3nfvp2 x1j61x8r x1fcty0u xdj266r xat24cr xm2jcoa x1mpyi22 xxymvpz xlup9mm x1kky2od\"><img loading=\"lazy\" decoding=\"async\" class=\"xz74otr x15mokao x1ga7v0g x16uus16 xbiv7yw\" src=\"https:\/\/static.xx.fbcdn.net\/images\/emoji.php\/v9\/t80\/1\/16\/1f64f.png\" alt=\"\ud83d\ude4f\" width=\"16\" height=\"16\" \/><\/span> Tu vida es lo m\u00e1s importante.<\/div>\n<\/div>\n<div class=\"x14z9mp xat24cr x1lziwak x1vvkbs xtlvy1s x126k92a\">\n<div dir=\"auto\"><span class=\"html-span xdj266r x14z9mp xat24cr x1lziwak xexx8yu xyri2b x18d9i69 x1c1uobl x1hl2dhg x16tdsg8 x1vvkbs\"><a class=\"x1i10hfl xjbqb8w x1ejq31n x18oe1m7 x1sy0etr xstzfhl x972fbf x10w94by x1qhh985 x14e42zd x9f619 x1ypdohk xt0psk2 x3ct3a4 xdj266r x14z9mp xat24cr x1lziwak xexx8yu xyri2b x18d9i69 x1c1uobl x16tdsg8 x1hl2dhg xggy1nq x1a2a7pz xkrqix3 x1sur9pj x1fey0fg x1s688f\" tabindex=\"0\" role=\"link\" href=\"https:\/\/www.facebook.com\/hashtag\/semanasanta2026?__eep__=6&amp;__cft__[0]=AZY4yTDheKgDkU82DPRSwWCvk-aho5mECuzxI97wZ0CXMvWuDBROdmvUvWZBmBq-0fvv0TX-811b0-ruZaDHyw2Dy3WzWzOotUfrABtZ8WFaDO1Gh7HaiX3la6C23KkuYJSUjgAqCvpqePw9sVSXq6MX4bsGPnlcPtxwwsdhHET1HUFv9zLYS8AeRtJ24_OQioyUjxikAW4LHgkNRdh-kQSy&amp;__tn__=*NK-R\">#SemanaSanta2026<\/a><\/span><\/div>\n<div dir=\"auto\"><span class=\"html-span xdj266r x14z9mp xat24cr x1lziwak xexx8yu xyri2b x18d9i69 x1c1uobl x1hl2dhg x16tdsg8 x1vvkbs\"><a class=\"x1i10hfl xjbqb8w x1ejq31n x18oe1m7 x1sy0etr xstzfhl x972fbf x10w94by x1qhh985 x14e42zd x9f619 x1ypdohk xt0psk2 x3ct3a4 xdj266r x14z9mp xat24cr x1lziwak xexx8yu xyri2b x18d9i69 x1c1uobl x16tdsg8 x1hl2dhg xggy1nq x1a2a7pz xkrqix3 x1sur9pj x1fey0fg x1s688f\" tabindex=\"0\" role=\"link\" href=\"https:\/\/www.facebook.com\/hashtag\/defensacivilsosua?__eep__=6&amp;__cft__[0]=AZY4yTDheKgDkU82DPRSwWCvk-aho5mECuzxI97wZ0CXMvWuDBROdmvUvWZBmBq-0fvv0TX-811b0-ruZaDHyw2Dy3WzWzOotUfrABtZ8WFaDO1Gh7HaiX3la6C23KkuYJSUjgAqCvpqePw9sVSXq6MX4bsGPnlcPtxwwsdhHET1HUFv9zLYS8AeRtJ24_OQioyUjxikAW4LHgkNRdh-kQSy&amp;__tn__=*NK-R\">#DefensaCivilSosua<\/a><\/span><\/div>\n<div dir=\"auto\"><span class=\"html-span xdj266r x14z9mp xat24cr x1lziwak xexx8yu xyri2b x18d9i69 x1c1uobl x1hl2dhg x16tdsg8 x1vvkbs\"><a class=\"x1i10hfl xjbqb8w x1ejq31n x18oe1m7 x1sy0etr xstzfhl x972fbf x10w94by x1qhh985 x14e42zd x9f619 x1ypdohk xt0psk2 x3ct3a4 xdj266r x14z9mp xat24cr x1lziwak xexx8yu xyri2b x18d9i69 x1c1uobl x16tdsg8 x1hl2dhg xggy1nq x1a2a7pz xkrqix3 x1sur9pj x1fey0fg x1s688f\" tabindex=\"0\" role=\"link\" href=\"https:\/\/www.facebook.com\/hashtag\/operativoss2026?__eep__=6&amp;__cft__[0]=AZY4yTDheKgDkU82DPRSwWCvk-aho5mECuzxI97wZ0CXMvWuDBROdmvUvWZBmBq-0fvv0TX-811b0-ruZaDHyw2Dy3WzWzOotUfrABtZ8WFaDO1Gh7HaiX3la6C23KkuYJSUjgAqCvpqePw9sVSXq6MX4bsGPnlcPtxwwsdhHET1HUFv9zLYS8AeRtJ24_OQioyUjxikAW4LHgkNRdh-kQSy&amp;__tn__=*NK-R\">#OperativoSS2026<\/a><\/span><\/div>\n<div dir=\"auto\"><span class=\"html-span xdj266r x14z9mp xat24cr x1lziwak xexx8yu xyri2b x18d9i69 x1c1uobl x1hl2dhg x16tdsg8 x1vvkbs\"><a class=\"x1i10hfl xjbqb8w x1ejq31n x18oe1m7 x1sy0etr xstzfhl x972fbf x10w94by x1qhh985 x14e42zd x9f619 x1ypdohk xt0psk2 x3ct3a4 xdj266r x14z9mp xat24cr x1lziwak xexx8yu xyri2b x18d9i69 x1c1uobl x16tdsg8 x1hl2dhg xggy1nq x1a2a7pz xkrqix3 x1sur9pj x1fey0fg x1s688f\" tabindex=\"0\" role=\"link\" href=\"https:\/\/www.facebook.com\/hashtag\/prevenci%C3%B3n?__eep__=6&amp;__cft__[0]=AZY4yTDheKgDkU82DPRSwWCvk-aho5mECuzxI97wZ0CXMvWuDBROdmvUvWZBmBq-0fvv0TX-811b0-ruZaDHyw2Dy3WzWzOotUfrABtZ8WFaDO1Gh7HaiX3la6C23KkuYJSUjgAqCvpqePw9sVSXq6MX4bsGPnlcPtxwwsdhHET1HUFv9zLYS8AeRtJ24_OQioyUjxikAW4LHgkNRdh-kQSy&amp;__tn__=*NK-R\">#Prevenci\u00f3n<\/a><\/span><\/div>\n<div dir=\"auto\"><span class=\"html-span xdj266r x14z9mp xat24cr x1lziwak xexx8yu xyri2b x18d9i69 x1c1uobl x1hl2dhg x16tdsg8 x1vvkbs\"><a class=\"x1i10hfl xjbqb8w x1ejq31n x18oe1m7 x1sy0etr xstzfhl x972fbf x10w94by x1qhh985 x14e42zd x9f619 x1ypdohk xt0psk2 x3ct3a4 xdj266r x14z9mp xat24cr x1lziwak xexx8yu xyri2b x18d9i69 x1c1uobl x16tdsg8 x1hl2dhg xggy1nq x1a2a7pz xkrqix3 x1sur9pj x1fey0fg x1s688f\" tabindex=\"0\" role=\"link\" href=\"https:\/\/www.facebook.com\/hashtag\/seguridadvial?__eep__=6&amp;__cft__[0]=AZY4yTDheKgDkU82DPRSwWCvk-aho5mECuzxI97wZ0CXMvWuDBROdmvUvWZBmBq-0fvv0TX-811b0-ruZaDHyw2Dy3WzWzOotUfrABtZ8WFaDO1Gh7HaiX3la6C23KkuYJSUjgAqCvpqePw9sVSXq6MX4bsGPnlcPtxwwsdhHET1HUFv9zLYS8AeRtJ24_OQioyUjxikAW4LHgkNRdh-kQSy&amp;__tn__=*NK-R\">#SeguridadVial<\/a><\/span><\/div>\n<div dir=\"auto\"><a href=\"https:\/\/www.facebook.com\/sosuaonline\/\">#sosuaonline<\/a><\/div>\n<div dir=\"auto\"><a href=\"https:\/\/sosuaonline.net\/inicio\/\">#sosuaonline.net<\/a><\/div>\n<div dir=\"auto\"><\/div>\n<\/div>\n","protected":false},"excerpt":{"rendered":"<p>Sos\u00faa.- Viernes Santo en la costa norte. Bajo la coordinaci\u00f3n estrat\u00e9gica de la Defensa Civil, el segundo d\u00eda del operativo en Sos\u00faa se desarrolla con un despliegue sin precedentes. Cientos de voluntarios naranja han tomado posiciones clave desde Playa Alicia hasta el \u00faltimo rinc\u00f3n de la Bah\u00eda de Sos\u00faa, rios y carretereo con banderas naranja.<\/p>\n","protected":false},"author":12,"featured_media":111044,"comment_status":"closed","ping_status":"closed","sticky":false,"template":"","format":"standard","meta":{"advanced_seo_description":"","jetpack_seo_html_title":"","jetpack_seo_noindex":false,"_jetpack_memberships_contains_paid_content":false,"footnotes":"","jetpack_publicize_message":"","jetpack_publicize_feature_enabled":true,"jetpack_social_post_already_shared":true,"jetpack_social_options":{"image_generator_settings":{"template":"highway","default_image_id":0,"font":"","enabled":false},"version":2}},"categories":[88,3],"tags":[],"class_list":["post-111043","post","type-post","status-publish","format-standard","has-post-thumbnail","hentry","category-noticias","category-sosua-en-el-mundo"],"jetpack_publicize_connections":[],"jetpack_featured_media_url":"https:\/\/sosuaonline.net\/inicio\/wp-content\/uploads\/2026\/04\/2DO-DIA-VIERNES-SANTO.jpeg","jetpack_sharing_enabled":true,"_links":{"self":[{"href":"https:\/\/sosuaonline.net\/inicio\/wp-json\/wp\/v2\/posts\/111043","targetHints":{"allow":["GET"]}}],"collection":[{"href":"https:\/\/sosuaonline.net\/inicio\/wp-json\/wp\/v2\/posts"}],"about":[{"href":"https:\/\/sosuaonline.net\/inicio\/wp-json\/wp\/v2\/types\/post"}],"author":[{"embeddable":true,"href":"https:\/\/sosuaonline.net\/inicio\/wp-json\/wp\/v2\/users\/12"}],"replies":[{"embeddable":true,"href":"https:\/\/sosuaonline.net\/inicio\/wp-json\/wp\/v2\/comments?post=111043"}],"version-history":[{"count":4,"href":"https:\/\/sosuaonline.net\/inicio\/wp-json\/wp\/v2\/posts\/111043\/revisions"}],"predecessor-version":[{"id":111090,"href":"https:\/\/sosuaonline.net\/inicio\/wp-json\/wp\/v2\/posts\/111043\/revisions\/111090"}],"wp:featuredmedia":[{"embeddable":true,"href":"https:\/\/sosuaonline.net\/inicio\/wp-json\/wp\/v2\/media\/111044"}],"wp:attachment":[{"href":"https:\/\/sosuaonline.net\/inicio\/wp-json\/wp\/v2\/media?parent=111043"}],"wp:term":[{"taxonomy":"category","embeddable":true,"href":"https:\/\/sosuaonline.net\/inicio\/wp-json\/wp\/v2\/categories?post=111043"},{"taxonomy":"post_tag","embeddable":true,"href":"https:\/\/sosuaonline.net\/inicio\/wp-json\/wp\/v2\/tags?post=111043"}],"curies":[{"name":"wp","href":"https:\/\/api.w.org\/{rel}","templated":true}]}}