{"id":111111,"date":"2026-04-04T22:00:00","date_gmt":"2026-04-05T02:00:00","guid":{"rendered":"https:\/\/sosuaonline.net\/inicio\/?p=111111"},"modified":"2026-04-04T22:00:00","modified_gmt":"2026-04-05T02:00:00","slug":"direccion-provincial-de-salud-atiende-caso-de-menor-en-condicion-vulnerable-en-sosua","status":"publish","type":"post","link":"https:\/\/sosuaonline.net\/inicio\/direccion-provincial-de-salud-atiende-caso-de-menor-en-condicion-vulnerable-en-sosua\/","title":{"rendered":"Direcci\u00f3n Provincial de Salud atiende caso de menor en condici\u00f3n vulnerable en Sos\u00faa"},"content":{"rendered":"<div class=\"xdj266r x14z9mp xat24cr x1lziwak x1vvkbs x126k92a\">\n<div dir=\"auto\"><a href=\"https:\/\/sosuaonline.net\/inicio\/wp-content\/uploads\/2026\/04\/663228889_10164784325605645_1454383290094716852_n.jpg\"><img loading=\"lazy\" decoding=\"async\" data-attachment-id=\"111125\" data-permalink=\"https:\/\/sosuaonline.net\/inicio\/direccion-provincial-de-salud-atiende-caso-de-menor-en-condicion-vulnerable-en-sosua\/663228889_10164784325605645_1454383290094716852_n\/\" data-orig-file=\"https:\/\/sosuaonline.net\/inicio\/wp-content\/uploads\/2026\/04\/663228889_10164784325605645_1454383290094716852_n.jpg\" data-orig-size=\"1040,585\" data-comments-opened=\"0\" data-image-meta=\"{&quot;aperture&quot;:&quot;0&quot;,&quot;credit&quot;:&quot;&quot;,&quot;camera&quot;:&quot;&quot;,&quot;caption&quot;:&quot;&quot;,&quot;created_timestamp&quot;:&quot;0&quot;,&quot;copyright&quot;:&quot;&quot;,&quot;focal_length&quot;:&quot;0&quot;,&quot;iso&quot;:&quot;0&quot;,&quot;shutter_speed&quot;:&quot;0&quot;,&quot;title&quot;:&quot;&quot;,&quot;orientation&quot;:&quot;0&quot;}\" data-image-title=\"663228889_10164784325605645_1454383290094716852_n\" data-image-description=\"\" data-image-caption=\"\" data-medium-file=\"https:\/\/sosuaonline.net\/inicio\/wp-content\/uploads\/2026\/04\/663228889_10164784325605645_1454383290094716852_n-300x169.jpg\" data-large-file=\"https:\/\/sosuaonline.net\/inicio\/wp-content\/uploads\/2026\/04\/663228889_10164784325605645_1454383290094716852_n-1024x576.jpg\" class=\"aligncenter  wp-image-111125\" src=\"https:\/\/sosuaonline.net\/inicio\/wp-content\/uploads\/2026\/04\/663228889_10164784325605645_1454383290094716852_n.jpg\" alt=\"\" width=\"754\" height=\"424\" srcset=\"https:\/\/sosuaonline.net\/inicio\/wp-content\/uploads\/2026\/04\/663228889_10164784325605645_1454383290094716852_n.jpg 1040w, https:\/\/sosuaonline.net\/inicio\/wp-content\/uploads\/2026\/04\/663228889_10164784325605645_1454383290094716852_n-300x169.jpg 300w, https:\/\/sosuaonline.net\/inicio\/wp-content\/uploads\/2026\/04\/663228889_10164784325605645_1454383290094716852_n-1024x576.jpg 1024w, https:\/\/sosuaonline.net\/inicio\/wp-content\/uploads\/2026\/04\/663228889_10164784325605645_1454383290094716852_n-768x432.jpg 768w\" sizes=\"auto, (max-width: 754px) 100vw, 754px\" \/><\/a>Puerto Plata.- La Direcci\u00f3n Provincial de Salud de Puerto Plata informa a la ciudadan\u00eda y a los medios de comunicaci\u00f3n que, tras recibir la alerta la tarde hoy, sobre la presencia de un menor en condici\u00f3n de vulnerabilidad en el sector Altos de Chila, municipio Sos\u00faa, se procedi\u00f3 de manera inmediata a realizar el levantamiento correspondiente del caso.<\/p>\n<\/div>\n<\/div>\n<p><!--more--><\/p>\n<div class=\"x14z9mp xat24cr x1lziwak x1vvkbs xtlvy1s x126k92a\">\n<div dir=\"auto\">La intervenci\u00f3n fue encabezada por el director provincial de Salud, Dr. H\u00e9ctor Hern\u00e1ndez, quien activ\u00f3 los protocolos establecidos para este tipo de situaciones, priorizando la protecci\u00f3n y atenci\u00f3n del menor.<\/div>\n<\/div>\n<div class=\"x14z9mp xat24cr x1lziwak x1vvkbs xtlvy1s x126k92a\">\n<div dir=\"auto\">\nComo resultado de estas acciones, se gestion\u00f3 el traslado del ni\u00f1o a trav\u00e9s del Hospital Ricardo Limardo, en coordinaci\u00f3n con el Servicio Nacional de Salud (SNS), garantizando su evaluaci\u00f3n m\u00e9dica y resguardo en un entorno adecuado.<\/div>\n<div dir=\"auto\"><a href=\"https:\/\/sosuaonline.net\/inicio\/wp-content\/uploads\/2026\/04\/660501800_10164784331075645_6843480753165270977_n.jpg\"><img loading=\"lazy\" decoding=\"async\" data-attachment-id=\"111124\" data-permalink=\"https:\/\/sosuaonline.net\/inicio\/direccion-provincial-de-salud-atiende-caso-de-menor-en-condicion-vulnerable-en-sosua\/660501800_10164784331075645_6843480753165270977_n\/\" data-orig-file=\"https:\/\/sosuaonline.net\/inicio\/wp-content\/uploads\/2026\/04\/660501800_10164784331075645_6843480753165270977_n.jpg\" data-orig-size=\"1290,1600\" data-comments-opened=\"0\" data-image-meta=\"{&quot;aperture&quot;:&quot;0&quot;,&quot;credit&quot;:&quot;&quot;,&quot;camera&quot;:&quot;&quot;,&quot;caption&quot;:&quot;&quot;,&quot;created_timestamp&quot;:&quot;0&quot;,&quot;copyright&quot;:&quot;&quot;,&quot;focal_length&quot;:&quot;0&quot;,&quot;iso&quot;:&quot;0&quot;,&quot;shutter_speed&quot;:&quot;0&quot;,&quot;title&quot;:&quot;&quot;,&quot;orientation&quot;:&quot;0&quot;}\" data-image-title=\"660501800_10164784331075645_6843480753165270977_n\" data-image-description=\"\" data-image-caption=\"\" data-medium-file=\"https:\/\/sosuaonline.net\/inicio\/wp-content\/uploads\/2026\/04\/660501800_10164784331075645_6843480753165270977_n-242x300.jpg\" data-large-file=\"https:\/\/sosuaonline.net\/inicio\/wp-content\/uploads\/2026\/04\/660501800_10164784331075645_6843480753165270977_n-826x1024.jpg\" class=\"aligncenter  wp-image-111124\" src=\"https:\/\/sosuaonline.net\/inicio\/wp-content\/uploads\/2026\/04\/660501800_10164784331075645_6843480753165270977_n.jpg\" alt=\"\" width=\"922\" height=\"1143\" srcset=\"https:\/\/sosuaonline.net\/inicio\/wp-content\/uploads\/2026\/04\/660501800_10164784331075645_6843480753165270977_n.jpg 1290w, https:\/\/sosuaonline.net\/inicio\/wp-content\/uploads\/2026\/04\/660501800_10164784331075645_6843480753165270977_n-242x300.jpg 242w, https:\/\/sosuaonline.net\/inicio\/wp-content\/uploads\/2026\/04\/660501800_10164784331075645_6843480753165270977_n-826x1024.jpg 826w, https:\/\/sosuaonline.net\/inicio\/wp-content\/uploads\/2026\/04\/660501800_10164784331075645_6843480753165270977_n-768x953.jpg 768w, https:\/\/sosuaonline.net\/inicio\/wp-content\/uploads\/2026\/04\/660501800_10164784331075645_6843480753165270977_n-1238x1536.jpg 1238w\" sizes=\"auto, (max-width: 922px) 100vw, 922px\" \/><\/a><\/div>\n<\/div>\n<div class=\"x14z9mp xat24cr x1lziwak x1vvkbs xtlvy1s x126k92a\">\n<div dir=\"auto\">\nLa Direcci\u00f3n Provincial de Salud aclara que actu\u00f3 de forma oportuna y en cumplimiento de sus funciones, en articulaci\u00f3n con las instancias correspondientes, a fin de dar respuesta a esta situaci\u00f3n.<\/div>\n<\/div>\n<div class=\"x14z9mp xat24cr x1lziwak x1vvkbs xtlvy1s x126k92a\">\n<div dir=\"auto\">\nAs\u00ed mismo, se informa que el caso continuar\u00e1 bajo seguimiento de las instituciones competentes, para asegurar la protecci\u00f3n integral del menor.<\/div>\n<\/div>\n<div class=\"x14z9mp xat24cr x1lziwak x1vvkbs xtlvy1s x126k92a\">\n<div dir=\"auto\">*Departamento de Relaciones P\u00fablicas de la Direcci\u00f3n Provincial de Salud de Puerto Plata*<\/div>\n<\/div>\n","protected":false},"excerpt":{"rendered":"<p>Puerto Plata.- La Direcci\u00f3n Provincial de Salud de Puerto Plata informa a la ciudadan\u00eda y a los medios de comunicaci\u00f3n que, tras recibir la alerta la tarde hoy, sobre la presencia de un menor en condici\u00f3n de vulnerabilidad en el sector Altos de Chila, municipio Sos\u00faa, se procedi\u00f3 de manera inmediata a realizar el levantamiento correspondiente del caso.<\/p>\n","protected":false},"author":12,"featured_media":111124,"comment_status":"closed","ping_status":"closed","sticky":false,"template":"","format":"standard","meta":{"advanced_seo_description":"","jetpack_seo_html_title":"","jetpack_seo_noindex":false,"_jetpack_memberships_contains_paid_content":false,"footnotes":"","jetpack_publicize_message":"","jetpack_publicize_feature_enabled":true,"jetpack_social_post_already_shared":true,"jetpack_social_options":{"image_generator_settings":{"template":"highway","default_image_id":0,"font":"","enabled":false},"version":2}},"categories":[3],"tags":[],"class_list":["post-111111","post","type-post","status-publish","format-standard","has-post-thumbnail","hentry","category-sosua-en-el-mundo"],"jetpack_publicize_connections":[],"jetpack_featured_media_url":"https:\/\/sosuaonline.net\/inicio\/wp-content\/uploads\/2026\/04\/660501800_10164784331075645_6843480753165270977_n.jpg","jetpack_sharing_enabled":true,"_links":{"self":[{"href":"https:\/\/sosuaonline.net\/inicio\/wp-json\/wp\/v2\/posts\/111111","targetHints":{"allow":["GET"]}}],"collection":[{"href":"https:\/\/sosuaonline.net\/inicio\/wp-json\/wp\/v2\/posts"}],"about":[{"href":"https:\/\/sosuaonline.net\/inicio\/wp-json\/wp\/v2\/types\/post"}],"author":[{"embeddable":true,"href":"https:\/\/sosuaonline.net\/inicio\/wp-json\/wp\/v2\/users\/12"}],"replies":[{"embeddable":true,"href":"https:\/\/sosuaonline.net\/inicio\/wp-json\/wp\/v2\/comments?post=111111"}],"version-history":[{"count":1,"href":"https:\/\/sosuaonline.net\/inicio\/wp-json\/wp\/v2\/posts\/111111\/revisions"}],"predecessor-version":[{"id":111126,"href":"https:\/\/sosuaonline.net\/inicio\/wp-json\/wp\/v2\/posts\/111111\/revisions\/111126"}],"wp:featuredmedia":[{"embeddable":true,"href":"https:\/\/sosuaonline.net\/inicio\/wp-json\/wp\/v2\/media\/111124"}],"wp:attachment":[{"href":"https:\/\/sosuaonline.net\/inicio\/wp-json\/wp\/v2\/media?parent=111111"}],"wp:term":[{"taxonomy":"category","embeddable":true,"href":"https:\/\/sosuaonline.net\/inicio\/wp-json\/wp\/v2\/categories?post=111111"},{"taxonomy":"post_tag","embeddable":true,"href":"https:\/\/sosuaonline.net\/inicio\/wp-json\/wp\/v2\/tags?post=111111"}],"curies":[{"name":"wp","href":"https:\/\/api.w.org\/{rel}","templated":true}]}}