{"id":111156,"date":"2026-04-05T20:02:45","date_gmt":"2026-04-06T00:02:45","guid":{"rendered":"https:\/\/sosuaonline.net\/inicio\/?p=111156"},"modified":"2026-04-05T20:02:45","modified_gmt":"2026-04-06T00:02:45","slug":"video-autobus-con-los-neumaticos-gastados-se-vuelca-en-la-circunvalacion-de-bani-hay-un-muerto","status":"publish","type":"post","link":"https:\/\/sosuaonline.net\/inicio\/video-autobus-con-los-neumaticos-gastados-se-vuelca-en-la-circunvalacion-de-bani-hay-un-muerto\/","title":{"rendered":"VIDEO | Autob\u00fas con los neum\u00e1ticos gastados se vuelca en la circunvalaci\u00f3n de Ban\u00ed; hay un muerto"},"content":{"rendered":"<header class=\"xl:ml-12 xl:pl-1 lg:ml-10 lg:pl-0 md:ml-12 md:pl-1 mb-4\">\n<div class=\"subtitle text-xl mb-6\">\n<div id=\"attachment_111160\" style=\"width: 785px\" class=\"wp-caption aligncenter\"><a href=\"https:\/\/sosuaonline.net\/inicio\/wp-content\/uploads\/2026\/04\/accidente-neumatico.jpeg\"><img loading=\"lazy\" decoding=\"async\" aria-describedby=\"caption-attachment-111160\" data-attachment-id=\"111160\" data-permalink=\"https:\/\/sosuaonline.net\/inicio\/video-autobus-con-los-neumaticos-gastados-se-vuelca-en-la-circunvalacion-de-bani-hay-un-muerto\/accidente-neumatico\/\" data-orig-file=\"https:\/\/sosuaonline.net\/inicio\/wp-content\/uploads\/2026\/04\/accidente-neumatico.jpeg\" data-orig-size=\"1024,682\" data-comments-opened=\"0\" data-image-meta=\"{&quot;aperture&quot;:&quot;0&quot;,&quot;credit&quot;:&quot;&quot;,&quot;camera&quot;:&quot;&quot;,&quot;caption&quot;:&quot;&quot;,&quot;created_timestamp&quot;:&quot;0&quot;,&quot;copyright&quot;:&quot;&quot;,&quot;focal_length&quot;:&quot;0&quot;,&quot;iso&quot;:&quot;0&quot;,&quot;shutter_speed&quot;:&quot;0&quot;,&quot;title&quot;:&quot;&quot;,&quot;orientation&quot;:&quot;0&quot;}\" data-image-title=\"accidente, neumatico\" data-image-description=\"\" data-image-caption=\"&lt;p&gt;En im\u00e1genes del lugar se observan las gomas desgastadas.\u00a0(NEAL CRUZ DIARIO LIBRE\/NEAL CRUZ)&lt;\/p&gt;\n\" data-medium-file=\"https:\/\/sosuaonline.net\/inicio\/wp-content\/uploads\/2026\/04\/accidente-neumatico-300x200.jpeg\" data-large-file=\"https:\/\/sosuaonline.net\/inicio\/wp-content\/uploads\/2026\/04\/accidente-neumatico.jpeg\" class=\" wp-image-111160\" src=\"https:\/\/sosuaonline.net\/inicio\/wp-content\/uploads\/2026\/04\/accidente-neumatico.jpeg\" alt=\"\" width=\"775\" height=\"516\" srcset=\"https:\/\/sosuaonline.net\/inicio\/wp-content\/uploads\/2026\/04\/accidente-neumatico.jpeg 1024w, https:\/\/sosuaonline.net\/inicio\/wp-content\/uploads\/2026\/04\/accidente-neumatico-300x200.jpeg 300w, https:\/\/sosuaonline.net\/inicio\/wp-content\/uploads\/2026\/04\/accidente-neumatico-768x512.jpeg 768w\" sizes=\"auto, (max-width: 775px) 100vw, 775px\" \/><\/a><p id=\"caption-attachment-111160\" class=\"wp-caption-text\">En im\u00e1genes del lugar se observan las gomas desgastadas.\u00a0(NEAL CRUZ DIARIO LIBRE\/NEAL CRUZ)<\/p><\/div>\n<p class=\"flex mb-2\">El accidente, que tambi\u00e9n dej\u00f3 seis heridos, ocurri\u00f3 en el tramo de Sabana Indio.\u00a0El director de la Digesett dijo que el conductor fue imprudente.<\/p>\n<\/div>\n<div class=\"border-b-2 pb-3 byline text-lg\"><\/div>\n<\/header>\n<p><!--more--><\/p>\n<div class=\"flex flex-wrap -ml-4 -mr-3 relative md:px-3 lg:px-0\">\n<div class=\"w-full md:w-05\/12 sm:w-12\/12\">\n<div class=\"fixed-content\"><\/div>\n<\/div>\n<div class=\"w-full xl:w-85\/12 md:w-75\/12 sm:w-full px-4 pb-12\">\n<div class=\"mb-6\"><strong>Una persona muri\u00f3<\/strong>\u00a0y otras\u00a0<strong>seis resultaron heridas<\/strong>\u00a0tras volcarse este domingo un autob\u00fas en la circunvalaci\u00f3n de Ban\u00ed, espec\u00edficamente en el tramo Sabana Indio.<\/div>\n<div class=\"detail-body text-lg\">\n<p>El veh\u00edculo hab\u00eda salido desde\u00a0<strong>Las Matas de Farf\u00e1n<\/strong>, en San Juan, con destino a Santo Domingo. Entre los heridos se encuentran menores de edad, quienes reciben atenciones m\u00e9dicas.<\/p>\n<p>Al autob\u00fas ficha 19 se le revent\u00f3 un neum\u00e1tico cuando circulaba a alta velocidad.\u00a0En im\u00e1genes tomadas por\u00a0<em>Diario Libre<\/em>\u00a0en el lugar se observan las\u00a0<strong>gomas desgastadas<\/strong>.<\/p>\n<div class=\"my-12 component gallery relative small-slider\">\n<div class=\"slider-container\">\n<figure class=\"slider-item\"><picture><img decoding=\"async\" class=\"w-full object-cover\" src=\"https:\/\/resources.diariolibre.com\/images\/2026\/04\/05\/whatsapp-image-2026-04-05-at-34417-pm-1-0cf10edd.jpeg\" alt=\"Al lugar acudieron unidades de la Digesett y del Sistema Nacional de Atenci\u00f3n a Emergencias y Seguridad 9-1-1.&lt;br&gt;&lt;br&gt;\" width=\"100%\" \/><\/picture><figcaption>Al lugar acudieron unidades de la Digesett y del Sistema Nacional de Atenci\u00f3n a Emergencias y Seguridad 9-1-1.\u00a0(<strong>NEAL CRUZDIARIO LIBRE\/NEAL CRUZ<\/strong>)<\/figcaption><\/figure>\n<figure class=\"slider-item\">\n<div class=\"expand-img-placeholder\"><img loading=\"lazy\" decoding=\"async\" src=\"https:\/\/resources.diariolibre.com\/images\/expand.svg\" alt=\"Expandir imagen\" width=\"20\" height=\"20\" \/><\/div><figcaption><\/figcaption><picture><img decoding=\"async\" class=\"w-full object-cover\" src=\"https:\/\/resources.diariolibre.com\/images\/2026\/04\/05\/2161038d-eea4-481b-b676-26adef463ebc-05583262.jpg\" alt=\"Personal del 9-1-1 movilizan a una de las heridas en el accidente del autob\u00fas en la circunvalaci\u00f3n de Ban\u00ed.\u00a0\" width=\"100%\" \/><\/picture><\/figure>\n<figure class=\"slider-item\"><figcaption>Personal del 9-1-1 movilizan a una de las heridas en el accidente del autob\u00fas en la circunvalaci\u00f3n de Ban\u00ed.\u00a0(<strong>DIARIO LIBRE\/NEAL CRUZ<\/strong>)<\/figcaption><\/figure>\n<\/div>\n<div class=\"slider-arrows\"><\/div>\n<p>&nbsp;<\/p>\n<p><strong>Imprudencia del conductor<\/strong><\/p>\n<\/div>\n<p>El director de la Direcci\u00f3n General de Seguridad de Tr\u00e1nsito y Transporte Terrestre<strong>\u00a0(<\/strong><strong>Digesett<\/strong>),\u00a0<strong>Pascual Cruz M\u00e9ndez<\/strong>, inform\u00f3 a\u00a0<em>Diario Libre<\/em>\u00a0que el siniestro se produjo por la\u00a0<strong>imprudencia del conductor<\/strong>\u00a0y las\u00a0<strong>malas condiciones<\/strong>\u00a0de los neum\u00e1ticos.<\/p>\n<div class=\"social-embed mb-4\"><iframe id=\"instagram-embed-0\" class=\"instagram-media instagram-media-rendered\" src=\"https:\/\/www.instagram.com\/reel\/DWw4OnkD5ep\/embed\/captioned\/?cr=1&amp;v=14&amp;wp=675&amp;rd=https%3A%2F%2Fwww.diariolibre.com&amp;rp=%2Factualidad%2Fsucesos%2F2026%2F04%2F05%2Fun-muerto-y-seis-heridos-tras-vuelco-de-autobus-en-circunvalacion-bani%2F3492314#%7B%22ci%22%3A0%2C%22os%22%3A31352.400000095367%2C%22ls%22%3A31172.599999904633%2C%22le%22%3A31342.800000190735%7D\" height=\"1167\" frameborder=\"0\" scrolling=\"no\" allowfullscreen=\"allowfullscreen\" data-instgrm-payload-id=\"instagram-media-payload-0\" data-mce-fragment=\"1\"><\/iframe><\/p>\n<div class=\" lazyloaded\" data-script=\"https:\/\/www.instagram.com\/embed.js\"><\/div>\n<\/div>\n<p>Hasta el momento, las autoridades\u00a0<strong>no han identificado<\/strong>\u00a0a la\u00a0<strong>v\u00edctima mortal<\/strong>\u00a0ni a\u00a0<strong>los lesionados<\/strong>.<\/p>\n<p>Al lugar acudieron unidades de la\u00a0<strong>Digesett<\/strong>\u00a0y del\u00a0<strong>Sistema Nacional de Atenci\u00f3n<\/strong>\u00a0a Emergencias,\u00a0<strong>Seguridad 9-1-1 y del Cuerpo de Bomberos.<\/strong><\/p>\n<\/div>\n<\/div>\n<\/div>\n","protected":false},"excerpt":{"rendered":"<p>El accidente, que tambi\u00e9n dej\u00f3 seis heridos, ocurri\u00f3 en el tramo de Sabana Indio.\u00a0El director de la Digesett dijo que el conductor fue imprudente.<\/p>\n","protected":false},"author":12,"featured_media":111160,"comment_status":"closed","ping_status":"closed","sticky":false,"template":"","format":"standard","meta":{"advanced_seo_description":"","jetpack_seo_html_title":"","jetpack_seo_noindex":false,"_jetpack_memberships_contains_paid_content":false,"footnotes":"","jetpack_publicize_message":"","jetpack_publicize_feature_enabled":true,"jetpack_social_post_already_shared":true,"jetpack_social_options":{"image_generator_settings":{"template":"highway","default_image_id":0,"font":"","enabled":false},"version":2}},"categories":[9,88],"tags":[],"class_list":["post-111156","post","type-post","status-publish","format-standard","has-post-thumbnail","hentry","category-deportes","category-noticias"],"jetpack_publicize_connections":[],"jetpack_featured_media_url":"https:\/\/sosuaonline.net\/inicio\/wp-content\/uploads\/2026\/04\/accidente-neumatico.jpeg","jetpack_sharing_enabled":true,"_links":{"self":[{"href":"https:\/\/sosuaonline.net\/inicio\/wp-json\/wp\/v2\/posts\/111156","targetHints":{"allow":["GET"]}}],"collection":[{"href":"https:\/\/sosuaonline.net\/inicio\/wp-json\/wp\/v2\/posts"}],"about":[{"href":"https:\/\/sosuaonline.net\/inicio\/wp-json\/wp\/v2\/types\/post"}],"author":[{"embeddable":true,"href":"https:\/\/sosuaonline.net\/inicio\/wp-json\/wp\/v2\/users\/12"}],"replies":[{"embeddable":true,"href":"https:\/\/sosuaonline.net\/inicio\/wp-json\/wp\/v2\/comments?post=111156"}],"version-history":[{"count":1,"href":"https:\/\/sosuaonline.net\/inicio\/wp-json\/wp\/v2\/posts\/111156\/revisions"}],"predecessor-version":[{"id":111161,"href":"https:\/\/sosuaonline.net\/inicio\/wp-json\/wp\/v2\/posts\/111156\/revisions\/111161"}],"wp:featuredmedia":[{"embeddable":true,"href":"https:\/\/sosuaonline.net\/inicio\/wp-json\/wp\/v2\/media\/111160"}],"wp:attachment":[{"href":"https:\/\/sosuaonline.net\/inicio\/wp-json\/wp\/v2\/media?parent=111156"}],"wp:term":[{"taxonomy":"category","embeddable":true,"href":"https:\/\/sosuaonline.net\/inicio\/wp-json\/wp\/v2\/categories?post=111156"},{"taxonomy":"post_tag","embeddable":true,"href":"https:\/\/sosuaonline.net\/inicio\/wp-json\/wp\/v2\/tags?post=111156"}],"curies":[{"name":"wp","href":"https:\/\/api.w.org\/{rel}","templated":true}]}}