{"id":111200,"date":"2026-04-08T07:56:32","date_gmt":"2026-04-08T11:56:32","guid":{"rendered":"https:\/\/sosuaonline.net\/inicio\/?p=111200"},"modified":"2026-04-08T08:04:29","modified_gmt":"2026-04-08T12:04:29","slug":"wilfrido-vargas-le-rinde-un-tributo-musical-a-rubby-perez","status":"publish","type":"post","link":"https:\/\/sosuaonline.net\/inicio\/wilfrido-vargas-le-rinde-un-tributo-musical-a-rubby-perez\/","title":{"rendered":"Wilfrido Vargas le rinde un tributo musical a Rubby P\u00e9rez"},"content":{"rendered":"<div class=\"c-detail-header\">\n<div class=\"c-detail__subtitle\">\n<div>\n<h2>\u201cQuise esperar un tiempo por respeto al dolor que sentimos todos, la familia, el pueblo y quienes quisimos y compartimos con Rubby P\u00e9rez sus sue\u00f1os y anhelos\u201d, expres\u00f3, dejando al descubierto la profundidad de un duelo que no solo fue \u00edntimo, sino tambi\u00e9n colectivo.<\/h2>\n<\/div>\n<\/div>\n<\/div>\n<p><!--more--><\/p>\n<div class=\"c-detail-img\">\n<div id=\"m47400-47399-47401\" class=\"c-detail__media \">\n<figure class=\"c-detail__media__thumb\">\n<p><div id=\"attachment_111201\" style=\"width: 810px\" class=\"wp-caption aligncenter\"><a href=\"https:\/\/sosuaonline.net\/inicio\/wp-content\/uploads\/2026\/04\/ruby-y-wilfrido.jpeg\"><img loading=\"lazy\" decoding=\"async\" aria-describedby=\"caption-attachment-111201\" data-attachment-id=\"111201\" data-permalink=\"https:\/\/sosuaonline.net\/inicio\/wilfrido-vargas-le-rinde-un-tributo-musical-a-rubby-perez\/ruby-y-wilfrido\/\" data-orig-file=\"https:\/\/sosuaonline.net\/inicio\/wp-content\/uploads\/2026\/04\/ruby-y-wilfrido.jpeg\" data-orig-size=\"800,449\" data-comments-opened=\"0\" data-image-meta=\"{&quot;aperture&quot;:&quot;0&quot;,&quot;credit&quot;:&quot;&quot;,&quot;camera&quot;:&quot;&quot;,&quot;caption&quot;:&quot;&quot;,&quot;created_timestamp&quot;:&quot;0&quot;,&quot;copyright&quot;:&quot;&quot;,&quot;focal_length&quot;:&quot;0&quot;,&quot;iso&quot;:&quot;0&quot;,&quot;shutter_speed&quot;:&quot;0&quot;,&quot;title&quot;:&quot;&quot;,&quot;orientation&quot;:&quot;0&quot;}\" data-image-title=\"ruby y wilfrido\" data-image-description=\"\" data-image-caption=\"&lt;p&gt;Rubby P\u00e9rez y Wilfrido Vargas durante uno de sus encuentros musicales.&lt;\/p&gt;\n\" data-medium-file=\"https:\/\/sosuaonline.net\/inicio\/wp-content\/uploads\/2026\/04\/ruby-y-wilfrido-300x168.jpeg\" data-large-file=\"https:\/\/sosuaonline.net\/inicio\/wp-content\/uploads\/2026\/04\/ruby-y-wilfrido.jpeg\" class=\"size-full wp-image-111201\" src=\"https:\/\/sosuaonline.net\/inicio\/wp-content\/uploads\/2026\/04\/ruby-y-wilfrido.jpeg\" alt=\"\" width=\"800\" height=\"449\" srcset=\"https:\/\/sosuaonline.net\/inicio\/wp-content\/uploads\/2026\/04\/ruby-y-wilfrido.jpeg 800w, https:\/\/sosuaonline.net\/inicio\/wp-content\/uploads\/2026\/04\/ruby-y-wilfrido-300x168.jpeg 300w, https:\/\/sosuaonline.net\/inicio\/wp-content\/uploads\/2026\/04\/ruby-y-wilfrido-768x431.jpeg 768w\" sizes=\"auto, (max-width: 800px) 100vw, 800px\" \/><\/a><p id=\"caption-attachment-111201\" class=\"wp-caption-text\">Rubby P\u00e9rez y Wilfrido Vargas durante uno de sus encuentros musicales.<\/p><\/div><figcaption class=\"c-detail__media__txt\">\n<p class=\"c-detail__media__subtitle\">\n<\/figcaption><\/figure>\n<\/div>\n<\/div>\n<div class=\"c-detail-content\">\n<div class=\"c-detail__info\">\n<p><iframe loading=\"lazy\" title=\"Eternamente Rubby\" width=\"960\" height=\"720\" src=\"https:\/\/www.youtube.com\/embed\/TkkYE2sVQYI?feature=oembed\" frameborder=\"0\" allow=\"accelerometer; autoplay; clipboard-write; encrypted-media; gyroscope; picture-in-picture; web-share\" referrerpolicy=\"strict-origin-when-cross-origin\" allowfullscreen><\/iframe><\/p>\n<\/div>\n<p>&nbsp;<\/p>\n<div class=\"c-article__free c-detail__body\" data-mrf-recirculation=\"Cuerpo Detalle\">\n<p id=\"m47418-47417-47419\">Este martes a la medianoche, el maestro Wilfrido Vargas lanza en todas las plataformas de m\u00fasica digital \u201cEternamente Rubby\u201d, un\u00a0tributo a Rubby P\u00e9rez, cuya voz qued\u00f3 suspendida en el tiempo tras la tragedia del desplome del techo de la emblem\u00e1tica discoteca Jet Set, la madrugda del 8 de abril de 2025.<\/p>\n<p id=\"m47423-47422-47424\">Conmovido por la ausencia y el peso de una p\u00e9rdida que a\u00fan estremece al pa\u00eds, Wilfrido confes\u00f3 que el tiempo fue necesario para transformar el dolor en homenaje.<\/p>\n<p id=\"m47428-47427-47429\">\u201cQuise esperar un tiempo por respeto al dolor que sentimos todos, la familia, el pueblo y quienes quisimos y compartimos con Rubby P\u00e9rez sus sue\u00f1os y anhelos\u201d, expres\u00f3 el Beduino Mayor.<\/p>\n<p id=\"m47433-47432-47434\">Hoy, a un a\u00f1o de su partida, el maestro del merengue entiende que la m\u00fasica vuelve a ser el lenguaje para honrar la memoria.<\/p>\n<p id=\"m47438-47437-47439\">\u201cPor eso hoy, un a\u00f1o despu\u00e9s de su triste partida, hemos decidido rendirle este humilde homenaje\u201d, afirm\u00f3 Vargas, en palabras cargadas de emoci\u00f3n y respeto, que reafirman el legado imborrable de Rubby en el coraz\u00f3n de\u00a0Rep\u00fablica Dominicana.<\/p>\n<p id=\"m47443-47442-47444\">Con una dedicatoria profundamente l\u00edrica, Vargas evoca la esencia de quien describe como \u201chermano de vida y de m\u00fasica\u201d, exaltando la disciplina f\u00e9rrea, el talento sin fisuras y esa potencia vocal que convirti\u00f3 a Rubby P\u00e9rez en una de las voces m\u00e1s imponentes del merengue.<\/p>\n<p id=\"m47448-47447-47449\">Con autor\u00eda, arreglo y m\u00fasica de Wilfrido Vargas, cada verso se levanta como un testimonio de admiraci\u00f3n, pero tambi\u00e9n como un acto de amor que trasciende la ausencia.<\/p>\n<p id=\"m47453-47452-47454\">El homenaje, producido por el Vargas, Emmanuel Emaul y Jos\u00e9 Antonio Hern\u00e1ndez, cobra a\u00fan mayor significado al coincidir con el primer aniversario de la tragedia que marc\u00f3 a toda una naci\u00f3n.<\/p>\n<p id=\"m47458-47457-47459\">La relaci\u00f3n entre Wilfrido y Rubby data de los a\u00f1os 80. A principios de esa d\u00e9cada, el veterano m\u00fasico le pidi\u00f3 al manejador de los Hijos del Rey, Rafael Cholo Brenes, que le prestara a Rubby para cantar en una fiesta, pero termin\u00f3 ofreci\u00e9ndole que se quedara y le pagar\u00eda 100 d\u00f3lares por actividad.<\/p>\n<p id=\"m47463-47462-47464\">\u00abWilfrido quer\u00eda un cantante que conectara bien con el p\u00fablico, que pusiera a la gente a disfrutar que hablara y lo hiciera cantar\u00bb, le dijo Rubby a \u00abMerengueros\u00bb.<\/p>\n<p id=\"m47468-47467-47469\">Luego agreg\u00f3: \u00abEn m\u00ed \u00e9l vio esa persona desde la primera fiesta y me contrat\u00f3 dobl\u00e1ndome el salario, lo que no cre\u00eda que era cierto, porque parec\u00eda un sue\u00f1o de tan lindo que era\u00bb.<\/p>\n<p id=\"m47473-47472-47474\">Su primera grabaci\u00f3n con Wilfrido fue \u00abPorque no te tengo\u00bb y luego vendr\u00eda su pegada a trav\u00e9s del merengue \u00abEl africano\u00bb, en 1983.<\/p>\n<p id=\"m47478-47477-47479\">Un a\u00f1o m\u00e1s tarde, resonar\u00eda su emblem\u00e1tico \u00abVolver\u00e9\u00bb, producido por Ram\u00f3n Orlando. Otros t\u00edtulos fueron \u00abPara que no me olvides\u00bb, \u00abEl hombre divertido\u00bb, \u00abEl funcionario\u00bb y otros, para un total de 22 en cinco a\u00f1os.<\/p>\n<\/div>\n<p><a href=\"https:\/\/listindiario.com\/entretenimiento\/musica\/20260407\/wilfrido-vargas-le-rinde-tributo-musical-rubby-perez_900904.html\">FUENTE<\/a><\/p>\n<\/div>\n","protected":false},"excerpt":{"rendered":"<p>\u201cQuise esperar un tiempo por respeto al dolor que sentimos todos, la familia, el pueblo y quienes quisimos y compartimos con Rubby P\u00e9rez sus sue\u00f1os y anhelos\u201d, expres\u00f3, dejando al descubierto la profundidad de un duelo que no solo fue \u00edntimo, sino tambi\u00e9n colectivo.<\/p>\n","protected":false},"author":12,"featured_media":111201,"comment_status":"closed","ping_status":"closed","sticky":false,"template":"","format":"standard","meta":{"advanced_seo_description":"","jetpack_seo_html_title":"","jetpack_seo_noindex":false,"_jetpack_memberships_contains_paid_content":false,"footnotes":"","jetpack_publicize_message":"","jetpack_publicize_feature_enabled":true,"jetpack_social_post_already_shared":true,"jetpack_social_options":{"image_generator_settings":{"template":"highway","default_image_id":0,"font":"","enabled":false},"version":2}},"categories":[4],"tags":[],"class_list":["post-111200","post","type-post","status-publish","format-standard","has-post-thumbnail","hentry","category-entretenimiento"],"jetpack_publicize_connections":[],"jetpack_featured_media_url":"https:\/\/sosuaonline.net\/inicio\/wp-content\/uploads\/2026\/04\/ruby-y-wilfrido.jpeg","jetpack_sharing_enabled":true,"_links":{"self":[{"href":"https:\/\/sosuaonline.net\/inicio\/wp-json\/wp\/v2\/posts\/111200","targetHints":{"allow":["GET"]}}],"collection":[{"href":"https:\/\/sosuaonline.net\/inicio\/wp-json\/wp\/v2\/posts"}],"about":[{"href":"https:\/\/sosuaonline.net\/inicio\/wp-json\/wp\/v2\/types\/post"}],"author":[{"embeddable":true,"href":"https:\/\/sosuaonline.net\/inicio\/wp-json\/wp\/v2\/users\/12"}],"replies":[{"embeddable":true,"href":"https:\/\/sosuaonline.net\/inicio\/wp-json\/wp\/v2\/comments?post=111200"}],"version-history":[{"count":3,"href":"https:\/\/sosuaonline.net\/inicio\/wp-json\/wp\/v2\/posts\/111200\/revisions"}],"predecessor-version":[{"id":111221,"href":"https:\/\/sosuaonline.net\/inicio\/wp-json\/wp\/v2\/posts\/111200\/revisions\/111221"}],"wp:featuredmedia":[{"embeddable":true,"href":"https:\/\/sosuaonline.net\/inicio\/wp-json\/wp\/v2\/media\/111201"}],"wp:attachment":[{"href":"https:\/\/sosuaonline.net\/inicio\/wp-json\/wp\/v2\/media?parent=111200"}],"wp:term":[{"taxonomy":"category","embeddable":true,"href":"https:\/\/sosuaonline.net\/inicio\/wp-json\/wp\/v2\/categories?post=111200"},{"taxonomy":"post_tag","embeddable":true,"href":"https:\/\/sosuaonline.net\/inicio\/wp-json\/wp\/v2\/tags?post=111200"}],"curies":[{"name":"wp","href":"https:\/\/api.w.org\/{rel}","templated":true}]}}