{"id":111629,"date":"2026-04-25T17:44:19","date_gmt":"2026-04-25T21:44:19","guid":{"rendered":"https:\/\/sosuaonline.net\/inicio\/?p=111629"},"modified":"2026-04-25T17:44:19","modified_gmt":"2026-04-25T21:44:19","slug":"coe-mantiene-9-provincias-en-alerta-amarilla-y-13-en-verde-por-vaguada","status":"publish","type":"post","link":"https:\/\/sosuaonline.net\/inicio\/coe-mantiene-9-provincias-en-alerta-amarilla-y-13-en-verde-por-vaguada\/","title":{"rendered":"COE mantiene 9 provincias en alerta amarilla y 13 en verde por vaguada"},"content":{"rendered":"<p data-mrf-recirculation=\"Links p\u00e1rrafos\"><strong><a href=\"https:\/\/sosuaonline.net\/inicio\/wp-content\/uploads\/2026\/04\/coe-25-04-2026.jpg\"><img loading=\"lazy\" decoding=\"async\" data-attachment-id=\"111630\" data-permalink=\"https:\/\/sosuaonline.net\/inicio\/coe-mantiene-9-provincias-en-alerta-amarilla-y-13-en-verde-por-vaguada\/coe-25-04-2026\/\" data-orig-file=\"https:\/\/sosuaonline.net\/inicio\/wp-content\/uploads\/2026\/04\/coe-25-04-2026.jpg\" data-orig-size=\"1017,576\" data-comments-opened=\"0\" data-image-meta=\"{&quot;aperture&quot;:&quot;0&quot;,&quot;credit&quot;:&quot;Anderson Martinez&quot;,&quot;camera&quot;:&quot;&quot;,&quot;caption&quot;:&quot;&quot;,&quot;created_timestamp&quot;:&quot;1777138950&quot;,&quot;copyright&quot;:&quot;&quot;,&quot;focal_length&quot;:&quot;0&quot;,&quot;iso&quot;:&quot;0&quot;,&quot;shutter_speed&quot;:&quot;0&quot;,&quot;title&quot;:&quot;&quot;,&quot;orientation&quot;:&quot;0&quot;}\" data-image-title=\"coe 25-04-2026\" data-image-description=\"\" data-image-caption=\"\" data-medium-file=\"https:\/\/sosuaonline.net\/inicio\/wp-content\/uploads\/2026\/04\/coe-25-04-2026-300x170.jpg\" data-large-file=\"https:\/\/sosuaonline.net\/inicio\/wp-content\/uploads\/2026\/04\/coe-25-04-2026.jpg\" class=\"aligncenter  wp-image-111630\" src=\"https:\/\/sosuaonline.net\/inicio\/wp-content\/uploads\/2026\/04\/coe-25-04-2026.jpg\" alt=\"\" width=\"752\" height=\"426\" srcset=\"https:\/\/sosuaonline.net\/inicio\/wp-content\/uploads\/2026\/04\/coe-25-04-2026.jpg 1017w, https:\/\/sosuaonline.net\/inicio\/wp-content\/uploads\/2026\/04\/coe-25-04-2026-300x170.jpg 300w, https:\/\/sosuaonline.net\/inicio\/wp-content\/uploads\/2026\/04\/coe-25-04-2026-768x435.jpg 768w\" sizes=\"auto, (max-width: 752px) 100vw, 752px\" \/><\/a>SANTO DOMINGO<\/strong>.\u2014 El\u00a0<strong>Centro de Operaciones de Emergencias<\/strong>\u00a0(<strong>COE<\/strong>) inform\u00f3 que mantiene 9 provincias en alerta amarilla y 13 en alerta verde debido a una vaguada que contin\u00faa generando lluvias en gran parte del pa\u00eds, con riesgo de inundaciones urbanas y rurales, crecidas de r\u00edos, arroyos y ca\u00f1adas.<!--more--><\/p>\n<h2 class=\"wp-block-heading\">Provincias bajo alerta<\/h2>\n<p data-mrf-recirculation=\"Links p\u00e1rrafos\">Las provincias en\u00a0<strong>alerta amarilla<\/strong>\u00a0son:\u00a0<strong>Puerto Plata<\/strong>,\u00a0<strong>Espaillat<\/strong>,\u00a0<strong>Mar\u00eda Trinidad S\u00e1nchez<\/strong>,\u00a0<strong>Monse\u00f1or Nouel<\/strong>,\u00a0<strong>Montecristi<\/strong>,\u00a0<strong>Santiago<\/strong>\u00a0y\u00a0<strong>La Vega<\/strong>, adem\u00e1s de la provincia\u00a0<strong>Santo Domingo<\/strong>\u00a0y\u00a0<strong>San Juan<\/strong>.<\/p>\n<p data-mrf-recirculation=\"Links p\u00e1rrafos\">En\u00a0<strong>alerta verde<\/strong>\u00a0est\u00e1n:\u00a0<strong>Saman\u00e1<\/strong>,\u00a0<strong>S\u00e1nchez Ram\u00edrez<\/strong>,\u00a0<strong>Hermanas Mirabal<\/strong>,\u00a0<strong>El\u00edas Pi\u00f1a<\/strong>,\u00a0<strong>Monte Plata<\/strong>,\u00a0<strong>Hato Mayor<\/strong>,\u00a0<strong>San Crist\u00f3bal<\/strong>,\u00a0<strong>Duarte<\/strong>\u00a0(especialmente el\u00a0<strong>Bajo Yuna<\/strong>),\u00a0<strong>Peravia<\/strong>,\u00a0<strong>San Jos\u00e9 de Ocoa<\/strong>,\u00a0<strong>Valverde<\/strong>,\u00a0<strong>Distrito Nacional<\/strong>\u00a0y\u00a0<strong>Santiago Rodr\u00edguez<\/strong>.<\/p>\n<h2 class=\"wp-block-heading\">Pron\u00f3stico e incidentes<\/h2>\n<p data-mrf-recirculation=\"Links p\u00e1rrafos\">El organismo indic\u00f3 que, aunque en horas de la ma\u00f1ana predominan nubes dispersas, en la tarde se esperan aguaceros moderados a fuertes, acompa\u00f1ados de tormentas el\u00e9ctricas y r\u00e1fagas de viento en varias provincias del pa\u00eds, condiciones que podr\u00edan extenderse durante la noche en algunas zonas.<\/p>\n<p data-mrf-recirculation=\"Links p\u00e1rrafos\">Asimismo, report\u00f3 incidentes en provincias como\u00a0<strong>Montecristi<\/strong>,\u00a0<strong>Puerto Plata<\/strong>\u00a0y\u00a0<strong>Valverde<\/strong>, donde se registraron inundaciones urbanas, ca\u00edda de \u00e1rboles, viviendas afectadas y comunidades incomunicadas de forma temporal, aunque en varios casos la situaci\u00f3n volvi\u00f3 a la normalidad.<\/p>\n<p data-mrf-recirculation=\"Links p\u00e1rrafos\">El\u00a0<strong>COE<\/strong>\u00a0reiter\u00f3 el llamado a la poblaci\u00f3n a no cruzar r\u00edos ni ca\u00f1adas con alto volumen de agua, evitar el uso de balnearios y mantenerse atentos a los boletines oficiales, mientras los organismos de socorro contin\u00faan en monitoreo permanente y asistencia a las familias afectadas.<\/p>\n<div class=\"ads-centered mb-20 mt-20\"><\/div>\n","protected":false},"excerpt":{"rendered":"<p>SANTO DOMINGO.\u2014 El\u00a0Centro de Operaciones de Emergencias\u00a0(COE) inform\u00f3 que mantiene 9 provincias en alerta amarilla y 13 en alerta verde debido a una vaguada que contin\u00faa generando lluvias en gran parte del pa\u00eds, con riesgo de inundaciones urbanas y rurales, crecidas de r\u00edos, arroyos y ca\u00f1adas.<\/p>\n","protected":false},"author":12,"featured_media":111630,"comment_status":"closed","ping_status":"closed","sticky":false,"template":"","format":"standard","meta":{"advanced_seo_description":"","jetpack_seo_html_title":"","jetpack_seo_noindex":false,"_jetpack_memberships_contains_paid_content":false,"footnotes":"","jetpack_publicize_message":"","jetpack_publicize_feature_enabled":true,"jetpack_social_post_already_shared":true,"jetpack_social_options":{"image_generator_settings":{"template":"highway","default_image_id":0,"font":"","enabled":false},"version":2}},"categories":[88],"tags":[],"class_list":["post-111629","post","type-post","status-publish","format-standard","has-post-thumbnail","hentry","category-noticias"],"jetpack_publicize_connections":[],"jetpack_featured_media_url":"https:\/\/sosuaonline.net\/inicio\/wp-content\/uploads\/2026\/04\/coe-25-04-2026.jpg","jetpack_sharing_enabled":true,"_links":{"self":[{"href":"https:\/\/sosuaonline.net\/inicio\/wp-json\/wp\/v2\/posts\/111629","targetHints":{"allow":["GET"]}}],"collection":[{"href":"https:\/\/sosuaonline.net\/inicio\/wp-json\/wp\/v2\/posts"}],"about":[{"href":"https:\/\/sosuaonline.net\/inicio\/wp-json\/wp\/v2\/types\/post"}],"author":[{"embeddable":true,"href":"https:\/\/sosuaonline.net\/inicio\/wp-json\/wp\/v2\/users\/12"}],"replies":[{"embeddable":true,"href":"https:\/\/sosuaonline.net\/inicio\/wp-json\/wp\/v2\/comments?post=111629"}],"version-history":[{"count":2,"href":"https:\/\/sosuaonline.net\/inicio\/wp-json\/wp\/v2\/posts\/111629\/revisions"}],"predecessor-version":[{"id":111632,"href":"https:\/\/sosuaonline.net\/inicio\/wp-json\/wp\/v2\/posts\/111629\/revisions\/111632"}],"wp:featuredmedia":[{"embeddable":true,"href":"https:\/\/sosuaonline.net\/inicio\/wp-json\/wp\/v2\/media\/111630"}],"wp:attachment":[{"href":"https:\/\/sosuaonline.net\/inicio\/wp-json\/wp\/v2\/media?parent=111629"}],"wp:term":[{"taxonomy":"category","embeddable":true,"href":"https:\/\/sosuaonline.net\/inicio\/wp-json\/wp\/v2\/categories?post=111629"},{"taxonomy":"post_tag","embeddable":true,"href":"https:\/\/sosuaonline.net\/inicio\/wp-json\/wp\/v2\/tags?post=111629"}],"curies":[{"name":"wp","href":"https:\/\/api.w.org\/{rel}","templated":true}]}}