{"id":111665,"date":"2026-04-27T07:53:32","date_gmt":"2026-04-27T11:53:32","guid":{"rendered":"https:\/\/sosuaonline.net\/inicio\/?p=111665"},"modified":"2026-04-27T07:53:32","modified_gmt":"2026-04-27T11:53:32","slug":"reinauguran-pabellon-voleibol-en-el-centro-olimpico-jpd","status":"publish","type":"post","link":"https:\/\/sosuaonline.net\/inicio\/reinauguran-pabellon-voleibol-en-el-centro-olimpico-jpd\/","title":{"rendered":"Reinauguran pabell\u00f3n voleibol en el Centro Ol\u00edmpico JPD"},"content":{"rendered":"<p data-start=\"111\" data-end=\"385\"><img loading=\"lazy\" decoding=\"async\" data-attachment-id=\"111666\" data-permalink=\"https:\/\/sosuaonline.net\/inicio\/reinauguran-pabellon-voleibol-en-el-centro-olimpico-jpd\/miv-300x200\/\" data-orig-file=\"https:\/\/sosuaonline.net\/inicio\/wp-content\/uploads\/2026\/04\/miv-300x200-1.jpg\" data-orig-size=\"300,200\" data-comments-opened=\"0\" data-image-meta=\"{&quot;aperture&quot;:&quot;0&quot;,&quot;credit&quot;:&quot;&quot;,&quot;camera&quot;:&quot;&quot;,&quot;caption&quot;:&quot;&quot;,&quot;created_timestamp&quot;:&quot;0&quot;,&quot;copyright&quot;:&quot;&quot;,&quot;focal_length&quot;:&quot;0&quot;,&quot;iso&quot;:&quot;0&quot;,&quot;shutter_speed&quot;:&quot;0&quot;,&quot;title&quot;:&quot;&quot;,&quot;orientation&quot;:&quot;0&quot;}\" data-image-title=\"miv-300&amp;#215;200\" data-image-description=\"\" data-image-caption=\"\" data-medium-file=\"https:\/\/sosuaonline.net\/inicio\/wp-content\/uploads\/2026\/04\/miv-300x200-1.jpg\" data-large-file=\"https:\/\/sosuaonline.net\/inicio\/wp-content\/uploads\/2026\/04\/miv-300x200-1.jpg\" class=\"size-full wp-image-111666 alignleft\" src=\"https:\/\/sosuaonline.net\/inicio\/wp-content\/uploads\/2026\/04\/miv-300x200-1.jpg\" alt=\"\" width=\"300\" height=\"200\" \/>SANTO DOMINGO. \u2013 El Ministerio de Vivienda, H\u00e1bitat y Edificaciones reinaugur\u00f3 este domingo el pabell\u00f3n de voleibol en el\u00a0<span class=\"hover:entity-accent entity-underline inline cursor-pointer align-baseline\"><span class=\"whitespace-normal\">Centro Ol\u00edmpico Juan Pablo Duarte<\/span><\/span>, como parte de las obras con miras a los\u00a0<span class=\"hover:entity-accent entity-underline inline cursor-pointer align-baseline\"><span class=\"whitespace-normal\">Juegos Centroamericanos y del Caribe Santo Domingo 2026<\/span><\/span>.<\/p>\n<div class=\"banner-contenido text-center d-none d-md-block mb-4\"><\/div>\n<p data-start=\"727\" data-end=\"957\">Bison\u00f3 se\u00f1al\u00f3 que las intervenciones forman parte del proceso de adecuaci\u00f3n de instalaciones deportivas de cara al evento regional y buscan fortalecer la infraestructura deportiva del pa\u00eds.<\/p>\n<p data-start=\"959\" data-end=\"1278\">De su lado, el ministro de Deportes y Recreaci\u00f3n,\u00a0<span class=\"hover:entity-accent entity-underline inline cursor-pointer align-baseline\"><span class=\"whitespace-normal\">Kelvin Cruz<\/span><\/span>, indic\u00f3 que la entrega responde al cronograma establecido para los juegos, mientras que el presidente del comit\u00e9 organizador,\u00a0<span class=\"hover:entity-accent entity-underline inline cursor-pointer align-baseline\"><span class=\"whitespace-normal\">Jos\u00e9 P. Monegro<\/span><\/span>, valor\u00f3 el avance del montaje del evento.<\/p>\n<div id=\"mc_embed_shell\" class=\"border mb-3 boletin-noticias\">\n<div id=\"mc_embed_signup\">\n<div id=\"mc_embed_signup_scroll\"><\/div>\n<\/div>\n<\/div>\n<p data-start=\"1280\" data-end=\"1466\">En el pabell\u00f3n fueron intervenidos m\u00e1s de 6,000 metros cuadrados, incluyendo canchas de pr\u00e1ctica que abarcan 2,300.95 metros cuadrados y gradas para 1,240 personas.<\/p>\n<p data-start=\"1468\" data-end=\"1677\">La infraestructura dispone de gimnasio, oficinas, \u00e1rea m\u00e9dica, cafeter\u00edas, dormitorios, vestidores, almacenes y parqueos.<\/p>\n<p data-start=\"1468\" data-end=\"1677\">Adem\u00e1s de sistemas de iluminaci\u00f3n, videovigilancia, detecci\u00f3n de incendios y megafon\u00eda.<\/p>\n<p data-start=\"1679\" data-end=\"1861\">of-am<\/p>\n","protected":false},"excerpt":{"rendered":"<p>SANTO DOMINGO. \u2013 El Ministerio de Vivienda, H\u00e1bitat y Edificaciones reinaugur\u00f3 este domingo el pabell\u00f3n de voleibol en el\u00a0Centro Ol\u00edmpico Juan Pablo Duarte, como parte de las obras con miras a los\u00a0Juegos Centroamericanos y del Caribe Santo Domingo 2026. Bison\u00f3 se\u00f1al\u00f3 que las intervenciones forman parte del proceso de adecuaci\u00f3n de instalaciones deportivas de cara al evento regional y buscan fortalecer la infraestructura deportiva del pa\u00eds. De su lado, el ministro de Deportes y Recreaci\u00f3n,\u00a0Kelvin Cruz, indic\u00f3 que la entrega responde al cronograma establecido para los juegos, mientras que el presidente del comit\u00e9 organizador,\u00a0Jos\u00e9 P. Monegro, valor\u00f3 el avance del montaje del evento. En el pabell\u00f3n fueron intervenidos m\u00e1s de 6,000 metros cuadrados, incluyendo canchas de pr\u00e1ctica que abarcan 2,300.95 metros cuadrados y gradas para 1,240 personas. La infraestructura dispone de gimnasio, oficinas, \u00e1rea m\u00e9dica, cafeter\u00edas, dormitorios, vestidores, almacenes y parqueos. Adem\u00e1s de sistemas de iluminaci\u00f3n, videovigilancia, detecci\u00f3n de incendios y megafon\u00eda. of-am<\/p>\n","protected":false},"author":9,"featured_media":111666,"comment_status":"closed","ping_status":"closed","sticky":false,"template":"","format":"standard","meta":{"advanced_seo_description":"","jetpack_seo_html_title":"","jetpack_seo_noindex":false,"_jetpack_memberships_contains_paid_content":false,"footnotes":"","jetpack_publicize_message":"","jetpack_publicize_feature_enabled":true,"jetpack_social_post_already_shared":true,"jetpack_social_options":{"image_generator_settings":{"template":"highway","default_image_id":0,"font":"","enabled":false},"version":2}},"categories":[9],"tags":[],"class_list":["post-111665","post","type-post","status-publish","format-standard","has-post-thumbnail","hentry","category-deportes"],"jetpack_publicize_connections":[],"jetpack_featured_media_url":"https:\/\/sosuaonline.net\/inicio\/wp-content\/uploads\/2026\/04\/miv-300x200-1.jpg","jetpack_sharing_enabled":true,"_links":{"self":[{"href":"https:\/\/sosuaonline.net\/inicio\/wp-json\/wp\/v2\/posts\/111665","targetHints":{"allow":["GET"]}}],"collection":[{"href":"https:\/\/sosuaonline.net\/inicio\/wp-json\/wp\/v2\/posts"}],"about":[{"href":"https:\/\/sosuaonline.net\/inicio\/wp-json\/wp\/v2\/types\/post"}],"author":[{"embeddable":true,"href":"https:\/\/sosuaonline.net\/inicio\/wp-json\/wp\/v2\/users\/9"}],"replies":[{"embeddable":true,"href":"https:\/\/sosuaonline.net\/inicio\/wp-json\/wp\/v2\/comments?post=111665"}],"version-history":[{"count":1,"href":"https:\/\/sosuaonline.net\/inicio\/wp-json\/wp\/v2\/posts\/111665\/revisions"}],"predecessor-version":[{"id":111667,"href":"https:\/\/sosuaonline.net\/inicio\/wp-json\/wp\/v2\/posts\/111665\/revisions\/111667"}],"wp:featuredmedia":[{"embeddable":true,"href":"https:\/\/sosuaonline.net\/inicio\/wp-json\/wp\/v2\/media\/111666"}],"wp:attachment":[{"href":"https:\/\/sosuaonline.net\/inicio\/wp-json\/wp\/v2\/media?parent=111665"}],"wp:term":[{"taxonomy":"category","embeddable":true,"href":"https:\/\/sosuaonline.net\/inicio\/wp-json\/wp\/v2\/categories?post=111665"},{"taxonomy":"post_tag","embeddable":true,"href":"https:\/\/sosuaonline.net\/inicio\/wp-json\/wp\/v2\/tags?post=111665"}],"curies":[{"name":"wp","href":"https:\/\/api.w.org\/{rel}","templated":true}]}}