{"id":111668,"date":"2026-04-27T07:56:19","date_gmt":"2026-04-27T11:56:19","guid":{"rendered":"https:\/\/sosuaonline.net\/inicio\/?p=111668"},"modified":"2026-04-27T07:56:19","modified_gmt":"2026-04-27T11:56:19","slug":"abinader-instruye-andres-bautista-ampliar-a-4-carriles-autopista-moca-duarte","status":"publish","type":"post","link":"https:\/\/sosuaonline.net\/inicio\/abinader-instruye-andres-bautista-ampliar-a-4-carriles-autopista-moca-duarte\/","title":{"rendered":"Abinader instruye Andr\u00e9s Bautista ampliar a 4 carriles autopista Moca-Duarte"},"content":{"rendered":"<p dir=\"auto\"><img loading=\"lazy\" decoding=\"async\" data-attachment-id=\"111669\" data-permalink=\"https:\/\/sosuaonline.net\/inicio\/abinader-instruye-andres-bautista-ampliar-a-4-carriles-autopista-moca-duarte\/bauta-300x227\/\" data-orig-file=\"https:\/\/sosuaonline.net\/inicio\/wp-content\/uploads\/2026\/04\/bauta-300x227-1.jpg\" data-orig-size=\"300,227\" data-comments-opened=\"0\" data-image-meta=\"{&quot;aperture&quot;:&quot;0&quot;,&quot;credit&quot;:&quot;&quot;,&quot;camera&quot;:&quot;&quot;,&quot;caption&quot;:&quot;&quot;,&quot;created_timestamp&quot;:&quot;0&quot;,&quot;copyright&quot;:&quot;&quot;,&quot;focal_length&quot;:&quot;0&quot;,&quot;iso&quot;:&quot;0&quot;,&quot;shutter_speed&quot;:&quot;0&quot;,&quot;title&quot;:&quot;&quot;,&quot;orientation&quot;:&quot;0&quot;}\" data-image-title=\"bauta-300&amp;#215;227\" data-image-description=\"\" data-image-caption=\"\" data-medium-file=\"https:\/\/sosuaonline.net\/inicio\/wp-content\/uploads\/2026\/04\/bauta-300x227-1.jpg\" data-large-file=\"https:\/\/sosuaonline.net\/inicio\/wp-content\/uploads\/2026\/04\/bauta-300x227-1.jpg\" class=\"size-full wp-image-111669 alignleft\" src=\"https:\/\/sosuaonline.net\/inicio\/wp-content\/uploads\/2026\/04\/bauta-300x227-1.jpg\" alt=\"\" width=\"300\" height=\"227\" \/>MOCA.- Ante una petici\u00f3n del ministro Administrativo de la Presidencia, Andr\u00e9s Bautista Garc\u00eda, el presidente Luis Abinader aprob\u00f3 iniciar con car\u00e1cter urgente los estudios t\u00e9cnicos para ampliar a cuatro carriles la Autopista Ram\u00f3n C\u00e1ceres, la cual enlaza a Moca con la autopista Duarte.<\/p>\n<p dir=\"auto\">En ese sentido, el Mandatario instruy\u00f3 al ministro de Obras P\u00fablicas, Eduardo Estrella, agilizar la obra, la que constituye una v\u00eda estrat\u00e9gica para la movilidad de la provincia Espaillat y la regi\u00f3n Norte.<\/p>\n<p dir=\"auto\">\u00a0La obra busca elevar la seguridad vial, reducir tiempos de desplazamiento y dinamizar la actividad econ\u00f3mica entre Moca, Santiago y otras demarcaciones del Cibao.<\/p>\n<p dir=\"auto\">Esta intervenci\u00f3n forma parte del proyecto general de desarrollo urbano, que tambi\u00e9n contempla la construcci\u00f3n de la carretera de Monte de la Jagua, conectando el municipio con el Aeropuerto Internacional del Cibao, as\u00ed como la circunvalaci\u00f3n que enlazar\u00e1 Estancia Nueva con Guauc\u00ed, fortaleciendo la conexi\u00f3n con San Francisco de Macor\u00eds, Tenares, Salcedo, Moca y Santiago.<\/p>\n<p dir=\"auto\">Moca, reconocida como uno de los principales centros de producci\u00f3n agropecuaria del pa\u00eds, recibir\u00e1 con estas obras un impulso decisivo para su competitividad, crecimiento urbano y desarrollo log\u00edstico, consolidando su papel estrat\u00e9gico en la econom\u00eda nacional.<\/p>\n<p dir=\"auto\">of-am<\/p>\n","protected":false},"excerpt":{"rendered":"<p>MOCA.- Ante una petici\u00f3n del ministro Administrativo de la Presidencia, Andr\u00e9s Bautista Garc\u00eda, el presidente Luis Abinader aprob\u00f3 iniciar con car\u00e1cter urgente los estudios t\u00e9cnicos para ampliar a cuatro carriles la Autopista Ram\u00f3n C\u00e1ceres, la cual enlaza a Moca con la autopista Duarte. En ese sentido, el Mandatario instruy\u00f3 al ministro de Obras P\u00fablicas, Eduardo Estrella, agilizar la obra, la que constituye una v\u00eda estrat\u00e9gica para la movilidad de la provincia Espaillat y la regi\u00f3n Norte. \u00a0La obra busca elevar la seguridad vial, reducir tiempos de desplazamiento y dinamizar la actividad econ\u00f3mica entre Moca, Santiago y otras demarcaciones del Cibao. Esta intervenci\u00f3n forma parte del proyecto general de desarrollo urbano, que tambi\u00e9n contempla la construcci\u00f3n de la carretera de Monte de la Jagua, conectando el municipio con el Aeropuerto Internacional del Cibao, as\u00ed como la circunvalaci\u00f3n que enlazar\u00e1 Estancia Nueva con Guauc\u00ed, fortaleciendo la conexi\u00f3n con San Francisco de Macor\u00eds, Tenares, Salcedo, Moca y Santiago. Moca, reconocida como uno de los principales centros de producci\u00f3n agropecuaria del pa\u00eds, recibir\u00e1 con estas obras un impulso decisivo para su competitividad, crecimiento urbano y desarrollo log\u00edstico, consolidando su papel estrat\u00e9gico en la econom\u00eda nacional. of-am<\/p>\n","protected":false},"author":9,"featured_media":111669,"comment_status":"closed","ping_status":"closed","sticky":false,"template":"","format":"standard","meta":{"advanced_seo_description":"","jetpack_seo_html_title":"","jetpack_seo_noindex":false,"_jetpack_memberships_contains_paid_content":false,"footnotes":"","jetpack_publicize_message":"","jetpack_publicize_feature_enabled":true,"jetpack_social_post_already_shared":true,"jetpack_social_options":{"image_generator_settings":{"template":"highway","default_image_id":0,"font":"","enabled":false},"version":2}},"categories":[311],"tags":[],"class_list":["post-111668","post","type-post","status-publish","format-standard","has-post-thumbnail","hentry","category-interesante-online"],"jetpack_publicize_connections":[],"jetpack_featured_media_url":"https:\/\/sosuaonline.net\/inicio\/wp-content\/uploads\/2026\/04\/bauta-300x227-1.jpg","jetpack_sharing_enabled":true,"_links":{"self":[{"href":"https:\/\/sosuaonline.net\/inicio\/wp-json\/wp\/v2\/posts\/111668","targetHints":{"allow":["GET"]}}],"collection":[{"href":"https:\/\/sosuaonline.net\/inicio\/wp-json\/wp\/v2\/posts"}],"about":[{"href":"https:\/\/sosuaonline.net\/inicio\/wp-json\/wp\/v2\/types\/post"}],"author":[{"embeddable":true,"href":"https:\/\/sosuaonline.net\/inicio\/wp-json\/wp\/v2\/users\/9"}],"replies":[{"embeddable":true,"href":"https:\/\/sosuaonline.net\/inicio\/wp-json\/wp\/v2\/comments?post=111668"}],"version-history":[{"count":1,"href":"https:\/\/sosuaonline.net\/inicio\/wp-json\/wp\/v2\/posts\/111668\/revisions"}],"predecessor-version":[{"id":111670,"href":"https:\/\/sosuaonline.net\/inicio\/wp-json\/wp\/v2\/posts\/111668\/revisions\/111670"}],"wp:featuredmedia":[{"embeddable":true,"href":"https:\/\/sosuaonline.net\/inicio\/wp-json\/wp\/v2\/media\/111669"}],"wp:attachment":[{"href":"https:\/\/sosuaonline.net\/inicio\/wp-json\/wp\/v2\/media?parent=111668"}],"wp:term":[{"taxonomy":"category","embeddable":true,"href":"https:\/\/sosuaonline.net\/inicio\/wp-json\/wp\/v2\/categories?post=111668"},{"taxonomy":"post_tag","embeddable":true,"href":"https:\/\/sosuaonline.net\/inicio\/wp-json\/wp\/v2\/tags?post=111668"}],"curies":[{"name":"wp","href":"https:\/\/api.w.org\/{rel}","templated":true}]}}