{"id":111678,"date":"2026-04-27T23:56:38","date_gmt":"2026-04-28T03:56:38","guid":{"rendered":"https:\/\/sosuaonline.net\/inicio\/?p=111678"},"modified":"2026-04-27T23:56:38","modified_gmt":"2026-04-28T03:56:38","slug":"presidente-abinader-entrega-obras-de-renovacion-de-la-playa-sosua-y-su-plaza-de-vendedores","status":"publish","type":"post","link":"https:\/\/sosuaonline.net\/inicio\/presidente-abinader-entrega-obras-de-renovacion-de-la-playa-sosua-y-su-plaza-de-vendedores\/","title":{"rendered":"Presidente Abinader entrega obras de renovaci\u00f3n de la playa Sos\u00faa y su plaza de vendedores"},"content":{"rendered":"<div class=\"article\">\n<div class=\"articleleft\">\n<p><a href=\"https:\/\/sosuaonline.net\/inicio\/wp-content\/uploads\/2026\/04\/INAUGURACION-PLAZA5.jpg\"><img loading=\"lazy\" decoding=\"async\" data-attachment-id=\"111680\" data-permalink=\"https:\/\/sosuaonline.net\/inicio\/presidente-abinader-entrega-obras-de-renovacion-de-la-playa-sosua-y-su-plaza-de-vendedores\/inauguracion-plaza5\/\" data-orig-file=\"https:\/\/sosuaonline.net\/inicio\/wp-content\/uploads\/2026\/04\/INAUGURACION-PLAZA5.jpg\" data-orig-size=\"1800,1201\" data-comments-opened=\"0\" data-image-meta=\"{&quot;aperture&quot;:&quot;0&quot;,&quot;credit&quot;:&quot;&quot;,&quot;camera&quot;:&quot;&quot;,&quot;caption&quot;:&quot;&quot;,&quot;created_timestamp&quot;:&quot;0&quot;,&quot;copyright&quot;:&quot;&quot;,&quot;focal_length&quot;:&quot;0&quot;,&quot;iso&quot;:&quot;0&quot;,&quot;shutter_speed&quot;:&quot;0&quot;,&quot;title&quot;:&quot;&quot;,&quot;orientation&quot;:&quot;0&quot;}\" data-image-title=\"INAUGURACION PLAZA5\" data-image-description=\"\" data-image-caption=\"\" data-medium-file=\"https:\/\/sosuaonline.net\/inicio\/wp-content\/uploads\/2026\/04\/INAUGURACION-PLAZA5-300x200.jpg\" data-large-file=\"https:\/\/sosuaonline.net\/inicio\/wp-content\/uploads\/2026\/04\/INAUGURACION-PLAZA5-1024x683.jpg\" class=\"aligncenter  wp-image-111680\" src=\"https:\/\/sosuaonline.net\/inicio\/wp-content\/uploads\/2026\/04\/INAUGURACION-PLAZA5.jpg\" alt=\"\" width=\"931\" height=\"621\" srcset=\"https:\/\/sosuaonline.net\/inicio\/wp-content\/uploads\/2026\/04\/INAUGURACION-PLAZA5.jpg 1800w, https:\/\/sosuaonline.net\/inicio\/wp-content\/uploads\/2026\/04\/INAUGURACION-PLAZA5-300x200.jpg 300w, https:\/\/sosuaonline.net\/inicio\/wp-content\/uploads\/2026\/04\/INAUGURACION-PLAZA5-1024x683.jpg 1024w, https:\/\/sosuaonline.net\/inicio\/wp-content\/uploads\/2026\/04\/INAUGURACION-PLAZA5-768x512.jpg 768w\" sizes=\"auto, (max-width: 931px) 100vw, 931px\" \/><\/a>Sos\u00faa, Puerto Plata.- <strong>El presidente Luis\u00a0<\/strong><strong>Abinader<\/strong>\u00a0entreg\u00f3 este lunes las\u00a0<strong>obras renovadas<\/strong>\u00a0y la\u00a0<strong>nueva plaza de vendedores en Playa <\/strong><strong>Sos\u00faa<\/strong>, marcando el inicio de una transformaci\u00f3n integral orientada a posicionar este destino como\u00a0<strong>referente del turismo en la Rep\u00fablica Dominicana<\/strong>, mediante un plan estatal que combina\u00a0<strong>inversi\u00f3n, ordenamiento y desarrollo sostenible.<!--more--><\/strong><\/p>\n<p>Durante el acto, el mandatario resalt\u00f3 el\u00a0<strong>valor<\/strong>\u00a0<strong>hist\u00f3rico, social y tur\u00edstico<\/strong>\u00a0de\u00a0Sos\u00faa, al tiempo que evoc\u00f3 su v\u00ednculo personal con la zona desde la infancia, describi\u00e9ndola como una de las\u00a0<strong>playas m\u00e1s emblem\u00e1ticas<\/strong>\u00a0del pa\u00eds. Subray\u00f3 que este proyecto representa<em>\u00a0\u201cun renacer\u201d<\/em>\u00a0para el destino, tras\u00a0<strong>a\u00f1os de desorden urban\u00edstico y deterioro<\/strong>\u00a0en su imagen.<\/p>\n<p>Explic\u00f3 que la intervenci\u00f3n no solo contempla la\u00a0<strong>reorganizaci\u00f3n del frente costero y la dignificaci\u00f3n<\/strong>\u00a0de los espacios de venta, sino tambi\u00e9n un enfoque integral que incluye\u00a0<strong>saneamiento ambiental,<\/strong>\u00a0recuperaci\u00f3n de \u00e1reas p\u00fablicas y\u00a0<strong>fortalecimiento de la oferta tur\u00edstica<\/strong>. En ese sentido, asegur\u00f3 que el objetivo es convertir a\u00a0Sos\u00faa\u00a0en un destino\u00a0<strong>familiar, seguro y sostenible.<\/strong><\/p>\n<p>El jefe de Estado enfatiz\u00f3 que el desarrollo tur\u00edstico debe impactar directamente a todos los sectores, desde vendedores y touroperadores hasta inversionistas y trabajadores locales.<em>\u00a0\u201cEste es un modelo donde ganamos todos\u201d,<\/em>\u00a0afirm\u00f3, al destacar que la transformaci\u00f3n permitir\u00e1\u00a0<strong>aumentar la llegada de visitantes y dinamizar la econom\u00eda<\/strong>\u00a0de la zona.<\/p>\n<p>Como parte de la estrategia de relanzamiento, mencion\u00f3 proyectos complementarios como el desarrollo de <strong>Punta Bergant\u00edn<\/strong>, orientado a atraer marcas hoteleras internacionales y fortalecer la promoci\u00f3n del destino en mercados globales. Asimismo, valor\u00f3 la renovaci\u00f3n de infraestructuras hoteleras existentes, lo que contribuir\u00e1 a\u00a0<strong>elevar los est\u00e1ndares de calidad<\/strong>\u00a0en la oferta tur\u00edstica.<\/p>\n<p>En el \u00e1mbito de la salud, anunci\u00f3 la construcci\u00f3n de un\u00a0<strong>hospital traumatol\u00f3gico en\u00a0<\/strong><strong>Sos\u00faa<\/strong>, cuya entrega est\u00e1 prevista para noviembre de este a\u00f1o. Este centro brindar\u00e1 atenci\u00f3n especializada en emergencias y accidentes, beneficiando a toda la regi\u00f3n Norte.<\/p>\n<p>Tambi\u00e9n adelant\u00f3 nuevas iniciativas en infraestructura, incluyendo proyectos en proceso de adjudicaci\u00f3n de la\u00a0<strong>carretera del \u00c1mbar y la modernizaci\u00f3n del telef\u00e9rico<\/strong>. Adem\u00e1s, inform\u00f3 sobre el pr\u00f3ximo lanzamiento de un plan integral para el relanzamiento de\u00a0<strong>Boca Chica.<\/strong><\/p>\n<p>El presidente\u00a0Abinader\u00a0destac\u00f3 la importancia de la articulaci\u00f3n entre el\u00a0<strong>Gobierno, el sector privado y las comunidades<\/strong>\u00a0para lograr resultados sostenibles. Enfatiz\u00f3 que el progreso del pa\u00eds depende de la capacidad de alcanzar consensos y ejecutar\u00a0<strong>pol\u00edticas p\u00fablicas<\/strong>\u00a0que combinen\u00a0<strong>orden con justicia social.<\/strong><\/p>\n<p>Al concluir, agradeci\u00f3 el respaldo de autoridades locales, empresarios, trabajadores del sector tur\u00edstico y residentes, y expres\u00f3 su confianza en que\u00a0Sos\u00faa\u00a0se consolide como un\u00a0<strong>referente del turismo dominicano renovado.<\/strong><\/p>\n\n\t\t<style type=\"text\/css\">\n\t\t\t#gallery-1 {\n\t\t\t\tmargin: auto;\n\t\t\t}\n\t\t\t#gallery-1 .gallery-item {\n\t\t\t\tfloat: left;\n\t\t\t\tmargin-top: 10px;\n\t\t\t\ttext-align: center;\n\t\t\t\twidth: 33%;\n\t\t\t}\n\t\t\t#gallery-1 img {\n\t\t\t\tborder: 2px solid #cfcfcf;\n\t\t\t}\n\t\t\t#gallery-1 .gallery-caption {\n\t\t\t\tmargin-left: 0;\n\t\t\t}\n\t\t\t\/* see gallery_shortcode() in wp-includes\/media.php *\/\n\t\t<\/style>\n\t\t<div data-carousel-extra='{&quot;blog_id&quot;:1,&quot;permalink&quot;:&quot;https:\/\/sosuaonline.net\/inicio\/presidente-abinader-entrega-obras-de-renovacion-de-la-playa-sosua-y-su-plaza-de-vendedores\/&quot;}' id='gallery-1' class='gallery galleryid-111678 gallery-columns-3 gallery-size-thumbnail'><dl class='gallery-item'>\n\t\t\t<dt class='gallery-icon landscape'>\n\t\t\t\t<a href='https:\/\/sosuaonline.net\/inicio\/wp-content\/uploads\/2026\/04\/INAUGURACION-PLAZA5.jpg'><img loading=\"lazy\" decoding=\"async\" width=\"150\" height=\"150\" src=\"https:\/\/sosuaonline.net\/inicio\/wp-content\/uploads\/2026\/04\/INAUGURACION-PLAZA5-150x150.jpg\" class=\"attachment-thumbnail size-thumbnail\" alt=\"\" srcset=\"https:\/\/sosuaonline.net\/inicio\/wp-content\/uploads\/2026\/04\/INAUGURACION-PLAZA5-150x150.jpg 150w, https:\/\/sosuaonline.net\/inicio\/wp-content\/uploads\/2026\/04\/INAUGURACION-PLAZA5-1536x1536.jpg 1536w\" sizes=\"auto, (max-width: 150px) 100vw, 150px\" data-attachment-id=\"111680\" data-permalink=\"https:\/\/sosuaonline.net\/inicio\/presidente-abinader-entrega-obras-de-renovacion-de-la-playa-sosua-y-su-plaza-de-vendedores\/inauguracion-plaza5\/\" data-orig-file=\"https:\/\/sosuaonline.net\/inicio\/wp-content\/uploads\/2026\/04\/INAUGURACION-PLAZA5.jpg\" data-orig-size=\"1800,1201\" data-comments-opened=\"0\" data-image-meta=\"{&quot;aperture&quot;:&quot;0&quot;,&quot;credit&quot;:&quot;&quot;,&quot;camera&quot;:&quot;&quot;,&quot;caption&quot;:&quot;&quot;,&quot;created_timestamp&quot;:&quot;0&quot;,&quot;copyright&quot;:&quot;&quot;,&quot;focal_length&quot;:&quot;0&quot;,&quot;iso&quot;:&quot;0&quot;,&quot;shutter_speed&quot;:&quot;0&quot;,&quot;title&quot;:&quot;&quot;,&quot;orientation&quot;:&quot;0&quot;}\" data-image-title=\"INAUGURACION PLAZA5\" data-image-description=\"\" data-image-caption=\"\" data-medium-file=\"https:\/\/sosuaonline.net\/inicio\/wp-content\/uploads\/2026\/04\/INAUGURACION-PLAZA5-300x200.jpg\" data-large-file=\"https:\/\/sosuaonline.net\/inicio\/wp-content\/uploads\/2026\/04\/INAUGURACION-PLAZA5-1024x683.jpg\" \/><\/a>\n\t\t\t<\/dt><\/dl><dl class='gallery-item'>\n\t\t\t<dt class='gallery-icon landscape'>\n\t\t\t\t<a href='https:\/\/sosuaonline.net\/inicio\/wp-content\/uploads\/2026\/04\/INAUGURACION-PLAZA1.jpg'><img loading=\"lazy\" decoding=\"async\" width=\"150\" height=\"150\" src=\"https:\/\/sosuaonline.net\/inicio\/wp-content\/uploads\/2026\/04\/INAUGURACION-PLAZA1-150x150.jpg\" class=\"attachment-thumbnail size-thumbnail\" alt=\"\" data-attachment-id=\"111679\" data-permalink=\"https:\/\/sosuaonline.net\/inicio\/presidente-abinader-entrega-obras-de-renovacion-de-la-playa-sosua-y-su-plaza-de-vendedores\/inauguracion-plaza1\/\" data-orig-file=\"https:\/\/sosuaonline.net\/inicio\/wp-content\/uploads\/2026\/04\/INAUGURACION-PLAZA1.jpg\" data-orig-size=\"1093,550\" data-comments-opened=\"0\" data-image-meta=\"{&quot;aperture&quot;:&quot;0&quot;,&quot;credit&quot;:&quot;Anderson Martinez&quot;,&quot;camera&quot;:&quot;&quot;,&quot;caption&quot;:&quot;&quot;,&quot;created_timestamp&quot;:&quot;1777332906&quot;,&quot;copyright&quot;:&quot;&quot;,&quot;focal_length&quot;:&quot;0&quot;,&quot;iso&quot;:&quot;0&quot;,&quot;shutter_speed&quot;:&quot;0&quot;,&quot;title&quot;:&quot;&quot;,&quot;orientation&quot;:&quot;0&quot;}\" data-image-title=\"INAUGURACION PLAZA1\" data-image-description=\"\" data-image-caption=\"\" data-medium-file=\"https:\/\/sosuaonline.net\/inicio\/wp-content\/uploads\/2026\/04\/INAUGURACION-PLAZA1-300x151.jpg\" data-large-file=\"https:\/\/sosuaonline.net\/inicio\/wp-content\/uploads\/2026\/04\/INAUGURACION-PLAZA1-1024x515.jpg\" \/><\/a>\n\t\t\t<\/dt><\/dl><dl class='gallery-item'>\n\t\t\t<dt class='gallery-icon landscape'>\n\t\t\t\t<a href='https:\/\/sosuaonline.net\/inicio\/wp-content\/uploads\/2026\/04\/661077911_18581276095056991_1403264073634305134_n.jpg'><img loading=\"lazy\" decoding=\"async\" width=\"150\" height=\"150\" src=\"https:\/\/sosuaonline.net\/inicio\/wp-content\/uploads\/2026\/04\/661077911_18581276095056991_1403264073634305134_n-150x150.jpg\" class=\"attachment-thumbnail size-thumbnail\" alt=\"\" data-attachment-id=\"111681\" data-permalink=\"https:\/\/sosuaonline.net\/inicio\/presidente-abinader-entrega-obras-de-renovacion-de-la-playa-sosua-y-su-plaza-de-vendedores\/661077911_18581276095056991_1403264073634305134_n\/\" data-orig-file=\"https:\/\/sosuaonline.net\/inicio\/wp-content\/uploads\/2026\/04\/661077911_18581276095056991_1403264073634305134_n.jpg\" data-orig-size=\"1440,1080\" data-comments-opened=\"0\" data-image-meta=\"{&quot;aperture&quot;:&quot;0&quot;,&quot;credit&quot;:&quot;&quot;,&quot;camera&quot;:&quot;&quot;,&quot;caption&quot;:&quot;&quot;,&quot;created_timestamp&quot;:&quot;0&quot;,&quot;copyright&quot;:&quot;&quot;,&quot;focal_length&quot;:&quot;0&quot;,&quot;iso&quot;:&quot;0&quot;,&quot;shutter_speed&quot;:&quot;0&quot;,&quot;title&quot;:&quot;&quot;,&quot;orientation&quot;:&quot;0&quot;}\" data-image-title=\"661077911_18581276095056991_1403264073634305134_n\" data-image-description=\"\" data-image-caption=\"\" data-medium-file=\"https:\/\/sosuaonline.net\/inicio\/wp-content\/uploads\/2026\/04\/661077911_18581276095056991_1403264073634305134_n-300x225.jpg\" data-large-file=\"https:\/\/sosuaonline.net\/inicio\/wp-content\/uploads\/2026\/04\/661077911_18581276095056991_1403264073634305134_n-1024x768.jpg\" \/><\/a>\n\t\t\t<\/dt><\/dl><br style=\"clear: both\" \/><dl class='gallery-item'>\n\t\t\t<dt class='gallery-icon landscape'>\n\t\t\t\t<a href='https:\/\/sosuaonline.net\/inicio\/wp-content\/uploads\/2026\/04\/672379272_18581276146056991_7946451847454859293_n.jpg'><img loading=\"lazy\" decoding=\"async\" width=\"150\" height=\"150\" src=\"https:\/\/sosuaonline.net\/inicio\/wp-content\/uploads\/2026\/04\/672379272_18581276146056991_7946451847454859293_n-150x150.jpg\" class=\"attachment-thumbnail size-thumbnail\" alt=\"\" data-attachment-id=\"111682\" data-permalink=\"https:\/\/sosuaonline.net\/inicio\/presidente-abinader-entrega-obras-de-renovacion-de-la-playa-sosua-y-su-plaza-de-vendedores\/672379272_18581276146056991_7946451847454859293_n\/\" data-orig-file=\"https:\/\/sosuaonline.net\/inicio\/wp-content\/uploads\/2026\/04\/672379272_18581276146056991_7946451847454859293_n.jpg\" data-orig-size=\"1440,1080\" data-comments-opened=\"0\" data-image-meta=\"{&quot;aperture&quot;:&quot;0&quot;,&quot;credit&quot;:&quot;&quot;,&quot;camera&quot;:&quot;&quot;,&quot;caption&quot;:&quot;&quot;,&quot;created_timestamp&quot;:&quot;0&quot;,&quot;copyright&quot;:&quot;&quot;,&quot;focal_length&quot;:&quot;0&quot;,&quot;iso&quot;:&quot;0&quot;,&quot;shutter_speed&quot;:&quot;0&quot;,&quot;title&quot;:&quot;&quot;,&quot;orientation&quot;:&quot;0&quot;}\" data-image-title=\"672379272_18581276146056991_7946451847454859293_n\" data-image-description=\"\" data-image-caption=\"\" data-medium-file=\"https:\/\/sosuaonline.net\/inicio\/wp-content\/uploads\/2026\/04\/672379272_18581276146056991_7946451847454859293_n-300x225.jpg\" data-large-file=\"https:\/\/sosuaonline.net\/inicio\/wp-content\/uploads\/2026\/04\/672379272_18581276146056991_7946451847454859293_n-1024x768.jpg\" \/><\/a>\n\t\t\t<\/dt><\/dl><dl class='gallery-item'>\n\t\t\t<dt class='gallery-icon landscape'>\n\t\t\t\t<a href='https:\/\/sosuaonline.net\/inicio\/wp-content\/uploads\/2026\/04\/672427496_18581276077056991_2920951092056880242_n.jpg'><img loading=\"lazy\" decoding=\"async\" width=\"150\" height=\"150\" src=\"https:\/\/sosuaonline.net\/inicio\/wp-content\/uploads\/2026\/04\/672427496_18581276077056991_2920951092056880242_n-150x150.jpg\" class=\"attachment-thumbnail size-thumbnail\" alt=\"\" data-attachment-id=\"111683\" data-permalink=\"https:\/\/sosuaonline.net\/inicio\/presidente-abinader-entrega-obras-de-renovacion-de-la-playa-sosua-y-su-plaza-de-vendedores\/672427496_18581276077056991_2920951092056880242_n\/\" data-orig-file=\"https:\/\/sosuaonline.net\/inicio\/wp-content\/uploads\/2026\/04\/672427496_18581276077056991_2920951092056880242_n.jpg\" data-orig-size=\"1440,1080\" data-comments-opened=\"0\" data-image-meta=\"{&quot;aperture&quot;:&quot;0&quot;,&quot;credit&quot;:&quot;&quot;,&quot;camera&quot;:&quot;&quot;,&quot;caption&quot;:&quot;&quot;,&quot;created_timestamp&quot;:&quot;0&quot;,&quot;copyright&quot;:&quot;&quot;,&quot;focal_length&quot;:&quot;0&quot;,&quot;iso&quot;:&quot;0&quot;,&quot;shutter_speed&quot;:&quot;0&quot;,&quot;title&quot;:&quot;&quot;,&quot;orientation&quot;:&quot;0&quot;}\" data-image-title=\"672427496_18581276077056991_2920951092056880242_n\" data-image-description=\"\" data-image-caption=\"\" data-medium-file=\"https:\/\/sosuaonline.net\/inicio\/wp-content\/uploads\/2026\/04\/672427496_18581276077056991_2920951092056880242_n-300x225.jpg\" data-large-file=\"https:\/\/sosuaonline.net\/inicio\/wp-content\/uploads\/2026\/04\/672427496_18581276077056991_2920951092056880242_n-1024x768.jpg\" \/><\/a>\n\t\t\t<\/dt><\/dl><dl class='gallery-item'>\n\t\t\t<dt class='gallery-icon landscape'>\n\t\t\t\t<a href='https:\/\/sosuaonline.net\/inicio\/wp-content\/uploads\/2026\/04\/673126870_18581276134056991_4369625514937492812_n.jpg'><img loading=\"lazy\" decoding=\"async\" width=\"150\" height=\"150\" src=\"https:\/\/sosuaonline.net\/inicio\/wp-content\/uploads\/2026\/04\/673126870_18581276134056991_4369625514937492812_n-150x150.jpg\" class=\"attachment-thumbnail size-thumbnail\" alt=\"\" data-attachment-id=\"111684\" data-permalink=\"https:\/\/sosuaonline.net\/inicio\/presidente-abinader-entrega-obras-de-renovacion-de-la-playa-sosua-y-su-plaza-de-vendedores\/673126870_18581276134056991_4369625514937492812_n\/\" data-orig-file=\"https:\/\/sosuaonline.net\/inicio\/wp-content\/uploads\/2026\/04\/673126870_18581276134056991_4369625514937492812_n.jpg\" data-orig-size=\"1440,1080\" data-comments-opened=\"0\" data-image-meta=\"{&quot;aperture&quot;:&quot;0&quot;,&quot;credit&quot;:&quot;&quot;,&quot;camera&quot;:&quot;&quot;,&quot;caption&quot;:&quot;&quot;,&quot;created_timestamp&quot;:&quot;0&quot;,&quot;copyright&quot;:&quot;&quot;,&quot;focal_length&quot;:&quot;0&quot;,&quot;iso&quot;:&quot;0&quot;,&quot;shutter_speed&quot;:&quot;0&quot;,&quot;title&quot;:&quot;&quot;,&quot;orientation&quot;:&quot;0&quot;}\" data-image-title=\"673126870_18581276134056991_4369625514937492812_n\" data-image-description=\"\" data-image-caption=\"\" data-medium-file=\"https:\/\/sosuaonline.net\/inicio\/wp-content\/uploads\/2026\/04\/673126870_18581276134056991_4369625514937492812_n-300x225.jpg\" data-large-file=\"https:\/\/sosuaonline.net\/inicio\/wp-content\/uploads\/2026\/04\/673126870_18581276134056991_4369625514937492812_n-1024x768.jpg\" \/><\/a>\n\t\t\t<\/dt><\/dl><br style=\"clear: both\" \/><dl class='gallery-item'>\n\t\t\t<dt class='gallery-icon landscape'>\n\t\t\t\t<a href='https:\/\/sosuaonline.net\/inicio\/wp-content\/uploads\/2026\/04\/673876821_18581276158056991_1793403830686774331_n.jpg'><img loading=\"lazy\" decoding=\"async\" width=\"150\" height=\"150\" src=\"https:\/\/sosuaonline.net\/inicio\/wp-content\/uploads\/2026\/04\/673876821_18581276158056991_1793403830686774331_n-150x150.jpg\" class=\"attachment-thumbnail size-thumbnail\" alt=\"\" data-attachment-id=\"111685\" data-permalink=\"https:\/\/sosuaonline.net\/inicio\/presidente-abinader-entrega-obras-de-renovacion-de-la-playa-sosua-y-su-plaza-de-vendedores\/673876821_18581276158056991_1793403830686774331_n\/\" data-orig-file=\"https:\/\/sosuaonline.net\/inicio\/wp-content\/uploads\/2026\/04\/673876821_18581276158056991_1793403830686774331_n.jpg\" data-orig-size=\"1440,1080\" data-comments-opened=\"0\" data-image-meta=\"{&quot;aperture&quot;:&quot;0&quot;,&quot;credit&quot;:&quot;&quot;,&quot;camera&quot;:&quot;&quot;,&quot;caption&quot;:&quot;&quot;,&quot;created_timestamp&quot;:&quot;0&quot;,&quot;copyright&quot;:&quot;&quot;,&quot;focal_length&quot;:&quot;0&quot;,&quot;iso&quot;:&quot;0&quot;,&quot;shutter_speed&quot;:&quot;0&quot;,&quot;title&quot;:&quot;&quot;,&quot;orientation&quot;:&quot;0&quot;}\" data-image-title=\"673876821_18581276158056991_1793403830686774331_n\" data-image-description=\"\" data-image-caption=\"\" data-medium-file=\"https:\/\/sosuaonline.net\/inicio\/wp-content\/uploads\/2026\/04\/673876821_18581276158056991_1793403830686774331_n-300x225.jpg\" data-large-file=\"https:\/\/sosuaonline.net\/inicio\/wp-content\/uploads\/2026\/04\/673876821_18581276158056991_1793403830686774331_n-1024x768.jpg\" \/><\/a>\n\t\t\t<\/dt><\/dl><dl class='gallery-item'>\n\t\t\t<dt class='gallery-icon landscape'>\n\t\t\t\t<a href='https:\/\/sosuaonline.net\/inicio\/wp-content\/uploads\/2026\/04\/680602242_10164890727615645_9203621100405438402_n.jpg'><img loading=\"lazy\" decoding=\"async\" width=\"150\" height=\"150\" src=\"https:\/\/sosuaonline.net\/inicio\/wp-content\/uploads\/2026\/04\/680602242_10164890727615645_9203621100405438402_n-150x150.jpg\" class=\"attachment-thumbnail size-thumbnail\" alt=\"\" data-attachment-id=\"111686\" data-permalink=\"https:\/\/sosuaonline.net\/inicio\/presidente-abinader-entrega-obras-de-renovacion-de-la-playa-sosua-y-su-plaza-de-vendedores\/680602242_10164890727615645_9203621100405438402_n\/\" data-orig-file=\"https:\/\/sosuaonline.net\/inicio\/wp-content\/uploads\/2026\/04\/680602242_10164890727615645_9203621100405438402_n.jpg\" data-orig-size=\"1800,1201\" data-comments-opened=\"0\" data-image-meta=\"{&quot;aperture&quot;:&quot;0&quot;,&quot;credit&quot;:&quot;&quot;,&quot;camera&quot;:&quot;&quot;,&quot;caption&quot;:&quot;&quot;,&quot;created_timestamp&quot;:&quot;0&quot;,&quot;copyright&quot;:&quot;&quot;,&quot;focal_length&quot;:&quot;0&quot;,&quot;iso&quot;:&quot;0&quot;,&quot;shutter_speed&quot;:&quot;0&quot;,&quot;title&quot;:&quot;&quot;,&quot;orientation&quot;:&quot;0&quot;}\" data-image-title=\"680602242_10164890727615645_9203621100405438402_n\" data-image-description=\"\" data-image-caption=\"\" data-medium-file=\"https:\/\/sosuaonline.net\/inicio\/wp-content\/uploads\/2026\/04\/680602242_10164890727615645_9203621100405438402_n-300x200.jpg\" data-large-file=\"https:\/\/sosuaonline.net\/inicio\/wp-content\/uploads\/2026\/04\/680602242_10164890727615645_9203621100405438402_n-1024x683.jpg\" \/><\/a>\n\t\t\t<\/dt><\/dl><dl class='gallery-item'>\n\t\t\t<dt class='gallery-icon landscape'>\n\t\t\t\t<a href='https:\/\/sosuaonline.net\/inicio\/wp-content\/uploads\/2026\/04\/680927649_18581276086056991_6676495748726822820_n.jpg'><img loading=\"lazy\" decoding=\"async\" width=\"150\" height=\"150\" src=\"https:\/\/sosuaonline.net\/inicio\/wp-content\/uploads\/2026\/04\/680927649_18581276086056991_6676495748726822820_n-150x150.jpg\" class=\"attachment-thumbnail size-thumbnail\" alt=\"\" data-attachment-id=\"111687\" data-permalink=\"https:\/\/sosuaonline.net\/inicio\/presidente-abinader-entrega-obras-de-renovacion-de-la-playa-sosua-y-su-plaza-de-vendedores\/680927649_18581276086056991_6676495748726822820_n\/\" data-orig-file=\"https:\/\/sosuaonline.net\/inicio\/wp-content\/uploads\/2026\/04\/680927649_18581276086056991_6676495748726822820_n.jpg\" data-orig-size=\"1440,1080\" data-comments-opened=\"0\" data-image-meta=\"{&quot;aperture&quot;:&quot;0&quot;,&quot;credit&quot;:&quot;&quot;,&quot;camera&quot;:&quot;&quot;,&quot;caption&quot;:&quot;&quot;,&quot;created_timestamp&quot;:&quot;0&quot;,&quot;copyright&quot;:&quot;&quot;,&quot;focal_length&quot;:&quot;0&quot;,&quot;iso&quot;:&quot;0&quot;,&quot;shutter_speed&quot;:&quot;0&quot;,&quot;title&quot;:&quot;&quot;,&quot;orientation&quot;:&quot;0&quot;}\" data-image-title=\"680927649_18581276086056991_6676495748726822820_n\" data-image-description=\"\" data-image-caption=\"\" data-medium-file=\"https:\/\/sosuaonline.net\/inicio\/wp-content\/uploads\/2026\/04\/680927649_18581276086056991_6676495748726822820_n-300x225.jpg\" data-large-file=\"https:\/\/sosuaonline.net\/inicio\/wp-content\/uploads\/2026\/04\/680927649_18581276086056991_6676495748726822820_n-1024x768.jpg\" \/><\/a>\n\t\t\t<\/dt><\/dl><br style=\"clear: both\" \/><dl class='gallery-item'>\n\t\t\t<dt class='gallery-icon landscape'>\n\t\t\t\t<a href='https:\/\/sosuaonline.net\/inicio\/wp-content\/uploads\/2026\/04\/681287553_18581276113056991_3054747288059592332_n.jpg'><img loading=\"lazy\" decoding=\"async\" width=\"150\" height=\"150\" src=\"https:\/\/sosuaonline.net\/inicio\/wp-content\/uploads\/2026\/04\/681287553_18581276113056991_3054747288059592332_n-150x150.jpg\" class=\"attachment-thumbnail size-thumbnail\" alt=\"\" data-attachment-id=\"111688\" data-permalink=\"https:\/\/sosuaonline.net\/inicio\/presidente-abinader-entrega-obras-de-renovacion-de-la-playa-sosua-y-su-plaza-de-vendedores\/681287553_18581276113056991_3054747288059592332_n\/\" data-orig-file=\"https:\/\/sosuaonline.net\/inicio\/wp-content\/uploads\/2026\/04\/681287553_18581276113056991_3054747288059592332_n.jpg\" data-orig-size=\"1440,1080\" data-comments-opened=\"0\" data-image-meta=\"{&quot;aperture&quot;:&quot;0&quot;,&quot;credit&quot;:&quot;&quot;,&quot;camera&quot;:&quot;&quot;,&quot;caption&quot;:&quot;&quot;,&quot;created_timestamp&quot;:&quot;0&quot;,&quot;copyright&quot;:&quot;&quot;,&quot;focal_length&quot;:&quot;0&quot;,&quot;iso&quot;:&quot;0&quot;,&quot;shutter_speed&quot;:&quot;0&quot;,&quot;title&quot;:&quot;&quot;,&quot;orientation&quot;:&quot;0&quot;}\" data-image-title=\"681287553_18581276113056991_3054747288059592332_n\" data-image-description=\"\" data-image-caption=\"\" data-medium-file=\"https:\/\/sosuaonline.net\/inicio\/wp-content\/uploads\/2026\/04\/681287553_18581276113056991_3054747288059592332_n-300x225.jpg\" data-large-file=\"https:\/\/sosuaonline.net\/inicio\/wp-content\/uploads\/2026\/04\/681287553_18581276113056991_3054747288059592332_n-1024x768.jpg\" \/><\/a>\n\t\t\t<\/dt><\/dl><dl class='gallery-item'>\n\t\t\t<dt class='gallery-icon landscape'>\n\t\t\t\t<a href='https:\/\/sosuaonline.net\/inicio\/wp-content\/uploads\/2026\/04\/681445268_18581276059056991_6282809032088649950_n.jpg'><img loading=\"lazy\" decoding=\"async\" width=\"150\" height=\"150\" src=\"https:\/\/sosuaonline.net\/inicio\/wp-content\/uploads\/2026\/04\/681445268_18581276059056991_6282809032088649950_n-150x150.jpg\" class=\"attachment-thumbnail size-thumbnail\" alt=\"\" data-attachment-id=\"111689\" data-permalink=\"https:\/\/sosuaonline.net\/inicio\/presidente-abinader-entrega-obras-de-renovacion-de-la-playa-sosua-y-su-plaza-de-vendedores\/681445268_18581276059056991_6282809032088649950_n\/\" data-orig-file=\"https:\/\/sosuaonline.net\/inicio\/wp-content\/uploads\/2026\/04\/681445268_18581276059056991_6282809032088649950_n.jpg\" data-orig-size=\"1440,1080\" data-comments-opened=\"0\" data-image-meta=\"{&quot;aperture&quot;:&quot;0&quot;,&quot;credit&quot;:&quot;&quot;,&quot;camera&quot;:&quot;&quot;,&quot;caption&quot;:&quot;&quot;,&quot;created_timestamp&quot;:&quot;0&quot;,&quot;copyright&quot;:&quot;&quot;,&quot;focal_length&quot;:&quot;0&quot;,&quot;iso&quot;:&quot;0&quot;,&quot;shutter_speed&quot;:&quot;0&quot;,&quot;title&quot;:&quot;&quot;,&quot;orientation&quot;:&quot;0&quot;}\" data-image-title=\"681445268_18581276059056991_6282809032088649950_n\" data-image-description=\"\" data-image-caption=\"\" data-medium-file=\"https:\/\/sosuaonline.net\/inicio\/wp-content\/uploads\/2026\/04\/681445268_18581276059056991_6282809032088649950_n-300x225.jpg\" data-large-file=\"https:\/\/sosuaonline.net\/inicio\/wp-content\/uploads\/2026\/04\/681445268_18581276059056991_6282809032088649950_n-1024x768.jpg\" \/><\/a>\n\t\t\t<\/dt><\/dl><dl class='gallery-item'>\n\t\t\t<dt class='gallery-icon landscape'>\n\t\t\t\t<a href='https:\/\/sosuaonline.net\/inicio\/wp-content\/uploads\/2026\/04\/681806177_10164890727265645_4232957465928383620_n.jpg'><img loading=\"lazy\" decoding=\"async\" width=\"150\" height=\"150\" src=\"https:\/\/sosuaonline.net\/inicio\/wp-content\/uploads\/2026\/04\/681806177_10164890727265645_4232957465928383620_n-150x150.jpg\" class=\"attachment-thumbnail size-thumbnail\" alt=\"\" data-attachment-id=\"111690\" data-permalink=\"https:\/\/sosuaonline.net\/inicio\/presidente-abinader-entrega-obras-de-renovacion-de-la-playa-sosua-y-su-plaza-de-vendedores\/681806177_10164890727265645_4232957465928383620_n\/\" data-orig-file=\"https:\/\/sosuaonline.net\/inicio\/wp-content\/uploads\/2026\/04\/681806177_10164890727265645_4232957465928383620_n.jpg\" data-orig-size=\"1800,1201\" data-comments-opened=\"0\" data-image-meta=\"{&quot;aperture&quot;:&quot;0&quot;,&quot;credit&quot;:&quot;&quot;,&quot;camera&quot;:&quot;&quot;,&quot;caption&quot;:&quot;&quot;,&quot;created_timestamp&quot;:&quot;0&quot;,&quot;copyright&quot;:&quot;&quot;,&quot;focal_length&quot;:&quot;0&quot;,&quot;iso&quot;:&quot;0&quot;,&quot;shutter_speed&quot;:&quot;0&quot;,&quot;title&quot;:&quot;&quot;,&quot;orientation&quot;:&quot;0&quot;}\" data-image-title=\"681806177_10164890727265645_4232957465928383620_n\" data-image-description=\"\" data-image-caption=\"\" data-medium-file=\"https:\/\/sosuaonline.net\/inicio\/wp-content\/uploads\/2026\/04\/681806177_10164890727265645_4232957465928383620_n-300x200.jpg\" data-large-file=\"https:\/\/sosuaonline.net\/inicio\/wp-content\/uploads\/2026\/04\/681806177_10164890727265645_4232957465928383620_n-1024x683.jpg\" \/><\/a>\n\t\t\t<\/dt><\/dl><br style=\"clear: both\" \/><dl class='gallery-item'>\n\t\t\t<dt class='gallery-icon landscape'>\n\t\t\t\t<a href='https:\/\/sosuaonline.net\/inicio\/wp-content\/uploads\/2026\/04\/681853431_18581276122056991_5784885256050134829_n.jpg'><img loading=\"lazy\" decoding=\"async\" width=\"150\" height=\"150\" src=\"https:\/\/sosuaonline.net\/inicio\/wp-content\/uploads\/2026\/04\/681853431_18581276122056991_5784885256050134829_n-150x150.jpg\" class=\"attachment-thumbnail size-thumbnail\" alt=\"\" data-attachment-id=\"111691\" data-permalink=\"https:\/\/sosuaonline.net\/inicio\/presidente-abinader-entrega-obras-de-renovacion-de-la-playa-sosua-y-su-plaza-de-vendedores\/681853431_18581276122056991_5784885256050134829_n\/\" data-orig-file=\"https:\/\/sosuaonline.net\/inicio\/wp-content\/uploads\/2026\/04\/681853431_18581276122056991_5784885256050134829_n.jpg\" data-orig-size=\"1440,1080\" data-comments-opened=\"0\" data-image-meta=\"{&quot;aperture&quot;:&quot;0&quot;,&quot;credit&quot;:&quot;&quot;,&quot;camera&quot;:&quot;&quot;,&quot;caption&quot;:&quot;&quot;,&quot;created_timestamp&quot;:&quot;0&quot;,&quot;copyright&quot;:&quot;&quot;,&quot;focal_length&quot;:&quot;0&quot;,&quot;iso&quot;:&quot;0&quot;,&quot;shutter_speed&quot;:&quot;0&quot;,&quot;title&quot;:&quot;&quot;,&quot;orientation&quot;:&quot;0&quot;}\" data-image-title=\"681853431_18581276122056991_5784885256050134829_n\" data-image-description=\"\" data-image-caption=\"\" data-medium-file=\"https:\/\/sosuaonline.net\/inicio\/wp-content\/uploads\/2026\/04\/681853431_18581276122056991_5784885256050134829_n-300x225.jpg\" data-large-file=\"https:\/\/sosuaonline.net\/inicio\/wp-content\/uploads\/2026\/04\/681853431_18581276122056991_5784885256050134829_n-1024x768.jpg\" \/><\/a>\n\t\t\t<\/dt><\/dl><dl class='gallery-item'>\n\t\t\t<dt class='gallery-icon landscape'>\n\t\t\t\t<a href='https:\/\/sosuaonline.net\/inicio\/wp-content\/uploads\/2026\/04\/682113347_18581276050056991_6500510937339805610_n.jpg'><img loading=\"lazy\" decoding=\"async\" width=\"150\" height=\"150\" src=\"https:\/\/sosuaonline.net\/inicio\/wp-content\/uploads\/2026\/04\/682113347_18581276050056991_6500510937339805610_n-150x150.jpg\" class=\"attachment-thumbnail size-thumbnail\" alt=\"\" data-attachment-id=\"111692\" data-permalink=\"https:\/\/sosuaonline.net\/inicio\/presidente-abinader-entrega-obras-de-renovacion-de-la-playa-sosua-y-su-plaza-de-vendedores\/682113347_18581276050056991_6500510937339805610_n\/\" data-orig-file=\"https:\/\/sosuaonline.net\/inicio\/wp-content\/uploads\/2026\/04\/682113347_18581276050056991_6500510937339805610_n.jpg\" data-orig-size=\"1440,1080\" data-comments-opened=\"0\" data-image-meta=\"{&quot;aperture&quot;:&quot;0&quot;,&quot;credit&quot;:&quot;&quot;,&quot;camera&quot;:&quot;&quot;,&quot;caption&quot;:&quot;&quot;,&quot;created_timestamp&quot;:&quot;0&quot;,&quot;copyright&quot;:&quot;&quot;,&quot;focal_length&quot;:&quot;0&quot;,&quot;iso&quot;:&quot;0&quot;,&quot;shutter_speed&quot;:&quot;0&quot;,&quot;title&quot;:&quot;&quot;,&quot;orientation&quot;:&quot;0&quot;}\" data-image-title=\"682113347_18581276050056991_6500510937339805610_n\" data-image-description=\"\" data-image-caption=\"\" data-medium-file=\"https:\/\/sosuaonline.net\/inicio\/wp-content\/uploads\/2026\/04\/682113347_18581276050056991_6500510937339805610_n-300x225.jpg\" data-large-file=\"https:\/\/sosuaonline.net\/inicio\/wp-content\/uploads\/2026\/04\/682113347_18581276050056991_6500510937339805610_n-1024x768.jpg\" \/><\/a>\n\t\t\t<\/dt><\/dl><dl class='gallery-item'>\n\t\t\t<dt class='gallery-icon landscape'>\n\t\t\t\t<a href='https:\/\/sosuaonline.net\/inicio\/wp-content\/uploads\/2026\/04\/682304398_10164890727255645_6880044888168124114_n.jpg'><img loading=\"lazy\" decoding=\"async\" width=\"150\" height=\"150\" src=\"https:\/\/sosuaonline.net\/inicio\/wp-content\/uploads\/2026\/04\/682304398_10164890727255645_6880044888168124114_n-150x150.jpg\" class=\"attachment-thumbnail size-thumbnail\" alt=\"\" data-attachment-id=\"111693\" data-permalink=\"https:\/\/sosuaonline.net\/inicio\/presidente-abinader-entrega-obras-de-renovacion-de-la-playa-sosua-y-su-plaza-de-vendedores\/682304398_10164890727255645_6880044888168124114_n\/\" data-orig-file=\"https:\/\/sosuaonline.net\/inicio\/wp-content\/uploads\/2026\/04\/682304398_10164890727255645_6880044888168124114_n.jpg\" data-orig-size=\"1800,1201\" data-comments-opened=\"0\" data-image-meta=\"{&quot;aperture&quot;:&quot;0&quot;,&quot;credit&quot;:&quot;&quot;,&quot;camera&quot;:&quot;&quot;,&quot;caption&quot;:&quot;&quot;,&quot;created_timestamp&quot;:&quot;0&quot;,&quot;copyright&quot;:&quot;&quot;,&quot;focal_length&quot;:&quot;0&quot;,&quot;iso&quot;:&quot;0&quot;,&quot;shutter_speed&quot;:&quot;0&quot;,&quot;title&quot;:&quot;&quot;,&quot;orientation&quot;:&quot;0&quot;}\" data-image-title=\"682304398_10164890727255645_6880044888168124114_n\" data-image-description=\"\" data-image-caption=\"\" data-medium-file=\"https:\/\/sosuaonline.net\/inicio\/wp-content\/uploads\/2026\/04\/682304398_10164890727255645_6880044888168124114_n-300x200.jpg\" data-large-file=\"https:\/\/sosuaonline.net\/inicio\/wp-content\/uploads\/2026\/04\/682304398_10164890727255645_6880044888168124114_n-1024x683.jpg\" \/><\/a>\n\t\t\t<\/dt><\/dl><br style=\"clear: both\" \/><dl class='gallery-item'>\n\t\t\t<dt class='gallery-icon landscape'>\n\t\t\t\t<a href='https:\/\/sosuaonline.net\/inicio\/wp-content\/uploads\/2026\/04\/682350570_10164890727455645_1159319530767620952_n.jpg'><img loading=\"lazy\" decoding=\"async\" width=\"150\" height=\"150\" src=\"https:\/\/sosuaonline.net\/inicio\/wp-content\/uploads\/2026\/04\/682350570_10164890727455645_1159319530767620952_n-150x150.jpg\" class=\"attachment-thumbnail size-thumbnail\" alt=\"\" data-attachment-id=\"111694\" data-permalink=\"https:\/\/sosuaonline.net\/inicio\/presidente-abinader-entrega-obras-de-renovacion-de-la-playa-sosua-y-su-plaza-de-vendedores\/682350570_10164890727455645_1159319530767620952_n\/\" data-orig-file=\"https:\/\/sosuaonline.net\/inicio\/wp-content\/uploads\/2026\/04\/682350570_10164890727455645_1159319530767620952_n.jpg\" data-orig-size=\"1800,1201\" data-comments-opened=\"0\" data-image-meta=\"{&quot;aperture&quot;:&quot;0&quot;,&quot;credit&quot;:&quot;&quot;,&quot;camera&quot;:&quot;&quot;,&quot;caption&quot;:&quot;&quot;,&quot;created_timestamp&quot;:&quot;0&quot;,&quot;copyright&quot;:&quot;&quot;,&quot;focal_length&quot;:&quot;0&quot;,&quot;iso&quot;:&quot;0&quot;,&quot;shutter_speed&quot;:&quot;0&quot;,&quot;title&quot;:&quot;&quot;,&quot;orientation&quot;:&quot;0&quot;}\" data-image-title=\"682350570_10164890727455645_1159319530767620952_n\" data-image-description=\"\" data-image-caption=\"\" data-medium-file=\"https:\/\/sosuaonline.net\/inicio\/wp-content\/uploads\/2026\/04\/682350570_10164890727455645_1159319530767620952_n-300x200.jpg\" data-large-file=\"https:\/\/sosuaonline.net\/inicio\/wp-content\/uploads\/2026\/04\/682350570_10164890727455645_1159319530767620952_n-1024x683.jpg\" \/><\/a>\n\t\t\t<\/dt><\/dl><dl class='gallery-item'>\n\t\t\t<dt class='gallery-icon landscape'>\n\t\t\t\t<a href='https:\/\/sosuaonline.net\/inicio\/wp-content\/uploads\/2026\/04\/682358159_18581276068056991_6663038330393176083_n.jpg'><img loading=\"lazy\" decoding=\"async\" width=\"150\" height=\"150\" src=\"https:\/\/sosuaonline.net\/inicio\/wp-content\/uploads\/2026\/04\/682358159_18581276068056991_6663038330393176083_n-150x150.jpg\" class=\"attachment-thumbnail size-thumbnail\" alt=\"\" data-attachment-id=\"111695\" data-permalink=\"https:\/\/sosuaonline.net\/inicio\/presidente-abinader-entrega-obras-de-renovacion-de-la-playa-sosua-y-su-plaza-de-vendedores\/682358159_18581276068056991_6663038330393176083_n\/\" data-orig-file=\"https:\/\/sosuaonline.net\/inicio\/wp-content\/uploads\/2026\/04\/682358159_18581276068056991_6663038330393176083_n.jpg\" data-orig-size=\"1440,1080\" data-comments-opened=\"0\" data-image-meta=\"{&quot;aperture&quot;:&quot;0&quot;,&quot;credit&quot;:&quot;&quot;,&quot;camera&quot;:&quot;&quot;,&quot;caption&quot;:&quot;&quot;,&quot;created_timestamp&quot;:&quot;0&quot;,&quot;copyright&quot;:&quot;&quot;,&quot;focal_length&quot;:&quot;0&quot;,&quot;iso&quot;:&quot;0&quot;,&quot;shutter_speed&quot;:&quot;0&quot;,&quot;title&quot;:&quot;&quot;,&quot;orientation&quot;:&quot;0&quot;}\" data-image-title=\"682358159_18581276068056991_6663038330393176083_n\" data-image-description=\"\" data-image-caption=\"\" data-medium-file=\"https:\/\/sosuaonline.net\/inicio\/wp-content\/uploads\/2026\/04\/682358159_18581276068056991_6663038330393176083_n-300x225.jpg\" data-large-file=\"https:\/\/sosuaonline.net\/inicio\/wp-content\/uploads\/2026\/04\/682358159_18581276068056991_6663038330393176083_n-1024x768.jpg\" \/><\/a>\n\t\t\t<\/dt><\/dl><dl class='gallery-item'>\n\t\t\t<dt class='gallery-icon portrait'>\n\t\t\t\t<a href='https:\/\/sosuaonline.net\/inicio\/wp-content\/uploads\/2026\/04\/682407575_10164890727695645_6966280847052938787_n.jpg'><img loading=\"lazy\" decoding=\"async\" width=\"150\" height=\"150\" src=\"https:\/\/sosuaonline.net\/inicio\/wp-content\/uploads\/2026\/04\/682407575_10164890727695645_6966280847052938787_n-150x150.jpg\" class=\"attachment-thumbnail size-thumbnail\" alt=\"\" data-attachment-id=\"111696\" data-permalink=\"https:\/\/sosuaonline.net\/inicio\/presidente-abinader-entrega-obras-de-renovacion-de-la-playa-sosua-y-su-plaza-de-vendedores\/682407575_10164890727695645_6966280847052938787_n\/\" data-orig-file=\"https:\/\/sosuaonline.net\/inicio\/wp-content\/uploads\/2026\/04\/682407575_10164890727695645_6966280847052938787_n.jpg\" data-orig-size=\"1284,1712\" data-comments-opened=\"0\" data-image-meta=\"{&quot;aperture&quot;:&quot;0&quot;,&quot;credit&quot;:&quot;&quot;,&quot;camera&quot;:&quot;&quot;,&quot;caption&quot;:&quot;&quot;,&quot;created_timestamp&quot;:&quot;0&quot;,&quot;copyright&quot;:&quot;&quot;,&quot;focal_length&quot;:&quot;0&quot;,&quot;iso&quot;:&quot;0&quot;,&quot;shutter_speed&quot;:&quot;0&quot;,&quot;title&quot;:&quot;&quot;,&quot;orientation&quot;:&quot;0&quot;}\" data-image-title=\"682407575_10164890727695645_6966280847052938787_n\" data-image-description=\"\" data-image-caption=\"\" data-medium-file=\"https:\/\/sosuaonline.net\/inicio\/wp-content\/uploads\/2026\/04\/682407575_10164890727695645_6966280847052938787_n-225x300.jpg\" data-large-file=\"https:\/\/sosuaonline.net\/inicio\/wp-content\/uploads\/2026\/04\/682407575_10164890727695645_6966280847052938787_n-768x1024.jpg\" \/><\/a>\n\t\t\t<\/dt><\/dl><br style=\"clear: both\" \/><dl class='gallery-item'>\n\t\t\t<dt class='gallery-icon landscape'>\n\t\t\t\t<a href='https:\/\/sosuaonline.net\/inicio\/wp-content\/uploads\/2026\/04\/682414331_10164890727585645_7006913880909632359_n.jpg'><img loading=\"lazy\" decoding=\"async\" width=\"150\" height=\"150\" src=\"https:\/\/sosuaonline.net\/inicio\/wp-content\/uploads\/2026\/04\/682414331_10164890727585645_7006913880909632359_n-150x150.jpg\" class=\"attachment-thumbnail size-thumbnail\" alt=\"\" data-attachment-id=\"111697\" data-permalink=\"https:\/\/sosuaonline.net\/inicio\/presidente-abinader-entrega-obras-de-renovacion-de-la-playa-sosua-y-su-plaza-de-vendedores\/682414331_10164890727585645_7006913880909632359_n\/\" data-orig-file=\"https:\/\/sosuaonline.net\/inicio\/wp-content\/uploads\/2026\/04\/682414331_10164890727585645_7006913880909632359_n.jpg\" data-orig-size=\"1800,1201\" data-comments-opened=\"0\" data-image-meta=\"{&quot;aperture&quot;:&quot;0&quot;,&quot;credit&quot;:&quot;&quot;,&quot;camera&quot;:&quot;&quot;,&quot;caption&quot;:&quot;&quot;,&quot;created_timestamp&quot;:&quot;0&quot;,&quot;copyright&quot;:&quot;&quot;,&quot;focal_length&quot;:&quot;0&quot;,&quot;iso&quot;:&quot;0&quot;,&quot;shutter_speed&quot;:&quot;0&quot;,&quot;title&quot;:&quot;&quot;,&quot;orientation&quot;:&quot;0&quot;}\" data-image-title=\"682414331_10164890727585645_7006913880909632359_n\" data-image-description=\"\" data-image-caption=\"\" data-medium-file=\"https:\/\/sosuaonline.net\/inicio\/wp-content\/uploads\/2026\/04\/682414331_10164890727585645_7006913880909632359_n-300x200.jpg\" data-large-file=\"https:\/\/sosuaonline.net\/inicio\/wp-content\/uploads\/2026\/04\/682414331_10164890727585645_7006913880909632359_n-1024x683.jpg\" \/><\/a>\n\t\t\t<\/dt><\/dl><dl class='gallery-item'>\n\t\t\t<dt class='gallery-icon landscape'>\n\t\t\t\t<a href='https:\/\/sosuaonline.net\/inicio\/wp-content\/uploads\/2026\/04\/682512383_26784872011141676_1098101240415677943_n.jpg'><img loading=\"lazy\" decoding=\"async\" width=\"150\" height=\"150\" src=\"https:\/\/sosuaonline.net\/inicio\/wp-content\/uploads\/2026\/04\/682512383_26784872011141676_1098101240415677943_n-150x150.jpg\" class=\"attachment-thumbnail size-thumbnail\" alt=\"\" data-attachment-id=\"111698\" data-permalink=\"https:\/\/sosuaonline.net\/inicio\/presidente-abinader-entrega-obras-de-renovacion-de-la-playa-sosua-y-su-plaza-de-vendedores\/682512383_26784872011141676_1098101240415677943_n\/\" data-orig-file=\"https:\/\/sosuaonline.net\/inicio\/wp-content\/uploads\/2026\/04\/682512383_26784872011141676_1098101240415677943_n.jpg\" data-orig-size=\"2048,1536\" data-comments-opened=\"0\" data-image-meta=\"{&quot;aperture&quot;:&quot;0&quot;,&quot;credit&quot;:&quot;&quot;,&quot;camera&quot;:&quot;&quot;,&quot;caption&quot;:&quot;&quot;,&quot;created_timestamp&quot;:&quot;0&quot;,&quot;copyright&quot;:&quot;&quot;,&quot;focal_length&quot;:&quot;0&quot;,&quot;iso&quot;:&quot;0&quot;,&quot;shutter_speed&quot;:&quot;0&quot;,&quot;title&quot;:&quot;&quot;,&quot;orientation&quot;:&quot;0&quot;}\" data-image-title=\"682512383_26784872011141676_1098101240415677943_n\" data-image-description=\"\" data-image-caption=\"\" data-medium-file=\"https:\/\/sosuaonline.net\/inicio\/wp-content\/uploads\/2026\/04\/682512383_26784872011141676_1098101240415677943_n-300x225.jpg\" data-large-file=\"https:\/\/sosuaonline.net\/inicio\/wp-content\/uploads\/2026\/04\/682512383_26784872011141676_1098101240415677943_n-1024x768.jpg\" \/><\/a>\n\t\t\t<\/dt><\/dl><dl class='gallery-item'>\n\t\t\t<dt class='gallery-icon landscape'>\n\t\t\t\t<a href='https:\/\/sosuaonline.net\/inicio\/wp-content\/uploads\/2026\/04\/682533143_18581276104056991_427574055362928906_n.jpg'><img loading=\"lazy\" decoding=\"async\" width=\"150\" height=\"150\" src=\"https:\/\/sosuaonline.net\/inicio\/wp-content\/uploads\/2026\/04\/682533143_18581276104056991_427574055362928906_n-150x150.jpg\" class=\"attachment-thumbnail size-thumbnail\" alt=\"\" data-attachment-id=\"111699\" data-permalink=\"https:\/\/sosuaonline.net\/inicio\/presidente-abinader-entrega-obras-de-renovacion-de-la-playa-sosua-y-su-plaza-de-vendedores\/682533143_18581276104056991_427574055362928906_n\/\" data-orig-file=\"https:\/\/sosuaonline.net\/inicio\/wp-content\/uploads\/2026\/04\/682533143_18581276104056991_427574055362928906_n.jpg\" data-orig-size=\"1440,1080\" data-comments-opened=\"0\" data-image-meta=\"{&quot;aperture&quot;:&quot;0&quot;,&quot;credit&quot;:&quot;&quot;,&quot;camera&quot;:&quot;&quot;,&quot;caption&quot;:&quot;&quot;,&quot;created_timestamp&quot;:&quot;0&quot;,&quot;copyright&quot;:&quot;&quot;,&quot;focal_length&quot;:&quot;0&quot;,&quot;iso&quot;:&quot;0&quot;,&quot;shutter_speed&quot;:&quot;0&quot;,&quot;title&quot;:&quot;&quot;,&quot;orientation&quot;:&quot;0&quot;}\" data-image-title=\"682533143_18581276104056991_427574055362928906_n\" data-image-description=\"\" data-image-caption=\"\" data-medium-file=\"https:\/\/sosuaonline.net\/inicio\/wp-content\/uploads\/2026\/04\/682533143_18581276104056991_427574055362928906_n-300x225.jpg\" data-large-file=\"https:\/\/sosuaonline.net\/inicio\/wp-content\/uploads\/2026\/04\/682533143_18581276104056991_427574055362928906_n-1024x768.jpg\" \/><\/a>\n\t\t\t<\/dt><\/dl><br style=\"clear: both\" \/><dl class='gallery-item'>\n\t\t\t<dt class='gallery-icon landscape'>\n\t\t\t\t<a href='https:\/\/sosuaonline.net\/inicio\/wp-content\/uploads\/2026\/04\/683167628_10164890727785645_5426622365116928571_n.jpg'><img loading=\"lazy\" decoding=\"async\" width=\"150\" height=\"150\" src=\"https:\/\/sosuaonline.net\/inicio\/wp-content\/uploads\/2026\/04\/683167628_10164890727785645_5426622365116928571_n-150x150.jpg\" class=\"attachment-thumbnail size-thumbnail\" alt=\"\" data-attachment-id=\"111700\" data-permalink=\"https:\/\/sosuaonline.net\/inicio\/presidente-abinader-entrega-obras-de-renovacion-de-la-playa-sosua-y-su-plaza-de-vendedores\/683167628_10164890727785645_5426622365116928571_n\/\" data-orig-file=\"https:\/\/sosuaonline.net\/inicio\/wp-content\/uploads\/2026\/04\/683167628_10164890727785645_5426622365116928571_n.jpg\" data-orig-size=\"1800,1201\" data-comments-opened=\"0\" data-image-meta=\"{&quot;aperture&quot;:&quot;0&quot;,&quot;credit&quot;:&quot;&quot;,&quot;camera&quot;:&quot;&quot;,&quot;caption&quot;:&quot;&quot;,&quot;created_timestamp&quot;:&quot;0&quot;,&quot;copyright&quot;:&quot;&quot;,&quot;focal_length&quot;:&quot;0&quot;,&quot;iso&quot;:&quot;0&quot;,&quot;shutter_speed&quot;:&quot;0&quot;,&quot;title&quot;:&quot;&quot;,&quot;orientation&quot;:&quot;0&quot;}\" data-image-title=\"683167628_10164890727785645_5426622365116928571_n\" data-image-description=\"\" data-image-caption=\"\" data-medium-file=\"https:\/\/sosuaonline.net\/inicio\/wp-content\/uploads\/2026\/04\/683167628_10164890727785645_5426622365116928571_n-300x200.jpg\" data-large-file=\"https:\/\/sosuaonline.net\/inicio\/wp-content\/uploads\/2026\/04\/683167628_10164890727785645_5426622365116928571_n-1024x683.jpg\" \/><\/a>\n\t\t\t<\/dt><\/dl><dl class='gallery-item'>\n\t\t\t<dt class='gallery-icon landscape'>\n\t\t\t\t<a href='https:\/\/sosuaonline.net\/inicio\/wp-content\/uploads\/2026\/04\/683433125_10164890727720645_3774403473592202445_n.jpg'><img loading=\"lazy\" decoding=\"async\" width=\"150\" height=\"150\" src=\"https:\/\/sosuaonline.net\/inicio\/wp-content\/uploads\/2026\/04\/683433125_10164890727720645_3774403473592202445_n-150x150.jpg\" class=\"attachment-thumbnail size-thumbnail\" alt=\"\" data-attachment-id=\"111701\" data-permalink=\"https:\/\/sosuaonline.net\/inicio\/presidente-abinader-entrega-obras-de-renovacion-de-la-playa-sosua-y-su-plaza-de-vendedores\/683433125_10164890727720645_3774403473592202445_n\/\" data-orig-file=\"https:\/\/sosuaonline.net\/inicio\/wp-content\/uploads\/2026\/04\/683433125_10164890727720645_3774403473592202445_n.jpg\" data-orig-size=\"1800,1201\" data-comments-opened=\"0\" data-image-meta=\"{&quot;aperture&quot;:&quot;0&quot;,&quot;credit&quot;:&quot;&quot;,&quot;camera&quot;:&quot;&quot;,&quot;caption&quot;:&quot;&quot;,&quot;created_timestamp&quot;:&quot;0&quot;,&quot;copyright&quot;:&quot;&quot;,&quot;focal_length&quot;:&quot;0&quot;,&quot;iso&quot;:&quot;0&quot;,&quot;shutter_speed&quot;:&quot;0&quot;,&quot;title&quot;:&quot;&quot;,&quot;orientation&quot;:&quot;0&quot;}\" data-image-title=\"683433125_10164890727720645_3774403473592202445_n\" data-image-description=\"\" data-image-caption=\"\" data-medium-file=\"https:\/\/sosuaonline.net\/inicio\/wp-content\/uploads\/2026\/04\/683433125_10164890727720645_3774403473592202445_n-300x200.jpg\" data-large-file=\"https:\/\/sosuaonline.net\/inicio\/wp-content\/uploads\/2026\/04\/683433125_10164890727720645_3774403473592202445_n-1024x683.jpg\" \/><\/a>\n\t\t\t<\/dt><\/dl><dl class='gallery-item'>\n\t\t\t<dt class='gallery-icon landscape'>\n\t\t\t\t<a href='https:\/\/sosuaonline.net\/inicio\/wp-content\/uploads\/2026\/04\/683576651_26784871611141716_3948538857562738432_n.jpg'><img loading=\"lazy\" decoding=\"async\" width=\"150\" height=\"150\" src=\"https:\/\/sosuaonline.net\/inicio\/wp-content\/uploads\/2026\/04\/683576651_26784871611141716_3948538857562738432_n-150x150.jpg\" class=\"attachment-thumbnail size-thumbnail\" alt=\"\" data-attachment-id=\"111702\" data-permalink=\"https:\/\/sosuaonline.net\/inicio\/presidente-abinader-entrega-obras-de-renovacion-de-la-playa-sosua-y-su-plaza-de-vendedores\/683576651_26784871611141716_3948538857562738432_n\/\" data-orig-file=\"https:\/\/sosuaonline.net\/inicio\/wp-content\/uploads\/2026\/04\/683576651_26784871611141716_3948538857562738432_n.jpg\" data-orig-size=\"2048,1536\" data-comments-opened=\"0\" data-image-meta=\"{&quot;aperture&quot;:&quot;0&quot;,&quot;credit&quot;:&quot;&quot;,&quot;camera&quot;:&quot;&quot;,&quot;caption&quot;:&quot;&quot;,&quot;created_timestamp&quot;:&quot;0&quot;,&quot;copyright&quot;:&quot;&quot;,&quot;focal_length&quot;:&quot;0&quot;,&quot;iso&quot;:&quot;0&quot;,&quot;shutter_speed&quot;:&quot;0&quot;,&quot;title&quot;:&quot;&quot;,&quot;orientation&quot;:&quot;0&quot;}\" data-image-title=\"683576651_26784871611141716_3948538857562738432_n\" data-image-description=\"\" data-image-caption=\"\" data-medium-file=\"https:\/\/sosuaonline.net\/inicio\/wp-content\/uploads\/2026\/04\/683576651_26784871611141716_3948538857562738432_n-300x225.jpg\" data-large-file=\"https:\/\/sosuaonline.net\/inicio\/wp-content\/uploads\/2026\/04\/683576651_26784871611141716_3948538857562738432_n-1024x768.jpg\" \/><\/a>\n\t\t\t<\/dt><\/dl><br style=\"clear: both\" \/><dl class='gallery-item'>\n\t\t\t<dt class='gallery-icon landscape'>\n\t\t\t\t<a href='https:\/\/sosuaonline.net\/inicio\/wp-content\/uploads\/2026\/04\/INAUGURACION-PLAZA1-1.jpg'><img loading=\"lazy\" decoding=\"async\" width=\"150\" height=\"150\" src=\"https:\/\/sosuaonline.net\/inicio\/wp-content\/uploads\/2026\/04\/INAUGURACION-PLAZA1-1-150x150.jpg\" class=\"attachment-thumbnail size-thumbnail\" alt=\"\" data-attachment-id=\"111703\" data-permalink=\"https:\/\/sosuaonline.net\/inicio\/presidente-abinader-entrega-obras-de-renovacion-de-la-playa-sosua-y-su-plaza-de-vendedores\/inauguracion-plaza1-2\/\" data-orig-file=\"https:\/\/sosuaonline.net\/inicio\/wp-content\/uploads\/2026\/04\/INAUGURACION-PLAZA1-1.jpg\" data-orig-size=\"1093,550\" data-comments-opened=\"0\" data-image-meta=\"{&quot;aperture&quot;:&quot;0&quot;,&quot;credit&quot;:&quot;Anderson Martinez&quot;,&quot;camera&quot;:&quot;&quot;,&quot;caption&quot;:&quot;&quot;,&quot;created_timestamp&quot;:&quot;1777332906&quot;,&quot;copyright&quot;:&quot;&quot;,&quot;focal_length&quot;:&quot;0&quot;,&quot;iso&quot;:&quot;0&quot;,&quot;shutter_speed&quot;:&quot;0&quot;,&quot;title&quot;:&quot;&quot;,&quot;orientation&quot;:&quot;0&quot;}\" data-image-title=\"INAUGURACION PLAZA1\" data-image-description=\"\" data-image-caption=\"\" data-medium-file=\"https:\/\/sosuaonline.net\/inicio\/wp-content\/uploads\/2026\/04\/INAUGURACION-PLAZA1-1-300x151.jpg\" data-large-file=\"https:\/\/sosuaonline.net\/inicio\/wp-content\/uploads\/2026\/04\/INAUGURACION-PLAZA1-1-1024x515.jpg\" \/><\/a>\n\t\t\t<\/dt><\/dl><dl class='gallery-item'>\n\t\t\t<dt class='gallery-icon landscape'>\n\t\t\t\t<a href='https:\/\/sosuaonline.net\/inicio\/wp-content\/uploads\/2026\/04\/INAUGURACION-PLAZA2.jpg'><img loading=\"lazy\" decoding=\"async\" width=\"150\" height=\"150\" src=\"https:\/\/sosuaonline.net\/inicio\/wp-content\/uploads\/2026\/04\/INAUGURACION-PLAZA2-150x150.jpg\" class=\"attachment-thumbnail size-thumbnail\" alt=\"\" data-attachment-id=\"111704\" data-permalink=\"https:\/\/sosuaonline.net\/inicio\/presidente-abinader-entrega-obras-de-renovacion-de-la-playa-sosua-y-su-plaza-de-vendedores\/inauguracion-plaza2\/\" data-orig-file=\"https:\/\/sosuaonline.net\/inicio\/wp-content\/uploads\/2026\/04\/INAUGURACION-PLAZA2.jpg\" data-orig-size=\"1502,888\" data-comments-opened=\"0\" data-image-meta=\"{&quot;aperture&quot;:&quot;0&quot;,&quot;credit&quot;:&quot;Anderson Martinez&quot;,&quot;camera&quot;:&quot;&quot;,&quot;caption&quot;:&quot;&quot;,&quot;created_timestamp&quot;:&quot;1777332996&quot;,&quot;copyright&quot;:&quot;&quot;,&quot;focal_length&quot;:&quot;0&quot;,&quot;iso&quot;:&quot;0&quot;,&quot;shutter_speed&quot;:&quot;0&quot;,&quot;title&quot;:&quot;&quot;,&quot;orientation&quot;:&quot;0&quot;}\" data-image-title=\"INAUGURACION PLAZA2\" data-image-description=\"\" data-image-caption=\"\" data-medium-file=\"https:\/\/sosuaonline.net\/inicio\/wp-content\/uploads\/2026\/04\/INAUGURACION-PLAZA2-300x177.jpg\" data-large-file=\"https:\/\/sosuaonline.net\/inicio\/wp-content\/uploads\/2026\/04\/INAUGURACION-PLAZA2-1024x605.jpg\" \/><\/a>\n\t\t\t<\/dt><\/dl><dl class='gallery-item'>\n\t\t\t<dt class='gallery-icon landscape'>\n\t\t\t\t<a href='https:\/\/sosuaonline.net\/inicio\/wp-content\/uploads\/2026\/04\/INAUGURACION-PLAZA3.jpg'><img loading=\"lazy\" decoding=\"async\" width=\"150\" height=\"150\" src=\"https:\/\/sosuaonline.net\/inicio\/wp-content\/uploads\/2026\/04\/INAUGURACION-PLAZA3-150x150.jpg\" class=\"attachment-thumbnail size-thumbnail\" alt=\"\" data-attachment-id=\"111705\" data-permalink=\"https:\/\/sosuaonline.net\/inicio\/presidente-abinader-entrega-obras-de-renovacion-de-la-playa-sosua-y-su-plaza-de-vendedores\/inauguracion-plaza3\/\" data-orig-file=\"https:\/\/sosuaonline.net\/inicio\/wp-content\/uploads\/2026\/04\/INAUGURACION-PLAZA3.jpg\" data-orig-size=\"1493,925\" data-comments-opened=\"0\" data-image-meta=\"{&quot;aperture&quot;:&quot;0&quot;,&quot;credit&quot;:&quot;Anderson Martinez&quot;,&quot;camera&quot;:&quot;&quot;,&quot;caption&quot;:&quot;&quot;,&quot;created_timestamp&quot;:&quot;1777333045&quot;,&quot;copyright&quot;:&quot;&quot;,&quot;focal_length&quot;:&quot;0&quot;,&quot;iso&quot;:&quot;0&quot;,&quot;shutter_speed&quot;:&quot;0&quot;,&quot;title&quot;:&quot;&quot;,&quot;orientation&quot;:&quot;0&quot;}\" data-image-title=\"INAUGURACION PLAZA3\" data-image-description=\"\" data-image-caption=\"\" data-medium-file=\"https:\/\/sosuaonline.net\/inicio\/wp-content\/uploads\/2026\/04\/INAUGURACION-PLAZA3-300x186.jpg\" data-large-file=\"https:\/\/sosuaonline.net\/inicio\/wp-content\/uploads\/2026\/04\/INAUGURACION-PLAZA3-1024x634.jpg\" \/><\/a>\n\t\t\t<\/dt><\/dl><br style=\"clear: both\" \/><dl class='gallery-item'>\n\t\t\t<dt class='gallery-icon landscape'>\n\t\t\t\t<a href='https:\/\/sosuaonline.net\/inicio\/wp-content\/uploads\/2026\/04\/INAUGURACION-PLAZA4.jpg'><img loading=\"lazy\" decoding=\"async\" width=\"150\" height=\"150\" src=\"https:\/\/sosuaonline.net\/inicio\/wp-content\/uploads\/2026\/04\/INAUGURACION-PLAZA4-150x150.jpg\" class=\"attachment-thumbnail size-thumbnail\" alt=\"\" data-attachment-id=\"111706\" data-permalink=\"https:\/\/sosuaonline.net\/inicio\/presidente-abinader-entrega-obras-de-renovacion-de-la-playa-sosua-y-su-plaza-de-vendedores\/inauguracion-plaza4\/\" data-orig-file=\"https:\/\/sosuaonline.net\/inicio\/wp-content\/uploads\/2026\/04\/INAUGURACION-PLAZA4.jpg\" data-orig-size=\"1485,926\" data-comments-opened=\"0\" data-image-meta=\"{&quot;aperture&quot;:&quot;0&quot;,&quot;credit&quot;:&quot;Anderson Martinez&quot;,&quot;camera&quot;:&quot;&quot;,&quot;caption&quot;:&quot;&quot;,&quot;created_timestamp&quot;:&quot;1777333086&quot;,&quot;copyright&quot;:&quot;&quot;,&quot;focal_length&quot;:&quot;0&quot;,&quot;iso&quot;:&quot;0&quot;,&quot;shutter_speed&quot;:&quot;0&quot;,&quot;title&quot;:&quot;&quot;,&quot;orientation&quot;:&quot;0&quot;}\" data-image-title=\"INAUGURACION PLAZA4\" data-image-description=\"\" data-image-caption=\"\" data-medium-file=\"https:\/\/sosuaonline.net\/inicio\/wp-content\/uploads\/2026\/04\/INAUGURACION-PLAZA4-300x187.jpg\" data-large-file=\"https:\/\/sosuaonline.net\/inicio\/wp-content\/uploads\/2026\/04\/INAUGURACION-PLAZA4-1024x639.jpg\" \/><\/a>\n\t\t\t<\/dt><\/dl><dl class='gallery-item'>\n\t\t\t<dt class='gallery-icon landscape'>\n\t\t\t\t<a href='https:\/\/sosuaonline.net\/inicio\/wp-content\/uploads\/2026\/04\/INAUGURACION-PLAZA5-1.jpg'><img loading=\"lazy\" decoding=\"async\" width=\"150\" height=\"150\" src=\"https:\/\/sosuaonline.net\/inicio\/wp-content\/uploads\/2026\/04\/INAUGURACION-PLAZA5-1-150x150.jpg\" class=\"attachment-thumbnail size-thumbnail\" alt=\"\" data-attachment-id=\"111707\" data-permalink=\"https:\/\/sosuaonline.net\/inicio\/presidente-abinader-entrega-obras-de-renovacion-de-la-playa-sosua-y-su-plaza-de-vendedores\/inauguracion-plaza5-2\/\" data-orig-file=\"https:\/\/sosuaonline.net\/inicio\/wp-content\/uploads\/2026\/04\/INAUGURACION-PLAZA5-1.jpg\" data-orig-size=\"1800,1201\" data-comments-opened=\"0\" data-image-meta=\"{&quot;aperture&quot;:&quot;0&quot;,&quot;credit&quot;:&quot;&quot;,&quot;camera&quot;:&quot;&quot;,&quot;caption&quot;:&quot;&quot;,&quot;created_timestamp&quot;:&quot;0&quot;,&quot;copyright&quot;:&quot;&quot;,&quot;focal_length&quot;:&quot;0&quot;,&quot;iso&quot;:&quot;0&quot;,&quot;shutter_speed&quot;:&quot;0&quot;,&quot;title&quot;:&quot;&quot;,&quot;orientation&quot;:&quot;0&quot;}\" data-image-title=\"INAUGURACION PLAZA5\" data-image-description=\"\" data-image-caption=\"\" data-medium-file=\"https:\/\/sosuaonline.net\/inicio\/wp-content\/uploads\/2026\/04\/INAUGURACION-PLAZA5-1-300x200.jpg\" data-large-file=\"https:\/\/sosuaonline.net\/inicio\/wp-content\/uploads\/2026\/04\/INAUGURACION-PLAZA5-1-1024x683.jpg\" \/><\/a>\n\t\t\t<\/dt><\/dl><dl class='gallery-item'>\n\t\t\t<dt class='gallery-icon landscape'>\n\t\t\t\t<a href='https:\/\/sosuaonline.net\/inicio\/wp-content\/uploads\/2026\/04\/INAUGURACION-PLAZA6.jpg'><img loading=\"lazy\" decoding=\"async\" width=\"150\" height=\"150\" src=\"https:\/\/sosuaonline.net\/inicio\/wp-content\/uploads\/2026\/04\/INAUGURACION-PLAZA6-150x150.jpg\" class=\"attachment-thumbnail size-thumbnail\" alt=\"\" data-attachment-id=\"111708\" data-permalink=\"https:\/\/sosuaonline.net\/inicio\/presidente-abinader-entrega-obras-de-renovacion-de-la-playa-sosua-y-su-plaza-de-vendedores\/inauguracion-plaza6\/\" data-orig-file=\"https:\/\/sosuaonline.net\/inicio\/wp-content\/uploads\/2026\/04\/INAUGURACION-PLAZA6.jpg\" data-orig-size=\"1800,1201\" data-comments-opened=\"0\" data-image-meta=\"{&quot;aperture&quot;:&quot;0&quot;,&quot;credit&quot;:&quot;&quot;,&quot;camera&quot;:&quot;&quot;,&quot;caption&quot;:&quot;&quot;,&quot;created_timestamp&quot;:&quot;0&quot;,&quot;copyright&quot;:&quot;&quot;,&quot;focal_length&quot;:&quot;0&quot;,&quot;iso&quot;:&quot;0&quot;,&quot;shutter_speed&quot;:&quot;0&quot;,&quot;title&quot;:&quot;&quot;,&quot;orientation&quot;:&quot;0&quot;}\" data-image-title=\"INAUGURACION PLAZA6\" data-image-description=\"\" data-image-caption=\"\" data-medium-file=\"https:\/\/sosuaonline.net\/inicio\/wp-content\/uploads\/2026\/04\/INAUGURACION-PLAZA6-300x200.jpg\" data-large-file=\"https:\/\/sosuaonline.net\/inicio\/wp-content\/uploads\/2026\/04\/INAUGURACION-PLAZA6-1024x683.jpg\" \/><\/a>\n\t\t\t<\/dt><\/dl><br style=\"clear: both\" \/>\n\t\t<\/div>\n\n<p><strong>Cumplimiento de un proyecto anhelado por d\u00e9cadas<\/strong><\/p>\n<p>Por su parte, el ministro de la Presidencia, <strong>Jos\u00e9 Ignacio Paliza<\/strong>, destac\u00f3 el valor\u00a0<strong>hist\u00f3rico y emocional<\/strong>\u00a0de playa\u00a0Sos\u00faa, resaltando que este destino ha sido parte esencial de la vida y los recuerdos de generaciones de dominicanos. Asimismo, reconoci\u00f3 la dedicaci\u00f3n de los hombres y mujeres que han mantenido viva su actividad y esencia a lo largo del tiempo.<\/p>\n<p>Afirm\u00f3 que el relanzamiento representa el cumplimiento de un proyecto anhelado por d\u00e9cadas, logrado gracias al impulso del\u00a0<strong>gobierno del presidente Luis\u00a0<\/strong><strong>Abinader<\/strong>\u00a0y al trabajo coordinado con el ministro de Turismo,\u00a0<strong>David Collado,<\/strong>\u00a0quienes apostaron por devolverle a\u00a0Sos\u00faa\u00a0su esplendor mediante una intervenci\u00f3n\u00a0<strong>planificada y sostenible<\/strong>.<\/p>\n<p>Paliza defini\u00f3 esta transformaci\u00f3n como un renacer y un reencuentro para el pa\u00eds, subrayando que\u00a0Sos\u00faa\u00a0reafirma su identidad como\u00a0<strong>punto de encuentro de culturas y destino emblem\u00e1tico,<\/strong>\u00a0celebrando este momento como el regreso al\u00a0Sos\u00faa\u00a0so\u00f1ado por toda la comunidad y por quienes visitan este importante polo tur\u00edstico.<\/p>\n<p><strong>Turismo m\u00e1s inclusivo y ordenado<\/strong><\/p>\n<p>El ministro de Turismo,\u00a0<strong>David Collado,<\/strong>\u00a0afirm\u00f3 que el relanzamiento de\u00a0Sos\u00faa\u00a0responde a una visi\u00f3n de rescatar espacios p\u00fablicos y ponerlos al servicio de la gente, promoviendo un\u00a0<strong>turismo m\u00e1s inclusivo y ordenado.<\/strong><\/p>\n<p>Destac\u00f3 que el proyecto, con una inversi\u00f3n cercana a los\u00a0<strong>10 millones de d\u00f3lares,<\/strong>\u00a0equivalentes a unos\u00a0<strong>RD 568 millones<\/strong>, permiti\u00f3 recuperar el entorno, dignificar a los vendedores y fortalecer la oferta tur\u00edstica, garantizando\u00a0<strong>mejores condiciones y oportunidades<\/strong>\u00a0para quienes dependen de esta actividad.<\/p>\n<p>Indic\u00f3 que estas acciones forman parte de un plan nacional que ha impactado playas y malecones en todo el pa\u00eds, con m\u00e1s de <strong>RD 2,000 millones<\/strong>\u00a0invertidos en\u00a0<strong>Puerto Plata,\u00a0<\/strong>como parte del compromiso con el desarrollo del destino.<\/p>\n<p>Asimismo, asegur\u00f3 que la Rep\u00fablica Dominicana vive un\u00a0<strong>momento hist\u00f3rico en turismo,\u00a0<\/strong>con cifras r\u00e9cord de visitantes y nuevas rutas a\u00e9reas, respaldadas por la estabilidad y la\u00a0<strong>alianza p\u00fablico-privada.<\/strong><\/p>\n<p>El proyecto incorpora\u00a0<strong>79 locales comerciales<\/strong>: 57 destinados a la preparaci\u00f3n y venta de alimentos, 16 a la comercializaci\u00f3n de artesan\u00eda y regalos, adem\u00e1s de 2 bares y 4 quioscos, buscando\u00a0<strong>diversificar la experiencia<\/strong>\u00a0<strong>del visitante<\/strong>\u00a0y fortalecer la econom\u00eda local.<\/p>\n<p>Adem\u00e1s de la oferta comercial, incluye un parque comunitario, gimnasio al aire libre, ba\u00f1os p\u00fablicos y \u00e1reas de esparcimiento, promoviendo su uso tanto por residentes como por visitantes.<\/p>\n<p>Los locales\u00a0<strong>fueron entregados equipados<\/strong>\u00a0con estufas, refrigeradores, extractores y fregaderos, mientras que las \u00e1reas comunes cuentan con mobiliario urbano, sistemas de seguridad y manejo de desechos, garantizando\u00a0<strong>condiciones \u00f3ptimas de operaci\u00f3n y sostenibilidad.<\/strong><\/p>\n<p>Representantes de la asociaci\u00f3n de vendedores valoraron la ejecuci\u00f3n de la obra, destacando su impacto positivo en la\u00a0<strong>organizaci\u00f3n del comercio y el desarrollo tur\u00edstico,\u00a0<\/strong>as\u00ed como la\u00a0<strong>transparencia del proceso.<\/strong><\/p>\n<p><strong>Entrega de reconocimiento<\/strong><\/p>\n<p>La\u00a0<strong>Asociaci\u00f3n de Playa\u00a0<\/strong><strong>Sos\u00faa<\/strong>\u00a0otorg\u00f3 un reconocimiento al presidente Luis\u00a0Abinader, destacando su\u00a0<strong>compromiso y visi\u00f3n<\/strong>\u00a0para el desarrollo del destino tur\u00edstico.<\/p>\n<p>Seg\u00fan el texto de la placa, la distinci\u00f3n resalta el impulso a la construcci\u00f3n de una nueva plaza destinada a los trabajadores playeros, as\u00ed como las acciones orientadas a fortalecer el\u00a0<strong>turismo, la econom\u00eda local y el bienestar<\/strong>\u00a0de las familias de\u00a0Sos\u00faa.<\/p>\n<p>El reconocimiento tambi\u00e9n expresa que estas iniciativas dejan una huella significativa en el\u00a0<strong>progreso y la dignidad<\/strong>\u00a0de la comunidad, valorando el\u00a0<strong>impacto social\u00a0<\/strong>de las obras ejecutadas en la zona.<\/p>\n<p>La entrega fue realizada como muestra de gratitud y respeto por los\u00a0<strong>aportes realizados\u00a0<\/strong>en favor del desarrollo integral del destino.<\/p>\n<p>Estuvieron presentes en el acto la gobernadora <strong>Claritza\u00a0<\/strong><strong>Rochtte<\/strong><strong>\u00a0Peralta<\/strong>; la senadora\u00a0<strong>Ginette<\/strong><strong>\u00a0<\/strong><strong>Bournigal<\/strong>; el alcalde\u00a0<strong>Wilfredo\u00a0<\/strong><strong>Olivences<\/strong>; el presidente de la Direcci\u00f3n Nacional de Control de Drogas (DNCD),\u00a0<strong>vicealmirante Jos\u00e9 Manuel Cabrera Ulloa<\/strong>; el director de la Polic\u00eda Tur\u00edstica (Politur),\u00a0<strong>general\u00a0<\/strong><strong>Minoru<\/strong><strong>\u00a0<\/strong><strong>Matsunaga<\/strong>; la fiscal\u00a0<strong>Hilda Patricia\u00a0<\/strong><strong>Lagombra<\/strong><strong>\u00a0Polanco<\/strong>; el alcalde de San Felipe de Puerto Plata, <strong>Di\u00f3medes<\/strong><strong>\u00a0Roque<\/strong>, y los diputados\u00a0<strong>Fiordaliza<\/strong><strong>\u00a0Est\u00e9vez, Lidia P\u00e9rez,\u00a0<\/strong><strong>Jhonny<\/strong><strong>\u00a0Medina y Emil Dur\u00e1n<\/strong>, as\u00ed como el pastor\u00a0<strong>Hip\u00f3lito Chalas,\u00a0<\/strong>entre otras personalidades.<\/p>\n<\/div>\n<\/div>\n<p>&nbsp;<\/p>\n<div class=\"article\">\n<div class=\"articleright\">\n<h5 class=\"pic\"><\/h5>\n<\/div>\n<\/div>\n","protected":false},"excerpt":{"rendered":"<p>Sos\u00faa, Puerto Plata.- El presidente Luis\u00a0Abinader\u00a0entreg\u00f3 este lunes las\u00a0obras renovadas\u00a0y la\u00a0nueva plaza de vendedores en Playa Sos\u00faa, marcando el inicio de una transformaci\u00f3n integral orientada a posicionar este destino como\u00a0referente del turismo en la Rep\u00fablica Dominicana, mediante un plan estatal que combina\u00a0inversi\u00f3n, ordenamiento y desarrollo sostenible.<\/p>\n","protected":false},"author":12,"featured_media":111680,"comment_status":"closed","ping_status":"closed","sticky":false,"template":"","format":"standard","meta":{"advanced_seo_description":"","jetpack_seo_html_title":"","jetpack_seo_noindex":false,"_jetpack_memberships_contains_paid_content":false,"footnotes":"","jetpack_publicize_message":"","jetpack_publicize_feature_enabled":true,"jetpack_social_post_already_shared":true,"jetpack_social_options":{"image_generator_settings":{"template":"highway","default_image_id":0,"font":"","enabled":false},"version":2}},"categories":[3,460],"tags":[],"class_list":["post-111678","post","type-post","status-publish","format-standard","has-post-thumbnail","hentry","category-sosua-en-el-mundo","category-turismo-online"],"jetpack_publicize_connections":[],"jetpack_featured_media_url":"https:\/\/sosuaonline.net\/inicio\/wp-content\/uploads\/2026\/04\/INAUGURACION-PLAZA5.jpg","jetpack_sharing_enabled":true,"_links":{"self":[{"href":"https:\/\/sosuaonline.net\/inicio\/wp-json\/wp\/v2\/posts\/111678","targetHints":{"allow":["GET"]}}],"collection":[{"href":"https:\/\/sosuaonline.net\/inicio\/wp-json\/wp\/v2\/posts"}],"about":[{"href":"https:\/\/sosuaonline.net\/inicio\/wp-json\/wp\/v2\/types\/post"}],"author":[{"embeddable":true,"href":"https:\/\/sosuaonline.net\/inicio\/wp-json\/wp\/v2\/users\/12"}],"replies":[{"embeddable":true,"href":"https:\/\/sosuaonline.net\/inicio\/wp-json\/wp\/v2\/comments?post=111678"}],"version-history":[{"count":1,"href":"https:\/\/sosuaonline.net\/inicio\/wp-json\/wp\/v2\/posts\/111678\/revisions"}],"predecessor-version":[{"id":111709,"href":"https:\/\/sosuaonline.net\/inicio\/wp-json\/wp\/v2\/posts\/111678\/revisions\/111709"}],"wp:featuredmedia":[{"embeddable":true,"href":"https:\/\/sosuaonline.net\/inicio\/wp-json\/wp\/v2\/media\/111680"}],"wp:attachment":[{"href":"https:\/\/sosuaonline.net\/inicio\/wp-json\/wp\/v2\/media?parent=111678"}],"wp:term":[{"taxonomy":"category","embeddable":true,"href":"https:\/\/sosuaonline.net\/inicio\/wp-json\/wp\/v2\/categories?post=111678"},{"taxonomy":"post_tag","embeddable":true,"href":"https:\/\/sosuaonline.net\/inicio\/wp-json\/wp\/v2\/tags?post=111678"}],"curies":[{"name":"wp","href":"https:\/\/api.w.org\/{rel}","templated":true}]}}