{"id":111720,"date":"2026-04-28T07:23:23","date_gmt":"2026-04-28T11:23:23","guid":{"rendered":"https:\/\/sosuaonline.net\/inicio\/?p=111720"},"modified":"2026-04-28T07:23:23","modified_gmt":"2026-04-28T11:23:23","slug":"autoridades-articulan-plan-para-frenar-el-caos-en-las-vias-publicas","status":"publish","type":"post","link":"https:\/\/sosuaonline.net\/inicio\/autoridades-articulan-plan-para-frenar-el-caos-en-las-vias-publicas\/","title":{"rendered":"Autoridades articulan plan para frenar el caos en las v\u00edas p\u00fablicas"},"content":{"rendered":"<p id=\"m82087-82086-82088\"><img loading=\"lazy\" decoding=\"async\" data-attachment-id=\"111721\" data-permalink=\"https:\/\/sosuaonline.net\/inicio\/autoridades-articulan-plan-para-frenar-el-caos-en-las-vias-publicas\/69f00b220e0f0\/\" data-orig-file=\"https:\/\/sosuaonline.net\/inicio\/wp-content\/uploads\/2026\/04\/69f00b220e0f0.jpeg\" data-orig-size=\"800,533\" data-comments-opened=\"0\" data-image-meta=\"{&quot;aperture&quot;:&quot;0&quot;,&quot;credit&quot;:&quot;&quot;,&quot;camera&quot;:&quot;&quot;,&quot;caption&quot;:&quot;&quot;,&quot;created_timestamp&quot;:&quot;0&quot;,&quot;copyright&quot;:&quot;&quot;,&quot;focal_length&quot;:&quot;0&quot;,&quot;iso&quot;:&quot;0&quot;,&quot;shutter_speed&quot;:&quot;0&quot;,&quot;title&quot;:&quot;&quot;,&quot;orientation&quot;:&quot;0&quot;}\" data-image-title=\"69f00b220e0f0\" data-image-description=\"\" data-image-caption=\"\" data-medium-file=\"https:\/\/sosuaonline.net\/inicio\/wp-content\/uploads\/2026\/04\/69f00b220e0f0-300x200.jpeg\" data-large-file=\"https:\/\/sosuaonline.net\/inicio\/wp-content\/uploads\/2026\/04\/69f00b220e0f0.jpeg\" class=\" wp-image-111721 alignleft\" src=\"https:\/\/sosuaonline.net\/inicio\/wp-content\/uploads\/2026\/04\/69f00b220e0f0.jpeg\" alt=\"\" width=\"354\" height=\"236\" srcset=\"https:\/\/sosuaonline.net\/inicio\/wp-content\/uploads\/2026\/04\/69f00b220e0f0.jpeg 800w, https:\/\/sosuaonline.net\/inicio\/wp-content\/uploads\/2026\/04\/69f00b220e0f0-300x200.jpeg 300w, https:\/\/sosuaonline.net\/inicio\/wp-content\/uploads\/2026\/04\/69f00b220e0f0-768x512.jpeg 768w\" sizes=\"auto, (max-width: 354px) 100vw, 354px\" \/>La ministra de Interior y Polic\u00eda, Faride Raful, encabez\u00f3 ayer junto a varias autoridades una mesa de trabajo con el prop\u00f3sito de avanzar en un plan de acci\u00f3n integral orientado al ordenamiento del tr\u00e1nsito y la seguridad vial.<\/p>\n<p id=\"m82092-82091-82093\">En la reuni\u00f3n estuvieron presentes la procuradora general, Yeni Berenice; Milton Morrison director del Instituto Nacional de Tr\u00e1nsito y Transporte Terrestre (Intrant); el director de la Direcci\u00f3n General de Seguridad de Tr\u00e1nsito y Transporte Terrestre (Digesett), Pascual Cruz M\u00e9ndez; el director de la Polic\u00eda Nacional, Andr\u00e9s Modesto Cruz Cruz, y el director del Sistema Nacional de Atenci\u00f3n a Emergencias y Seguridad 9-1-1, Randolfo Rijo G\u00f3mez.<\/p>\n<p id=\"m82097-82096-82098\">De acuerdo a declaraciones de la ministra en sus redes sociales, los trabajos constaron en diagn\u00f3stico, levantamiento de brechas y una hoja de ruta con metas medibles.<\/p>\n<p id=\"m82102-82101-82103\">\u201cSeguimos articulando esfuerzos para reducir riesgos, fortalecer el control y garantizar v\u00edas m\u00e1s seguras para todos\u201d, expres\u00f3 Raful a trav\u00e9s de su cuenta de X.<\/p>\n<p id=\"m82107-82106-82108\">Tras la muerte de Deivy Carlos Abreu Quezada, chofer de cami\u00f3n recolector de desechos s\u00f3lidos, a manos de una turba de motoristas, distintas personalidades han propuesto varias medidas para frenar el manejo irresponsable y las imprudencias viales.<\/p>\n<p id=\"m82112-82111-82113\">El presidente de la Central Nacional de Transportistas Unificados, William P\u00e9rez Figuereo, dijo a List\u00edn Diario en d\u00edas anteriores que se necesita reforzar el respeto a las normas de tr\u00e1nsito y endurecer las sanciones contra quienes las violan.<\/p>\n<p id=\"m82117-82116-82118\">P\u00e9rez Figuereo se\u00f1al\u00f3 que uno de los principales problemas puede deberse al deterioro mec\u00e1nico de los veh\u00edculos y la falta de controles efectivos.<\/p>\n<p id=\"m82122-82121-82123\">\u201cNo es posible que cada dominicano ande en un veh\u00edculo haciendo lo que quiera y atraves\u00e1ndose, rebasando por los carriles que quieran, en las condiciones que quieran, porque por ah\u00ed comienza la cosa. Tambi\u00e9n hay que poner atenci\u00f3n a las condiciones de los veh\u00edculos\u201d, se\u00f1al\u00f3 a periodistas de este diario.<\/p>\n<p id=\"m82127-82126-82128\">De igual forma, el dirigente sindical y abogado Mario D\u00edaz, se mostr\u00f3 a favor de iniciar de inmediato la aplicaci\u00f3n de la inspecci\u00f3n t\u00e9cnica vehicular, tal como lo establece la Ley de Tr\u00e1nsito de la Rep\u00fablica Dominicana, a todos los veh\u00edculos que integran el parque vehicular nacional.<\/p>\n<p id=\"m82132-82131-82133\">D\u00edaz sostuvo que esta medida debe ir acompa\u00f1ada de la prohibici\u00f3n por tiempo indefinido de la importaci\u00f3n de motocicletas, as\u00ed como del establecimiento de controles m\u00e1s rigurosos sobre el parque existente, a fin de garantizar su adecuada regulaci\u00f3n, registro y fiscalizaci\u00f3n.<\/p>\n<p id=\"m82137-82136-82138\">En su Editorial del pasado mi\u00e9rcoles 22 de abril del a\u00f1o en curso, titulado \u201cLa misma imprudencia, el mismo caos\u201d el peri\u00f3dico List\u00edn Diario, describi\u00f3 una serie de accidentes que han ocurrido en distintos puntos del pa\u00eds, los cuales han dejado decenas de muertes y heridos.<\/p>\n<p id=\"m82142-82141-82143\">\u201cSi de manejo temerario se trata, los conductores de autobuses rivalizan con los motoconchistas, ya que usan carriles a la libre, irrespetan los l\u00edmites de velocidad y circulan con luces rotas, neum\u00e1ticos desgastados o visibles defectos\u201d, se\u00f1ala el Editorial.<\/p>\n","protected":false},"excerpt":{"rendered":"<p>La ministra de Interior y Polic\u00eda, Faride Raful, encabez\u00f3 ayer junto a varias autoridades una mesa de trabajo con el prop\u00f3sito de avanzar en un plan de acci\u00f3n integral orientado al ordenamiento del tr\u00e1nsito y la seguridad vial. En la reuni\u00f3n estuvieron presentes la procuradora general, Yeni Berenice; Milton Morrison director del Instituto Nacional de Tr\u00e1nsito y Transporte Terrestre (Intrant); el director de la Direcci\u00f3n General de Seguridad de Tr\u00e1nsito y Transporte Terrestre (Digesett), Pascual Cruz M\u00e9ndez; el director de la Polic\u00eda Nacional, Andr\u00e9s Modesto Cruz Cruz, y el director del Sistema Nacional de Atenci\u00f3n a Emergencias y Seguridad 9-1-1, Randolfo Rijo G\u00f3mez. De acuerdo a declaraciones de la ministra en sus redes sociales, los trabajos constaron en diagn\u00f3stico, levantamiento de brechas y una hoja de ruta con metas medibles. \u201cSeguimos articulando esfuerzos para reducir riesgos, fortalecer el control y garantizar v\u00edas m\u00e1s seguras para todos\u201d, expres\u00f3 Raful a trav\u00e9s de su cuenta de X. Tras la muerte de Deivy Carlos Abreu Quezada, chofer de cami\u00f3n recolector de desechos s\u00f3lidos, a manos de una turba de motoristas, distintas personalidades han propuesto varias medidas para frenar el manejo irresponsable y las imprudencias viales. El presidente de la Central Nacional de Transportistas Unificados, William P\u00e9rez Figuereo, dijo a List\u00edn Diario en d\u00edas anteriores que se necesita reforzar el respeto a las normas de tr\u00e1nsito y endurecer las sanciones contra quienes las violan. P\u00e9rez Figuereo se\u00f1al\u00f3 que uno de los principales problemas puede deberse al deterioro mec\u00e1nico de los veh\u00edculos y la falta de controles efectivos. \u201cNo es posible que cada dominicano ande en un veh\u00edculo haciendo lo que quiera y atraves\u00e1ndose, rebasando por los carriles que quieran, en las condiciones que quieran, porque por ah\u00ed comienza la cosa. Tambi\u00e9n hay que poner atenci\u00f3n a las condiciones de los veh\u00edculos\u201d, se\u00f1al\u00f3 a periodistas de este diario. De igual forma, el dirigente sindical y abogado Mario D\u00edaz, se mostr\u00f3 a favor de iniciar de inmediato la aplicaci\u00f3n de la inspecci\u00f3n t\u00e9cnica vehicular, tal como lo establece la Ley de Tr\u00e1nsito de la Rep\u00fablica Dominicana, a todos los veh\u00edculos que integran el parque vehicular nacional. D\u00edaz sostuvo que esta medida debe ir acompa\u00f1ada de la prohibici\u00f3n por tiempo indefinido de la importaci\u00f3n de motocicletas, as\u00ed como del establecimiento de controles m\u00e1s rigurosos sobre el parque existente, a fin de garantizar su adecuada regulaci\u00f3n, registro y fiscalizaci\u00f3n. En su Editorial del pasado mi\u00e9rcoles 22 de abril del a\u00f1o en curso, titulado \u201cLa misma imprudencia, el mismo caos\u201d el peri\u00f3dico List\u00edn Diario, describi\u00f3 una serie de accidentes que han ocurrido en distintos puntos del pa\u00eds, los cuales han dejado decenas de muertes y heridos. \u201cSi de manejo temerario se trata, los conductores de autobuses rivalizan con los motoconchistas, ya que usan carriles a la libre, irrespetan los l\u00edmites de velocidad y circulan con luces rotas, neum\u00e1ticos desgastados o visibles defectos\u201d, se\u00f1ala el Editorial.<\/p>\n","protected":false},"author":9,"featured_media":111721,"comment_status":"closed","ping_status":"closed","sticky":false,"template":"","format":"standard","meta":{"advanced_seo_description":"","jetpack_seo_html_title":"","jetpack_seo_noindex":false,"_jetpack_memberships_contains_paid_content":false,"footnotes":"","jetpack_publicize_message":"","jetpack_publicize_feature_enabled":true,"jetpack_social_post_already_shared":true,"jetpack_social_options":{"image_generator_settings":{"template":"highway","default_image_id":0,"font":"","enabled":false},"version":2}},"categories":[312],"tags":[],"class_list":["post-111720","post","type-post","status-publish","format-standard","has-post-thumbnail","hentry","category-comentando-online"],"jetpack_publicize_connections":[],"jetpack_featured_media_url":"https:\/\/sosuaonline.net\/inicio\/wp-content\/uploads\/2026\/04\/69f00b220e0f0.jpeg","jetpack_sharing_enabled":true,"_links":{"self":[{"href":"https:\/\/sosuaonline.net\/inicio\/wp-json\/wp\/v2\/posts\/111720","targetHints":{"allow":["GET"]}}],"collection":[{"href":"https:\/\/sosuaonline.net\/inicio\/wp-json\/wp\/v2\/posts"}],"about":[{"href":"https:\/\/sosuaonline.net\/inicio\/wp-json\/wp\/v2\/types\/post"}],"author":[{"embeddable":true,"href":"https:\/\/sosuaonline.net\/inicio\/wp-json\/wp\/v2\/users\/9"}],"replies":[{"embeddable":true,"href":"https:\/\/sosuaonline.net\/inicio\/wp-json\/wp\/v2\/comments?post=111720"}],"version-history":[{"count":1,"href":"https:\/\/sosuaonline.net\/inicio\/wp-json\/wp\/v2\/posts\/111720\/revisions"}],"predecessor-version":[{"id":111722,"href":"https:\/\/sosuaonline.net\/inicio\/wp-json\/wp\/v2\/posts\/111720\/revisions\/111722"}],"wp:featuredmedia":[{"embeddable":true,"href":"https:\/\/sosuaonline.net\/inicio\/wp-json\/wp\/v2\/media\/111721"}],"wp:attachment":[{"href":"https:\/\/sosuaonline.net\/inicio\/wp-json\/wp\/v2\/media?parent=111720"}],"wp:term":[{"taxonomy":"category","embeddable":true,"href":"https:\/\/sosuaonline.net\/inicio\/wp-json\/wp\/v2\/categories?post=111720"},{"taxonomy":"post_tag","embeddable":true,"href":"https:\/\/sosuaonline.net\/inicio\/wp-json\/wp\/v2\/tags?post=111720"}],"curies":[{"name":"wp","href":"https:\/\/api.w.org\/{rel}","templated":true}]}}