{"id":111723,"date":"2026-04-29T07:11:46","date_gmt":"2026-04-29T11:11:46","guid":{"rendered":"https:\/\/sosuaonline.net\/inicio\/?p=111723"},"modified":"2026-04-29T07:11:46","modified_gmt":"2026-04-29T11:11:46","slug":"policia-nacional-de-santiago-tiene-seis-fugitivos-en-su-lista","status":"publish","type":"post","link":"https:\/\/sosuaonline.net\/inicio\/policia-nacional-de-santiago-tiene-seis-fugitivos-en-su-lista\/","title":{"rendered":"Polic\u00eda Nacional de Santiago tiene seis fugitivos en su lista"},"content":{"rendered":"<p id=\"m103557-103556-103558\"><img loading=\"lazy\" decoding=\"async\" data-attachment-id=\"111724\" data-permalink=\"https:\/\/sosuaonline.net\/inicio\/policia-nacional-de-santiago-tiene-seis-fugitivos-en-su-lista\/69f15b547b5cb\/\" data-orig-file=\"https:\/\/sosuaonline.net\/inicio\/wp-content\/uploads\/2026\/04\/69f15b547b5cb.jpeg\" data-orig-size=\"800,450\" data-comments-opened=\"0\" data-image-meta=\"{&quot;aperture&quot;:&quot;0&quot;,&quot;credit&quot;:&quot;&quot;,&quot;camera&quot;:&quot;&quot;,&quot;caption&quot;:&quot;&quot;,&quot;created_timestamp&quot;:&quot;0&quot;,&quot;copyright&quot;:&quot;&quot;,&quot;focal_length&quot;:&quot;0&quot;,&quot;iso&quot;:&quot;0&quot;,&quot;shutter_speed&quot;:&quot;0&quot;,&quot;title&quot;:&quot;&quot;,&quot;orientation&quot;:&quot;0&quot;}\" data-image-title=\"69f15b547b5cb\" data-image-description=\"\" data-image-caption=\"\" data-medium-file=\"https:\/\/sosuaonline.net\/inicio\/wp-content\/uploads\/2026\/04\/69f15b547b5cb-300x169.jpeg\" data-large-file=\"https:\/\/sosuaonline.net\/inicio\/wp-content\/uploads\/2026\/04\/69f15b547b5cb.jpeg\" class=\"wp-image-111724 alignleft\" src=\"https:\/\/sosuaonline.net\/inicio\/wp-content\/uploads\/2026\/04\/69f15b547b5cb.jpeg\" alt=\"\" width=\"457\" height=\"257\" srcset=\"https:\/\/sosuaonline.net\/inicio\/wp-content\/uploads\/2026\/04\/69f15b547b5cb.jpeg 800w, https:\/\/sosuaonline.net\/inicio\/wp-content\/uploads\/2026\/04\/69f15b547b5cb-300x169.jpeg 300w, https:\/\/sosuaonline.net\/inicio\/wp-content\/uploads\/2026\/04\/69f15b547b5cb-768x432.jpeg 768w\" sizes=\"auto, (max-width: 457px) 100vw, 457px\" \/>La Polic\u00eda Nacional asentada en la Direcci\u00f3n Regional Cibao Central en la provincia de Santiago, tiene al menos a seis individuos en su lista de los m\u00e1s buscados, todos vinculados a homicidios y asesinatos, hechos de sangre ocurridos en los \u00faltimos meses.<\/p>\n<p id=\"m103562-103561-103563\">El listado est\u00e1 encabezado por Jhovanny de Jes\u00fas Metz Cruz, alias Macho, de 28 a\u00f1os, se\u00f1alado como el responsable de atacar con un arma blanca y provocar la muerte de Deivy Carlos Abreu Quezada, luego de haberlo perseguido con una turba de motoristas hasta el Palacio de Justicia de esta ciudad.<\/p>\n<p id=\"m103567-103566-103568\">Por ese hecho, otras siete personas est\u00e1n sometidas a la acci\u00f3n de la justicia y enfrentan 3 meses de prisi\u00f3n preventiva como medida de coerci\u00f3n.<\/p>\n<p id=\"m103572-103571-103573\">Asimismo, V\u00edctor Gonz\u00e1lez Mart\u00ednez, de 31 a\u00f1os, quien viol\u00f3 sexualmente y le quit\u00f3 la vida a la joven Yuleini Fr\u00edas de Le\u00f3n, de 30 a\u00f1os, y posteriormente la inciner\u00f3 en la vivienda donde ella resid\u00eda; en un hecho ocurrido el pasado 29 de marzo en el municipio de Sabana Iglesia, de esta provincia de Santiago.<\/p>\n<p id=\"m103577-103576-103578\">Cabe destacar que, en este caso, tambi\u00e9n los familiares de la v\u00edctima y toda la comunidad de Sabana Iglesia, se sumergieron en la b\u00fasqueda de Gonz\u00e1lez Mart\u00ednez, por las zonas monta\u00f1osas y boscosas de esta localidad.<\/p>\n<p id=\"m103582-103581-103583\">Mientras, Raimi de Jes\u00fas Brito Parra, alias \u201cGordo Baba\u201d, es otro de los m\u00e1s buscados, se\u00f1alado por la Polic\u00eda Nacional como el presunto responsable de ocasionar la muerte por heridas de arma de fuego a Albert Amauris L\u00f3pez, conocido como Chapo, y Frailyn Manuel de Jes\u00fas Le\u00f3n, alias \u201cGordo\u201d, as\u00ed como de ocasionar heridas a Juan Jos\u00e9 Garc\u00eda Ventura, en medio de un incidente ocurrido el pasado 20 de marzo en la calle No. 14 de sector Fondo de la Botella, del distrito municipal Santiago Oeste (Cienfuegos), supuestamente por viejas rencillas relacionadas con la venta y distribuci\u00f3n de sustancias controladas.<\/p>\n<p id=\"m103587-103586-103588\">Adem\u00e1s, se busca a Yelfri Salvador Garc\u00eda, de 36 a\u00f1os, por su presunta vinculaci\u00f3n al hecho en el que falleci\u00f3 por heridas de arma de fuego, Adonis Domingo Abreu, quien resid\u00eda en el sector Altos de Rafey, muerto el pasado 16 de marzo, en medio de un conflicto originado durante un juego de baloncesto, cuando adem\u00e1s result\u00f3 herido un adolescente de iniciales A.M.G.C.<\/p>\n<p id=\"m103592-103591-103593\">Por otro lado, las autoridades buscan a Sa\u00fal Hern\u00e1ndez, alias Wily, de 28 a\u00f1os, por ser el presunto autor, en compa\u00f1\u00eda de Willi Jos\u00e9 Le\u00f3n Garc\u00eda, conocido como Willito, quien est\u00e1 sometido a la justicia, y Wedelyn Josel Eon Garc\u00eda, alias Wesllin, quien se encontraba pr\u00f3fugo, por ocasionarle la muerte por herida de arma de fuego a Raymond Clemente Navarro, de nacionalidad puertorrique\u00f1a, en un hecho ocurrido en medio de un asalto, el 17 de abril de este a\u00f1o, en el Car Wash y Billar de Wilmer, ubicado en la avenida Hispanoamericana, en el distrito municipal de Canabacoa, Santiago.<\/p>\n<div id=\"m103597-103596-103598\" class=\"c-detail__despiece \"><span class=\"c-detail__despiece__title\">Pr\u00f3fugo de la justicia\u00a0<\/span><\/p>\n<h3>En un asalto<\/h3>\n<p>En tanto que Wedelyn Orlando Reyes Rodr\u00edguez, conocido como Wesllin de 28 a\u00f1os, estaba siendo buscado por ser el presunto autor en compa\u00f1\u00eda de Sa\u00fal Hern\u00e1ndez, alias Willy, quien se encuentra pr\u00f3fugo de la justicia, y Willi Jos\u00e9 Le\u00f3n Garc\u00eda, alias Willito, este \u00faltimo sometido, de ocasionarle la muerte por herida de arma de fuego a Raymond Clemente Navarro, de nacionalidad puertorrique\u00f1a, en el ya mencionado hecho ocurrido en medio de un asalto.<\/p>\n<\/div>\n","protected":false},"excerpt":{"rendered":"<p>La Polic\u00eda Nacional asentada en la Direcci\u00f3n Regional Cibao Central en la provincia de Santiago, tiene al menos a seis individuos en su lista de los m\u00e1s buscados, todos vinculados a homicidios y asesinatos, hechos de sangre ocurridos en los \u00faltimos meses. El listado est\u00e1 encabezado por Jhovanny de Jes\u00fas Metz Cruz, alias Macho, de 28 a\u00f1os, se\u00f1alado como el responsable de atacar con un arma blanca y provocar la muerte de Deivy Carlos Abreu Quezada, luego de haberlo perseguido con una turba de motoristas hasta el Palacio de Justicia de esta ciudad. Por ese hecho, otras siete personas est\u00e1n sometidas a la acci\u00f3n de la justicia y enfrentan 3 meses de prisi\u00f3n preventiva como medida de coerci\u00f3n. Asimismo, V\u00edctor Gonz\u00e1lez Mart\u00ednez, de 31 a\u00f1os, quien viol\u00f3 sexualmente y le quit\u00f3 la vida a la joven Yuleini Fr\u00edas de Le\u00f3n, de 30 a\u00f1os, y posteriormente la inciner\u00f3 en la vivienda donde ella resid\u00eda; en un hecho ocurrido el pasado 29 de marzo en el municipio de Sabana Iglesia, de esta provincia de Santiago. Cabe destacar que, en este caso, tambi\u00e9n los familiares de la v\u00edctima y toda la comunidad de Sabana Iglesia, se sumergieron en la b\u00fasqueda de Gonz\u00e1lez Mart\u00ednez, por las zonas monta\u00f1osas y boscosas de esta localidad. Mientras, Raimi de Jes\u00fas Brito Parra, alias \u201cGordo Baba\u201d, es otro de los m\u00e1s buscados, se\u00f1alado por la Polic\u00eda Nacional como el presunto responsable de ocasionar la muerte por heridas de arma de fuego a Albert Amauris L\u00f3pez, conocido como Chapo, y Frailyn Manuel de Jes\u00fas Le\u00f3n, alias \u201cGordo\u201d, as\u00ed como de ocasionar heridas a Juan Jos\u00e9 Garc\u00eda Ventura, en medio de un incidente ocurrido el pasado 20 de marzo en la calle No. 14 de sector Fondo de la Botella, del distrito municipal Santiago Oeste (Cienfuegos), supuestamente por viejas rencillas relacionadas con la venta y distribuci\u00f3n de sustancias controladas. Adem\u00e1s, se busca a Yelfri Salvador Garc\u00eda, de 36 a\u00f1os, por su presunta vinculaci\u00f3n al hecho en el que falleci\u00f3 por heridas de arma de fuego, Adonis Domingo Abreu, quien resid\u00eda en el sector Altos de Rafey, muerto el pasado 16 de marzo, en medio de un conflicto originado durante un juego de baloncesto, cuando adem\u00e1s result\u00f3 herido un adolescente de iniciales A.M.G.C. Por otro lado, las autoridades buscan a Sa\u00fal Hern\u00e1ndez, alias Wily, de 28 a\u00f1os, por ser el presunto autor, en compa\u00f1\u00eda de Willi Jos\u00e9 Le\u00f3n Garc\u00eda, conocido como Willito, quien est\u00e1 sometido a la justicia, y Wedelyn Josel Eon Garc\u00eda, alias Wesllin, quien se encontraba pr\u00f3fugo, por ocasionarle la muerte por herida de arma de fuego a Raymond Clemente Navarro, de nacionalidad puertorrique\u00f1a, en un hecho ocurrido en medio de un asalto, el 17 de abril de este a\u00f1o, en el Car Wash y Billar de Wilmer, ubicado en la avenida Hispanoamericana, en el distrito municipal de Canabacoa, Santiago. Pr\u00f3fugo de la justicia\u00a0 En un asalto En tanto que Wedelyn Orlando Reyes Rodr\u00edguez, conocido como Wesllin de 28 a\u00f1os, estaba siendo buscado por ser el presunto autor en compa\u00f1\u00eda de Sa\u00fal Hern\u00e1ndez, alias Willy, quien se encuentra pr\u00f3fugo de la justicia, y Willi Jos\u00e9 Le\u00f3n Garc\u00eda, alias Willito, este \u00faltimo sometido, de ocasionarle la muerte por herida de arma de fuego a Raymond Clemente Navarro, de nacionalidad puertorrique\u00f1a, en el ya mencionado hecho ocurrido en medio de un asalto.<\/p>\n","protected":false},"author":9,"featured_media":111724,"comment_status":"closed","ping_status":"closed","sticky":false,"template":"","format":"standard","meta":{"advanced_seo_description":"","jetpack_seo_html_title":"","jetpack_seo_noindex":false,"_jetpack_memberships_contains_paid_content":false,"footnotes":"","jetpack_publicize_message":"","jetpack_publicize_feature_enabled":true,"jetpack_social_post_already_shared":true,"jetpack_social_options":{"image_generator_settings":{"template":"highway","default_image_id":0,"font":"","enabled":false},"version":2}},"categories":[88],"tags":[],"class_list":["post-111723","post","type-post","status-publish","format-standard","has-post-thumbnail","hentry","category-noticias"],"jetpack_publicize_connections":[],"jetpack_featured_media_url":"https:\/\/sosuaonline.net\/inicio\/wp-content\/uploads\/2026\/04\/69f15b547b5cb.jpeg","jetpack_sharing_enabled":true,"_links":{"self":[{"href":"https:\/\/sosuaonline.net\/inicio\/wp-json\/wp\/v2\/posts\/111723","targetHints":{"allow":["GET"]}}],"collection":[{"href":"https:\/\/sosuaonline.net\/inicio\/wp-json\/wp\/v2\/posts"}],"about":[{"href":"https:\/\/sosuaonline.net\/inicio\/wp-json\/wp\/v2\/types\/post"}],"author":[{"embeddable":true,"href":"https:\/\/sosuaonline.net\/inicio\/wp-json\/wp\/v2\/users\/9"}],"replies":[{"embeddable":true,"href":"https:\/\/sosuaonline.net\/inicio\/wp-json\/wp\/v2\/comments?post=111723"}],"version-history":[{"count":1,"href":"https:\/\/sosuaonline.net\/inicio\/wp-json\/wp\/v2\/posts\/111723\/revisions"}],"predecessor-version":[{"id":111725,"href":"https:\/\/sosuaonline.net\/inicio\/wp-json\/wp\/v2\/posts\/111723\/revisions\/111725"}],"wp:featuredmedia":[{"embeddable":true,"href":"https:\/\/sosuaonline.net\/inicio\/wp-json\/wp\/v2\/media\/111724"}],"wp:attachment":[{"href":"https:\/\/sosuaonline.net\/inicio\/wp-json\/wp\/v2\/media?parent=111723"}],"wp:term":[{"taxonomy":"category","embeddable":true,"href":"https:\/\/sosuaonline.net\/inicio\/wp-json\/wp\/v2\/categories?post=111723"},{"taxonomy":"post_tag","embeddable":true,"href":"https:\/\/sosuaonline.net\/inicio\/wp-json\/wp\/v2\/tags?post=111723"}],"curies":[{"name":"wp","href":"https:\/\/api.w.org\/{rel}","templated":true}]}}