{"id":111732,"date":"2026-04-29T07:21:18","date_gmt":"2026-04-29T11:21:18","guid":{"rendered":"https:\/\/sosuaonline.net\/inicio\/?p=111732"},"modified":"2026-04-29T07:21:18","modified_gmt":"2026-04-29T11:21:18","slug":"consumidores-denuncian-alzas-en-alimentos-pese-a-declaraciones-oficiales-sobre-estabilidad-de-precios","status":"publish","type":"post","link":"https:\/\/sosuaonline.net\/inicio\/consumidores-denuncian-alzas-en-alimentos-pese-a-declaraciones-oficiales-sobre-estabilidad-de-precios\/","title":{"rendered":"Consumidores denuncian alzas en alimentos pese a declaraciones oficiales sobre estabilidad de precios"},"content":{"rendered":"<p data-mrf-recirculation=\"Links p\u00e1rrafos\"><strong><img loading=\"lazy\" decoding=\"async\" data-attachment-id=\"111733\" data-permalink=\"https:\/\/sosuaonline.net\/inicio\/consumidores-denuncian-alzas-en-alimentos-pese-a-declaraciones-oficiales-sobre-estabilidad-de-precios\/images-43\/\" data-orig-file=\"https:\/\/sosuaonline.net\/inicio\/wp-content\/uploads\/2026\/04\/images.jpg\" data-orig-size=\"259,194\" data-comments-opened=\"0\" data-image-meta=\"{&quot;aperture&quot;:&quot;0&quot;,&quot;credit&quot;:&quot;&quot;,&quot;camera&quot;:&quot;&quot;,&quot;caption&quot;:&quot;&quot;,&quot;created_timestamp&quot;:&quot;0&quot;,&quot;copyright&quot;:&quot;&quot;,&quot;focal_length&quot;:&quot;0&quot;,&quot;iso&quot;:&quot;0&quot;,&quot;shutter_speed&quot;:&quot;0&quot;,&quot;title&quot;:&quot;&quot;,&quot;orientation&quot;:&quot;0&quot;}\" data-image-title=\"images\" data-image-description=\"\" data-image-caption=\"\" data-medium-file=\"https:\/\/sosuaonline.net\/inicio\/wp-content\/uploads\/2026\/04\/images.jpg\" data-large-file=\"https:\/\/sosuaonline.net\/inicio\/wp-content\/uploads\/2026\/04\/images.jpg\" class=\"size-full wp-image-111733 alignleft\" src=\"https:\/\/sosuaonline.net\/inicio\/wp-content\/uploads\/2026\/04\/images.jpg\" alt=\"\" width=\"259\" height=\"194\" \/>Santo Domingo.<\/strong>\u00a0\u2013 Las declaraciones del ministro de Industria y Comercio,\u00a0<strong>Eduardo Sanz Lovat\u00f3n<\/strong>, asegurando que las medidas gubernamentales han evitado aumentos en la canasta b\u00e1sica en medio del impacto de la guerra, han generado reacciones encontradas entre consumidores, comerciantes y sectores pol\u00edticos.<\/p>\n<h2 class=\"wp-block-heading\">Quejas en los mercados<\/h2>\n<p data-mrf-recirculation=\"Links p\u00e1rrafos\">En mercados populares de la capital, especialmente en zonas como\u00a0<strong>Los R\u00edos<\/strong>\u00a0y\u00a0<strong>Cristo Rey<\/strong>, ciudadanos afirman que los precios de los alimentos contin\u00faan en aumento, lo que les obliga a ajustar sus presupuestos para poder adquirir productos esenciales.<\/p>\n<p data-mrf-recirculation=\"Links p\u00e1rrafos\">\u00abUno tiene que hacer malabares para poder<strong>\u00a0comprar lo<\/strong>\u00a0b\u00e1sico\u201d, expresaron algunos residentes consultados, aunque otros se\u00f1alaron que ciertos productos, como el pl\u00e1tano, han mostrado leves reducciones.<\/p>\n<ul class=\"wp-block-list\">\n<li>Por su parte, comerciantes de estos\u00a0<strong>mercados a<\/strong>seguran que los incrementos han afectado directamente sus ventas, provocando una disminuci\u00f3n en el flujo de clientes y en la rotaci\u00f3n de productos.<\/li>\n<\/ul>\n<h2 class=\"wp-block-heading\">Cr\u00edticas y respuesta oficial<\/h2>\n<p data-mrf-recirculation=\"Links p\u00e1rrafos\">Desde la oposici\u00f3n pol\u00edtica, dirigentes del partido\u00a0<strong>Fuerza del Pueblo<\/strong>\u00a0y del partido de la\u00a0<strong>Liberaci\u00f3n Dominicana<\/strong>\u00a0contradijeron la versi\u00f3n oficial, afirmando que los alimentos han aumentado de precio, y advirtieron que la situaci\u00f3n podr\u00eda empeorar si persisten las condiciones internacionales.<\/p>\n<p data-mrf-recirculation=\"Links p\u00e1rrafos\">En tanto, representantes del sector<strong>\u00a0empresarial t<\/strong>ambi\u00e9n han manifestado preocupaci\u00f3n por el comportamiento de los precios y su impacto en la econom\u00eda familiar.<\/p>\n<p data-mrf-recirculation=\"Links p\u00e1rrafos\">Sin embargo, desde el\u00a0<strong>Gobierno<\/strong>\u00a0se insiste en que las pol\u00edticas implementadas para mitigar los efectos del conflicto internacional han sido efectivas, asegurando que no se han registrado aumentos significativos en los productos de la canasta b\u00e1sica.<\/p>\n<p data-mrf-recirculation=\"Links p\u00e1rrafos\">Ante este panorama, tanto\u00a0<strong>consumidores c<\/strong>omo comerciantes piden a las autoridades reforzar las medidas para garantizar la estabilidad de los precios de los alimentos esenciales.<\/p>\n","protected":false},"excerpt":{"rendered":"<p>Santo Domingo.\u00a0\u2013 Las declaraciones del ministro de Industria y Comercio,\u00a0Eduardo Sanz Lovat\u00f3n, asegurando que las medidas gubernamentales han evitado aumentos en la canasta b\u00e1sica en medio del impacto de la guerra, han generado reacciones encontradas entre consumidores, comerciantes y sectores pol\u00edticos. Quejas en los mercados En mercados populares de la capital, especialmente en zonas como\u00a0Los R\u00edos\u00a0y\u00a0Cristo Rey, ciudadanos afirman que los precios de los alimentos contin\u00faan en aumento, lo que les obliga a ajustar sus presupuestos para poder adquirir productos esenciales. \u00abUno tiene que hacer malabares para poder\u00a0comprar lo\u00a0b\u00e1sico\u201d, expresaron algunos residentes consultados, aunque otros se\u00f1alaron que ciertos productos, como el pl\u00e1tano, han mostrado leves reducciones. Por su parte, comerciantes de estos\u00a0mercados aseguran que los incrementos han afectado directamente sus ventas, provocando una disminuci\u00f3n en el flujo de clientes y en la rotaci\u00f3n de productos. Cr\u00edticas y respuesta oficial Desde la oposici\u00f3n pol\u00edtica, dirigentes del partido\u00a0Fuerza del Pueblo\u00a0y del partido de la\u00a0Liberaci\u00f3n Dominicana\u00a0contradijeron la versi\u00f3n oficial, afirmando que los alimentos han aumentado de precio, y advirtieron que la situaci\u00f3n podr\u00eda empeorar si persisten las condiciones internacionales. En tanto, representantes del sector\u00a0empresarial tambi\u00e9n han manifestado preocupaci\u00f3n por el comportamiento de los precios y su impacto en la econom\u00eda familiar. Sin embargo, desde el\u00a0Gobierno\u00a0se insiste en que las pol\u00edticas implementadas para mitigar los efectos del conflicto internacional han sido efectivas, asegurando que no se han registrado aumentos significativos en los productos de la canasta b\u00e1sica. Ante este panorama, tanto\u00a0consumidores como comerciantes piden a las autoridades reforzar las medidas para garantizar la estabilidad de los precios de los alimentos esenciales.<\/p>\n","protected":false},"author":9,"featured_media":111733,"comment_status":"closed","ping_status":"closed","sticky":false,"template":"","format":"standard","meta":{"advanced_seo_description":"","jetpack_seo_html_title":"","jetpack_seo_noindex":false,"_jetpack_memberships_contains_paid_content":false,"footnotes":"","jetpack_publicize_message":"","jetpack_publicize_feature_enabled":true,"jetpack_social_post_already_shared":true,"jetpack_social_options":{"image_generator_settings":{"template":"highway","default_image_id":0,"font":"","enabled":false},"version":2}},"categories":[312],"tags":[],"class_list":["post-111732","post","type-post","status-publish","format-standard","has-post-thumbnail","hentry","category-comentando-online"],"jetpack_publicize_connections":[],"jetpack_featured_media_url":"https:\/\/sosuaonline.net\/inicio\/wp-content\/uploads\/2026\/04\/images.jpg","jetpack_sharing_enabled":true,"_links":{"self":[{"href":"https:\/\/sosuaonline.net\/inicio\/wp-json\/wp\/v2\/posts\/111732","targetHints":{"allow":["GET"]}}],"collection":[{"href":"https:\/\/sosuaonline.net\/inicio\/wp-json\/wp\/v2\/posts"}],"about":[{"href":"https:\/\/sosuaonline.net\/inicio\/wp-json\/wp\/v2\/types\/post"}],"author":[{"embeddable":true,"href":"https:\/\/sosuaonline.net\/inicio\/wp-json\/wp\/v2\/users\/9"}],"replies":[{"embeddable":true,"href":"https:\/\/sosuaonline.net\/inicio\/wp-json\/wp\/v2\/comments?post=111732"}],"version-history":[{"count":1,"href":"https:\/\/sosuaonline.net\/inicio\/wp-json\/wp\/v2\/posts\/111732\/revisions"}],"predecessor-version":[{"id":111734,"href":"https:\/\/sosuaonline.net\/inicio\/wp-json\/wp\/v2\/posts\/111732\/revisions\/111734"}],"wp:featuredmedia":[{"embeddable":true,"href":"https:\/\/sosuaonline.net\/inicio\/wp-json\/wp\/v2\/media\/111733"}],"wp:attachment":[{"href":"https:\/\/sosuaonline.net\/inicio\/wp-json\/wp\/v2\/media?parent=111732"}],"wp:term":[{"taxonomy":"category","embeddable":true,"href":"https:\/\/sosuaonline.net\/inicio\/wp-json\/wp\/v2\/categories?post=111732"},{"taxonomy":"post_tag","embeddable":true,"href":"https:\/\/sosuaonline.net\/inicio\/wp-json\/wp\/v2\/tags?post=111732"}],"curies":[{"name":"wp","href":"https:\/\/api.w.org\/{rel}","templated":true}]}}