{"id":111735,"date":"2026-04-29T07:23:24","date_gmt":"2026-04-29T11:23:24","guid":{"rendered":"https:\/\/sosuaonline.net\/inicio\/?p=111735"},"modified":"2026-04-29T07:23:24","modified_gmt":"2026-04-29T11:23:24","slug":"el-conjunto-quisqueya-estrena-el-merengue-mi-viejo-papa","status":"publish","type":"post","link":"https:\/\/sosuaonline.net\/inicio\/el-conjunto-quisqueya-estrena-el-merengue-mi-viejo-papa\/","title":{"rendered":"El Conjunto Quisqueya estrena el merengue \u201cMi viejo Pap\u00e1\u201d"},"content":{"rendered":"<p><strong><img loading=\"lazy\" decoding=\"async\" data-attachment-id=\"111736\" data-permalink=\"https:\/\/sosuaonline.net\/inicio\/el-conjunto-quisqueya-estrena-el-merengue-mi-viejo-papa\/conjunto-quisqueya-2-300x200\/\" data-orig-file=\"https:\/\/sosuaonline.net\/inicio\/wp-content\/uploads\/2026\/04\/Conjunto-Quisqueya-2-300x200-1.jpg\" data-orig-size=\"300,200\" data-comments-opened=\"0\" data-image-meta=\"{&quot;aperture&quot;:&quot;0&quot;,&quot;credit&quot;:&quot;&quot;,&quot;camera&quot;:&quot;&quot;,&quot;caption&quot;:&quot;&quot;,&quot;created_timestamp&quot;:&quot;0&quot;,&quot;copyright&quot;:&quot;&quot;,&quot;focal_length&quot;:&quot;0&quot;,&quot;iso&quot;:&quot;0&quot;,&quot;shutter_speed&quot;:&quot;0&quot;,&quot;title&quot;:&quot;&quot;,&quot;orientation&quot;:&quot;0&quot;}\" data-image-title=\"Conjunto-Quisqueya-2-300&amp;#215;200\" data-image-description=\"\" data-image-caption=\"\" data-medium-file=\"https:\/\/sosuaonline.net\/inicio\/wp-content\/uploads\/2026\/04\/Conjunto-Quisqueya-2-300x200-1.jpg\" data-large-file=\"https:\/\/sosuaonline.net\/inicio\/wp-content\/uploads\/2026\/04\/Conjunto-Quisqueya-2-300x200-1.jpg\" class=\"size-full wp-image-111736 alignleft\" src=\"https:\/\/sosuaonline.net\/inicio\/wp-content\/uploads\/2026\/04\/Conjunto-Quisqueya-2-300x200-1.jpg\" alt=\"\" width=\"300\" height=\"200\" \/>SANTO DOMINGO.-<\/strong>\u00a0El Conjunto Quisqueya acaba de estrenar su m\u00e1s reciente canci\u00f3n titulada \u201cMi viejo Pap\u00e1\u201d, interpretada por Javish Victoria, con arreglos de Chucky Acosta, director de la agrupaci\u00f3n.<\/p>\n<p>Esta canci\u00f3n hab\u00eda sido grabada versi\u00f3n bolero en el \u00e1lbum \u201cA mam\u00e1 y a pap\u00e1\u201d, de 1979, tambi\u00e9n interpretada por Javish Victoria, quien en esta ocasi\u00f3n le da un estilo diferente, lo mismo que su arreglista, quien la adapt\u00f3 a los nuevos tiempos, pero siempre con ese estilo peculiar del Conjunto Quisqueya<\/p>\n<p>Amable Valenzuela, representante en el pa\u00eds del Conjunto Quisqueya, destac\u00f3 la importancia de mantenerse grabando, ya que se proponen darle m\u00e1s seguimiento a esta parte, como una forma de mantener m\u00e1s activa a esta orquesta.<\/p>\n<p>Es un homenaje a los padres, con el cual la agrupaci\u00f3n se mantiene activa, no solo para realizar bailes, sino tambi\u00e9n, para dar a conocer sus nuevos proyectos art\u00edsticos.<\/p>\n<p>\u201cMie viejo Pap\u00e1\u201d, al cual se le est\u00e1 realizando un audiovisual, forma parte de la producci\u00f3n musical\u00a0 del Conjunto Quisqueya, que ser\u00e1 lanzada al mercado pr\u00f3ximamente al mercado nacional e internacional<\/p>\n<p>La orquesta fue fundada por Javish Victoria, Chucky Acosta, Adib Melgen y Aneudi D\u00edaz, este \u00faltimo fallecido en 1993.<\/p>\n<p>Actualmente la integran Chucky, Javish, Adbi y el trompetista El\u00edas Santana, as\u00ed como los cantantes Jacinto Gantier y Wilson Pichardo.<\/p>\n<p>of-am<\/p>\n","protected":false},"excerpt":{"rendered":"<p>SANTO DOMINGO.-\u00a0El Conjunto Quisqueya acaba de estrenar su m\u00e1s reciente canci\u00f3n titulada \u201cMi viejo Pap\u00e1\u201d, interpretada por Javish Victoria, con arreglos de Chucky Acosta, director de la agrupaci\u00f3n. Esta canci\u00f3n hab\u00eda sido grabada versi\u00f3n bolero en el \u00e1lbum \u201cA mam\u00e1 y a pap\u00e1\u201d, de 1979, tambi\u00e9n interpretada por Javish Victoria, quien en esta ocasi\u00f3n le da un estilo diferente, lo mismo que su arreglista, quien la adapt\u00f3 a los nuevos tiempos, pero siempre con ese estilo peculiar del Conjunto Quisqueya Amable Valenzuela, representante en el pa\u00eds del Conjunto Quisqueya, destac\u00f3 la importancia de mantenerse grabando, ya que se proponen darle m\u00e1s seguimiento a esta parte, como una forma de mantener m\u00e1s activa a esta orquesta. Es un homenaje a los padres, con el cual la agrupaci\u00f3n se mantiene activa, no solo para realizar bailes, sino tambi\u00e9n, para dar a conocer sus nuevos proyectos art\u00edsticos. \u201cMie viejo Pap\u00e1\u201d, al cual se le est\u00e1 realizando un audiovisual, forma parte de la producci\u00f3n musical\u00a0 del Conjunto Quisqueya, que ser\u00e1 lanzada al mercado pr\u00f3ximamente al mercado nacional e internacional La orquesta fue fundada por Javish Victoria, Chucky Acosta, Adib Melgen y Aneudi D\u00edaz, este \u00faltimo fallecido en 1993. Actualmente la integran Chucky, Javish, Adbi y el trompetista El\u00edas Santana, as\u00ed como los cantantes Jacinto Gantier y Wilson Pichardo. of-am<\/p>\n","protected":false},"author":9,"featured_media":111736,"comment_status":"closed","ping_status":"closed","sticky":false,"template":"","format":"standard","meta":{"advanced_seo_description":"","jetpack_seo_html_title":"","jetpack_seo_noindex":false,"_jetpack_memberships_contains_paid_content":false,"footnotes":"","jetpack_publicize_message":"","jetpack_publicize_feature_enabled":true,"jetpack_social_post_already_shared":true,"jetpack_social_options":{"image_generator_settings":{"template":"highway","default_image_id":0,"font":"","enabled":false},"version":2}},"categories":[4],"tags":[],"class_list":["post-111735","post","type-post","status-publish","format-standard","has-post-thumbnail","hentry","category-entretenimiento"],"jetpack_publicize_connections":[],"jetpack_featured_media_url":"https:\/\/sosuaonline.net\/inicio\/wp-content\/uploads\/2026\/04\/Conjunto-Quisqueya-2-300x200-1.jpg","jetpack_sharing_enabled":true,"_links":{"self":[{"href":"https:\/\/sosuaonline.net\/inicio\/wp-json\/wp\/v2\/posts\/111735","targetHints":{"allow":["GET"]}}],"collection":[{"href":"https:\/\/sosuaonline.net\/inicio\/wp-json\/wp\/v2\/posts"}],"about":[{"href":"https:\/\/sosuaonline.net\/inicio\/wp-json\/wp\/v2\/types\/post"}],"author":[{"embeddable":true,"href":"https:\/\/sosuaonline.net\/inicio\/wp-json\/wp\/v2\/users\/9"}],"replies":[{"embeddable":true,"href":"https:\/\/sosuaonline.net\/inicio\/wp-json\/wp\/v2\/comments?post=111735"}],"version-history":[{"count":1,"href":"https:\/\/sosuaonline.net\/inicio\/wp-json\/wp\/v2\/posts\/111735\/revisions"}],"predecessor-version":[{"id":111737,"href":"https:\/\/sosuaonline.net\/inicio\/wp-json\/wp\/v2\/posts\/111735\/revisions\/111737"}],"wp:featuredmedia":[{"embeddable":true,"href":"https:\/\/sosuaonline.net\/inicio\/wp-json\/wp\/v2\/media\/111736"}],"wp:attachment":[{"href":"https:\/\/sosuaonline.net\/inicio\/wp-json\/wp\/v2\/media?parent=111735"}],"wp:term":[{"taxonomy":"category","embeddable":true,"href":"https:\/\/sosuaonline.net\/inicio\/wp-json\/wp\/v2\/categories?post=111735"},{"taxonomy":"post_tag","embeddable":true,"href":"https:\/\/sosuaonline.net\/inicio\/wp-json\/wp\/v2\/tags?post=111735"}],"curies":[{"name":"wp","href":"https:\/\/api.w.org\/{rel}","templated":true}]}}