{"id":11174,"date":"2011-02-19T14:36:53","date_gmt":"2011-02-19T18:36:53","guid":{"rendered":"http:\/\/sosuaonline.net\/inicio\/?p=11174"},"modified":"2014-11-30T14:51:08","modified_gmt":"2014-11-30T18:51:08","slug":"sabias-que-el-insecticida-comun-podria-afectar-la-inteligencia-de-los-ninos","status":"publish","type":"post","link":"https:\/\/sosuaonline.net\/inicio\/sabias-que-el-insecticida-comun-podria-afectar-la-inteligencia-de-los-ninos\/","title":{"rendered":"\u00bfSab\u00edas que el insecticida com\u00fan podr\u00eda afectar la inteligencia de los ni\u00f1os?"},"content":{"rendered":"<div class=\"article-tools clearfix\">\n<p><a href=\"http:\/\/sosuaonline.net\/inicio\/wp-content\/uploads\/2014\/11\/insecticida_200_200.jpg\"><img loading=\"lazy\" decoding=\"async\" data-attachment-id=\"11183\" data-permalink=\"https:\/\/sosuaonline.net\/inicio\/sabias-que-el-insecticida-comun-podria-afectar-la-inteligencia-de-los-ninos\/insecticida_200_200\/\" data-orig-file=\"https:\/\/sosuaonline.net\/inicio\/wp-content\/uploads\/2014\/11\/insecticida_200_200.jpg\" data-orig-size=\"200,200\" data-comments-opened=\"0\" data-image-meta=\"{&quot;aperture&quot;:&quot;0&quot;,&quot;credit&quot;:&quot;&quot;,&quot;camera&quot;:&quot;&quot;,&quot;caption&quot;:&quot;&quot;,&quot;created_timestamp&quot;:&quot;0&quot;,&quot;copyright&quot;:&quot;&quot;,&quot;focal_length&quot;:&quot;0&quot;,&quot;iso&quot;:&quot;0&quot;,&quot;shutter_speed&quot;:&quot;0&quot;,&quot;title&quot;:&quot;&quot;,&quot;orientation&quot;:&quot;0&quot;}\" data-image-title=\"insecticida_200_200\" data-image-description=\"\" data-image-caption=\"\" data-medium-file=\"https:\/\/sosuaonline.net\/inicio\/wp-content\/uploads\/2014\/11\/insecticida_200_200.jpg\" data-large-file=\"https:\/\/sosuaonline.net\/inicio\/wp-content\/uploads\/2014\/11\/insecticida_200_200.jpg\" class=\"size-full wp-image-11183 alignleft\" src=\"http:\/\/sosuaonline.net\/inicio\/wp-content\/uploads\/2014\/11\/insecticida_200_200.jpg\" alt=\"insecticida_200_200\" width=\"200\" height=\"200\" srcset=\"https:\/\/sosuaonline.net\/inicio\/wp-content\/uploads\/2014\/11\/insecticida_200_200.jpg 200w, https:\/\/sosuaonline.net\/inicio\/wp-content\/uploads\/2014\/11\/insecticida_200_200-150x150.jpg 150w, https:\/\/sosuaonline.net\/inicio\/wp-content\/uploads\/2014\/11\/insecticida_200_200-120x120.jpg 120w\" sizes=\"auto, (max-width: 200px) 100vw, 200px\" \/><\/a>Los beb\u00e9s de mujeres expuestas a una sustancia qu\u00edmica de los insecticidas durante el embarazo tendr\u00edan un desarrollo cerebral m\u00e1s lento, seg\u00fan un estudio realizado en los Estados Unidos.<\/p>\n<\/div>\n<p><!--more--><\/p>\n<div class=\"article-content\">\n<p>Las mujeres que m\u00e1s cantidad de but\u00f3xido de piperonilo (BOP) hab\u00edan respirado, tuvieron beb\u00e9s que obtuvieron 3,9 puntos menos que el promedio en un test de desarrollo a los 3 a\u00f1os (el resultado normal es de 85 puntos o m\u00e1s). Esos cambios fueron similares a los observados en ni\u00f1os con baja exposici\u00f3n al plomo, indic\u00f3 Megan Horton, investigadora de la Columbia University y coautora del estudio.<\/p>\n<p>\u201cEso quiere decir que a estos <strong>beb\u00e9s no les ir\u00e1 tan bien en la escuela<\/strong>\u201c, dijo Horton sobre el estudio publicado en<strong>Pediatrics<\/strong>.<\/p>\n<p><strong>El cerebro del beb\u00e9 es extremadamente vulnerable <\/strong>a las sustancias qu\u00edmicas t\u00f3xicas porque est\u00e1 en formaci\u00f3n. \u201cSi se altera la huella dactilar, aparecen consecuencias de largo plazo\u201d, se\u00f1al\u00f3 Horton.<\/p>\n<p>El equipo analiz\u00f3 muestras de aire del ambiente en el que viv\u00edan cientos de embarazadas para identificar los niveles de BOP y otra sustancia qu\u00edmica llamada permetrina. <strong>Ambas sustancias son componentes de los insecticidas de uso dom\u00e9stico<\/strong>.<\/p>\n<p>La <strong>permetrina<\/strong> no estuvo asociada con las habilidades mentales de los beb\u00e9s, pero entre las 42 mujeres que hab\u00edan respirado los niveles m\u00e1s altos de BOP (unas 4 partes por trill\u00f3n), casi la mitad ten\u00eda un beb\u00e9 con un desarrollo mental por debajo del normal. Eso a diferencia de apenas una de cada cinco mujeres expuestas a niveles bajos o indetectables de BOP.<\/p>\n<p>Aun as\u00ed, los resultados no prueban que el BOP cause el retraso del desarrollo. Seg\u00fan Horton, se desconoce la cantidad promedio de BOP en el aire y si los niveles bajos son seguros. \u201cEs probable que para estas sustancias t\u00f3xicas no exista algo as\u00ed como un nivel seguro durante el embarazo\u201d, sostuvo el doctor Philip Landrigan, director del Centro de Salud Ambiental Infantil de la Escuela de Medicina de Mount Sinai, quien no particip\u00f3 del estudio.<\/p>\n<\/div>\n","protected":false},"excerpt":{"rendered":"<p>Los beb\u00e9s de mujeres expuestas a una sustancia qu\u00edmica de los insecticidas durante el embarazo tendr\u00edan un desarrollo cerebral m\u00e1s lento, seg\u00fan un estudio realizado en los Estados Unidos.<\/p>\n","protected":false},"author":3,"featured_media":0,"comment_status":"closed","ping_status":"closed","sticky":false,"template":"","format":"standard","meta":{"advanced_seo_description":"","jetpack_seo_html_title":"","jetpack_seo_noindex":false,"_jetpack_memberships_contains_paid_content":false,"footnotes":"","jetpack_publicize_message":"","jetpack_publicize_feature_enabled":true,"jetpack_social_post_already_shared":false,"jetpack_social_options":{"image_generator_settings":{"template":"highway","default_image_id":0,"font":"","enabled":false},"version":2}},"categories":[6],"tags":[],"class_list":["post-11174","post","type-post","status-publish","format-standard","hentry","category-salud-bienestar"],"jetpack_publicize_connections":[],"jetpack_featured_media_url":"","jetpack_sharing_enabled":true,"_links":{"self":[{"href":"https:\/\/sosuaonline.net\/inicio\/wp-json\/wp\/v2\/posts\/11174","targetHints":{"allow":["GET"]}}],"collection":[{"href":"https:\/\/sosuaonline.net\/inicio\/wp-json\/wp\/v2\/posts"}],"about":[{"href":"https:\/\/sosuaonline.net\/inicio\/wp-json\/wp\/v2\/types\/post"}],"author":[{"embeddable":true,"href":"https:\/\/sosuaonline.net\/inicio\/wp-json\/wp\/v2\/users\/3"}],"replies":[{"embeddable":true,"href":"https:\/\/sosuaonline.net\/inicio\/wp-json\/wp\/v2\/comments?post=11174"}],"version-history":[{"count":1,"href":"https:\/\/sosuaonline.net\/inicio\/wp-json\/wp\/v2\/posts\/11174\/revisions"}],"predecessor-version":[{"id":11186,"href":"https:\/\/sosuaonline.net\/inicio\/wp-json\/wp\/v2\/posts\/11174\/revisions\/11186"}],"wp:attachment":[{"href":"https:\/\/sosuaonline.net\/inicio\/wp-json\/wp\/v2\/media?parent=11174"}],"wp:term":[{"taxonomy":"category","embeddable":true,"href":"https:\/\/sosuaonline.net\/inicio\/wp-json\/wp\/v2\/categories?post=11174"},{"taxonomy":"post_tag","embeddable":true,"href":"https:\/\/sosuaonline.net\/inicio\/wp-json\/wp\/v2\/tags?post=11174"}],"curies":[{"name":"wp","href":"https:\/\/api.w.org\/{rel}","templated":true}]}}