{"id":111752,"date":"2026-04-30T08:02:13","date_gmt":"2026-04-30T12:02:13","guid":{"rendered":"https:\/\/sosuaonline.net\/inicio\/?p=111752"},"modified":"2026-04-30T08:02:13","modified_gmt":"2026-04-30T12:02:13","slug":"dia-internacional-del-jazz-mas-de-100-anos-de-notable-presencia-entre-dominicanos","status":"publish","type":"post","link":"https:\/\/sosuaonline.net\/inicio\/dia-internacional-del-jazz-mas-de-100-anos-de-notable-presencia-entre-dominicanos\/","title":{"rendered":"D\u00eda Internacional del Jazz: m\u00e1s de 100 a\u00f1os de notable presencia entre dominicanos"},"content":{"rendered":"<p id=\"m20690-20689-20691\"><img loading=\"lazy\" decoding=\"async\" data-attachment-id=\"111753\" data-permalink=\"https:\/\/sosuaonline.net\/inicio\/dia-internacional-del-jazz-mas-de-100-anos-de-notable-presencia-entre-dominicanos\/64307c7b523f3\/\" data-orig-file=\"https:\/\/sosuaonline.net\/inicio\/wp-content\/uploads\/2026\/04\/64307c7b523f3.jpeg\" data-orig-size=\"800,533\" data-comments-opened=\"0\" data-image-meta=\"{&quot;aperture&quot;:&quot;0&quot;,&quot;credit&quot;:&quot;&quot;,&quot;camera&quot;:&quot;&quot;,&quot;caption&quot;:&quot;&quot;,&quot;created_timestamp&quot;:&quot;0&quot;,&quot;copyright&quot;:&quot;&quot;,&quot;focal_length&quot;:&quot;0&quot;,&quot;iso&quot;:&quot;0&quot;,&quot;shutter_speed&quot;:&quot;0&quot;,&quot;title&quot;:&quot;&quot;,&quot;orientation&quot;:&quot;0&quot;}\" data-image-title=\"64307c7b523f3\" data-image-description=\"\" data-image-caption=\"\" data-medium-file=\"https:\/\/sosuaonline.net\/inicio\/wp-content\/uploads\/2026\/04\/64307c7b523f3-300x200.jpeg\" data-large-file=\"https:\/\/sosuaonline.net\/inicio\/wp-content\/uploads\/2026\/04\/64307c7b523f3.jpeg\" class=\" wp-image-111753 alignleft\" src=\"https:\/\/sosuaonline.net\/inicio\/wp-content\/uploads\/2026\/04\/64307c7b523f3.jpeg\" alt=\"\" width=\"395\" height=\"263\" srcset=\"https:\/\/sosuaonline.net\/inicio\/wp-content\/uploads\/2026\/04\/64307c7b523f3.jpeg 800w, https:\/\/sosuaonline.net\/inicio\/wp-content\/uploads\/2026\/04\/64307c7b523f3-300x200.jpeg 300w, https:\/\/sosuaonline.net\/inicio\/wp-content\/uploads\/2026\/04\/64307c7b523f3-768x512.jpeg 768w\" sizes=\"auto, (max-width: 395px) 100vw, 395px\" \/>Entre los a\u00f1os 1915 y 1916, en medio de la incertidumbre y los conflictos b\u00e9licos que atravesaba Rep\u00fablica Dominicana durante la intervenci\u00f3n estadounidense, hab\u00eda algo m\u00e1s all\u00e1 de la hostilidad floreciendo entre la sociedad dominicana. En esta \u00e9poca, Estados Unidos trajo consigo armas, nuevas reglas y cientos de militares uniformados, pero tambi\u00e9n trajo su lengua, sus costumbres y como no, su m\u00fasica. As\u00ed fue como para esta \u00e9poca el jazz empez\u00f3 a tomar m\u00e1s relevancia en la escena musical dominicana y poco a poco fue formando su propia identidad dentro de la isla.<\/p>\n<p id=\"m20695-20694-20696\">Sin embargo, no se le puede atribuir todo el cr\u00e9dito a la potencia norteamericana, pues el jazz tambi\u00e9n fue un resultado multicultural de herencia afrodescendiente. Este g\u00e9nero surgi\u00f3 en comunidades afroamericanas que en el siglo XIX resid\u00edan en el estado de Nueva Orleans; fueron originalmente esclavos negros, quienes obligados a incorporar el lenguaje musical europeo a sus propios ritmos africanos para poder seguir haciendo m\u00fasica, dieron vida al jazz, convirti\u00e9ndolo en un s\u00edmbolo de resistencia negra y en un g\u00e9nero musical complejo y revolucionario.<\/p>\n<p id=\"m20700-20699-20701\">En noviembre de 2011, la UNESCO design\u00f3 oficialmente el 30 de abril como el D\u00eda Internacional del Jazz para resaltar el jazz y su papel diplom\u00e1tico de unir a las personas en todos los rincones del mundo.<\/p>\n<p id=\"m20705-20704-20706\">En Rep\u00fablica Dominicana el saxof\u00f3n (uno de los instrumentos musicales m\u00e1s emblem\u00e1ticos del jazz) ten\u00eda historia en el pa\u00eds desde la d\u00e9cada de los 1860, as\u00ed que cuando llegaron las tropas Norteamericanas,no fue dif\u00edcil para los m\u00fasicos de la \u00e9poca incorporar este nuevo formato musical.<\/p>\n<p id=\"m20710-20709-20711\">Aunque suene dif\u00edcil de creer, el jazz, y en general los ritmos for\u00e1neos, despertaron resistencia entre ciertos dominicanos, quienes rechazaban la invasi\u00f3n norteamericana y lo que proviniera de ella. Por ejemplo, Pedro Henr\u00edquez Ure\u00f1a en sus escritos sobre el merengue en \u201cM\u00fasica popular de Am\u00e9rica\u201d en 1929, describe este g\u00e9nero como \u201cm\u00fasica moderna vulgar\u201d.<\/p>\n<p id=\"m20715-20714-20716\">Est\u00e1 dem\u00e1s decir que esta negativa no fue suficiente para detener la expansi\u00f3n de la corriente jazz\u00edstica en suelo dominicano. La industria musical fue fomentando formatos musicales como las Big Bands y una vez establecido el jazz en el pa\u00eds, surgieron nuevas tendencias como el \u201cMeren-jazz\u201d el \u201cAfro-Domincan jazz\u201d entre otras conexiones que se han mantenido hasta la actualidad.<\/p>\n<p id=\"m20720-20719-20721\">En la d\u00e9cada de los 50s, Radio Guarachita era la emisora estrella del pa\u00eds, destacada por su difusi\u00f3n de la bachata, empez\u00f3 tambi\u00e9n a incorporar el jazz en su repertorio musical y para esta \u00e9poca floreci\u00f3 la primera generaci\u00f3n de jazzistas dominicanos.<\/p>\n<p id=\"m20725-20724-20726\">Los que le dieron vida<\/p>\n<p id=\"m20730-20729-20731\">Figuras como Rafael Solano, Homero Le\u00f3n D\u00edaz, Tut\u00edn Beras Goico, Freddy Ginebra y Federico Astwood, promovieron el g\u00e9nero en clubes y centros culturales del pa\u00eds.<\/p>\n<p id=\"m20735-20734-20736\">Fue en la d\u00e9cada posterior, en los a\u00f1os 60s, cuando entra a esta escena musical un ni\u00f1o de tan s\u00f3lo 14 a\u00f1os, ser\u00eda un gran precursor y figura del jazz no tan s\u00f3lo en tierras locales, sino una pieza clave del jazz caribe\u00f1o y latino para el resto del mundo.<\/p>\n<p id=\"m20740-20739-20741\">As\u00ed es como poco a poco el nombre de Michel Camilo va tomando cada vez m\u00e1s relevancia en la palestra musical. Desde joven estudi\u00f3 en el Conservatorio Nacional de M\u00fasica y a los 16 a\u00f1os se convirti\u00f3 en miembro de la Orquesta Sinf\u00f3nica Nacional, llegando a Nueva York a seguir su pasi\u00f3n por el jazz en el a\u00f1o 1979.<\/p>\n<p id=\"m20745-20744-20746\">No es de extra\u00f1arse que con esta amplia trayectoria, el dominicano Michel Camilo pasar\u00eda a tener una discograf\u00eda reconocida con los m\u00e1s altos galardones de la m\u00fasica a nivel internacional, desde Grammys y Latin Grammys, hasta un Emmy y como no, varios Premios Casandra y El Soberano en el pa\u00eds.<\/p>\n<p id=\"m20750-20749-20751\">Otro gran precursor fue Cleto Octavio \u201cTavito\u201d V\u00e1squez, quien fue uno de los primeros m\u00fasicos en combinar el lenguaje popular del saxo t\u00edpico dominicano con las influencias del jazz y el bebop en la improvisaci\u00f3n. Igualmente, Francisco \u201cGuillo\u201d Car\u00edas, trompetista y pianista, fue el creador del primer concierto de jazz sinf\u00f3nico en Rep\u00fablica Dominicana. El percusionista Guarionex Aquino desarroll\u00f3 un lenguaje musical fusionando elementos de m\u00fasica brasile\u00f1a, afro y world music.<\/p>\n<p id=\"m20755-20754-20756\">Entre quienes han hecho grandes aportes al desarrollo del jazz en el pa\u00eds se encuentran tambi\u00e9n Manuel Tejada, Sandy Gabriel, Rafelito Mirabal, Pengbian Sang, Oscar Micheli, Patricia Pereyra y Sly de Moya.<\/p>\n<p id=\"m20760-20759-20761\">El Jazz sigue vivo en RD<\/p>\n<p id=\"m20765-20764-20766\">El jazz est\u00e1 presente hoy m\u00e1s que nunca en la escena musical de los dominicanos y la juventud se interesa cada vez m\u00e1s en este movimiento musical y cultural.<\/p>\n<p id=\"m20770-20769-20771\">El Cabarete Jazz Festival (festival independiente), es un evento esperado y anhelado por los j\u00f3venes dominicanos amantes de la m\u00fasica. Con m\u00e1s de 20 a\u00f1os brindando estas experiencias al p\u00fablico, ha tomado fuerza en el calendario cultural del pa\u00eds de cada a\u00f1o. Trayendo a escenarios locales a artistas de talla internacional y brindando una experiencia musical inmersiva en el pa\u00eds.<\/p>\n<p id=\"m20775-20774-20776\">RetroJazz, una agrupaci\u00f3n nacida en el 2001, nace con la visi\u00f3n de dar una nueva identidad y soplo de vida al jazz en Rep\u00fablica Dominicana, bajo la direcci\u00f3n de Pengbian Sang, la agrupaci\u00f3n se lanz\u00f3 a la misi\u00f3n de reinterpretar cl\u00e1sicos de compositores nacionales y convertir el cancionero dominicano a Jazz. Este formato tuvo tanto \u00e9xito entre los amantes de la m\u00fasica en el pa\u00eds, que su primer disco, \u201cJazzeando el Cancionero Dominicano Vol. 1\u201d, fue reconocido en los Premios Soberano 2014 como \u00c1lbum del A\u00f1o, un logro in\u00e9dito para una producci\u00f3n de jazz en el pa\u00eds.<\/p>\n","protected":false},"excerpt":{"rendered":"<p>Entre los a\u00f1os 1915 y 1916, en medio de la incertidumbre y los conflictos b\u00e9licos que atravesaba Rep\u00fablica Dominicana durante la intervenci\u00f3n estadounidense, hab\u00eda algo m\u00e1s all\u00e1 de la hostilidad floreciendo entre la sociedad dominicana. En esta \u00e9poca, Estados Unidos trajo consigo armas, nuevas reglas y cientos de militares uniformados, pero tambi\u00e9n trajo su lengua, sus costumbres y como no, su m\u00fasica. As\u00ed fue como para esta \u00e9poca el jazz empez\u00f3 a tomar m\u00e1s relevancia en la escena musical dominicana y poco a poco fue formando su propia identidad dentro de la isla. Sin embargo, no se le puede atribuir todo el cr\u00e9dito a la potencia norteamericana, pues el jazz tambi\u00e9n fue un resultado multicultural de herencia afrodescendiente. Este g\u00e9nero surgi\u00f3 en comunidades afroamericanas que en el siglo XIX resid\u00edan en el estado de Nueva Orleans; fueron originalmente esclavos negros, quienes obligados a incorporar el lenguaje musical europeo a sus propios ritmos africanos para poder seguir haciendo m\u00fasica, dieron vida al jazz, convirti\u00e9ndolo en un s\u00edmbolo de resistencia negra y en un g\u00e9nero musical complejo y revolucionario. En noviembre de 2011, la UNESCO design\u00f3 oficialmente el 30 de abril como el D\u00eda Internacional del Jazz para resaltar el jazz y su papel diplom\u00e1tico de unir a las personas en todos los rincones del mundo. En Rep\u00fablica Dominicana el saxof\u00f3n (uno de los instrumentos musicales m\u00e1s emblem\u00e1ticos del jazz) ten\u00eda historia en el pa\u00eds desde la d\u00e9cada de los 1860, as\u00ed que cuando llegaron las tropas Norteamericanas,no fue dif\u00edcil para los m\u00fasicos de la \u00e9poca incorporar este nuevo formato musical. Aunque suene dif\u00edcil de creer, el jazz, y en general los ritmos for\u00e1neos, despertaron resistencia entre ciertos dominicanos, quienes rechazaban la invasi\u00f3n norteamericana y lo que proviniera de ella. Por ejemplo, Pedro Henr\u00edquez Ure\u00f1a en sus escritos sobre el merengue en \u201cM\u00fasica popular de Am\u00e9rica\u201d en 1929, describe este g\u00e9nero como \u201cm\u00fasica moderna vulgar\u201d. Est\u00e1 dem\u00e1s decir que esta negativa no fue suficiente para detener la expansi\u00f3n de la corriente jazz\u00edstica en suelo dominicano. La industria musical fue fomentando formatos musicales como las Big Bands y una vez establecido el jazz en el pa\u00eds, surgieron nuevas tendencias como el \u201cMeren-jazz\u201d el \u201cAfro-Domincan jazz\u201d entre otras conexiones que se han mantenido hasta la actualidad. En la d\u00e9cada de los 50s, Radio Guarachita era la emisora estrella del pa\u00eds, destacada por su difusi\u00f3n de la bachata, empez\u00f3 tambi\u00e9n a incorporar el jazz en su repertorio musical y para esta \u00e9poca floreci\u00f3 la primera generaci\u00f3n de jazzistas dominicanos. Los que le dieron vida Figuras como Rafael Solano, Homero Le\u00f3n D\u00edaz, Tut\u00edn Beras Goico, Freddy Ginebra y Federico Astwood, promovieron el g\u00e9nero en clubes y centros culturales del pa\u00eds. Fue en la d\u00e9cada posterior, en los a\u00f1os 60s, cuando entra a esta escena musical un ni\u00f1o de tan s\u00f3lo 14 a\u00f1os, ser\u00eda un gran precursor y figura del jazz no tan s\u00f3lo en tierras locales, sino una pieza clave del jazz caribe\u00f1o y latino para el resto del mundo. As\u00ed es como poco a poco el nombre de Michel Camilo va tomando cada vez m\u00e1s relevancia en la palestra musical. Desde joven estudi\u00f3 en el Conservatorio Nacional de M\u00fasica y a los 16 a\u00f1os se convirti\u00f3 en miembro de la Orquesta Sinf\u00f3nica Nacional, llegando a Nueva York a seguir su pasi\u00f3n por el jazz en el a\u00f1o 1979. No es de extra\u00f1arse que con esta amplia trayectoria, el dominicano Michel Camilo pasar\u00eda a tener una discograf\u00eda reconocida con los m\u00e1s altos galardones de la m\u00fasica a nivel internacional, desde Grammys y Latin Grammys, hasta un Emmy y como no, varios Premios Casandra y El Soberano en el pa\u00eds. Otro gran precursor fue Cleto Octavio \u201cTavito\u201d V\u00e1squez, quien fue uno de los primeros m\u00fasicos en combinar el lenguaje popular del saxo t\u00edpico dominicano con las influencias del jazz y el bebop en la improvisaci\u00f3n. Igualmente, Francisco \u201cGuillo\u201d Car\u00edas, trompetista y pianista, fue el creador del primer concierto de jazz sinf\u00f3nico en Rep\u00fablica Dominicana. El percusionista Guarionex Aquino desarroll\u00f3 un lenguaje musical fusionando elementos de m\u00fasica brasile\u00f1a, afro y world music. Entre quienes han hecho grandes aportes al desarrollo del jazz en el pa\u00eds se encuentran tambi\u00e9n Manuel Tejada, Sandy Gabriel, Rafelito Mirabal, Pengbian Sang, Oscar Micheli, Patricia Pereyra y Sly de Moya. El Jazz sigue vivo en RD El jazz est\u00e1 presente hoy m\u00e1s que nunca en la escena musical de los dominicanos y la juventud se interesa cada vez m\u00e1s en este movimiento musical y cultural. El Cabarete Jazz Festival (festival independiente), es un evento esperado y anhelado por los j\u00f3venes dominicanos amantes de la m\u00fasica. Con m\u00e1s de 20 a\u00f1os brindando estas experiencias al p\u00fablico, ha tomado fuerza en el calendario cultural del pa\u00eds de cada a\u00f1o. Trayendo a escenarios locales a artistas de talla internacional y brindando una experiencia musical inmersiva en el pa\u00eds. RetroJazz, una agrupaci\u00f3n nacida en el 2001, nace con la visi\u00f3n de dar una nueva identidad y soplo de vida al jazz en Rep\u00fablica Dominicana, bajo la direcci\u00f3n de Pengbian Sang, la agrupaci\u00f3n se lanz\u00f3 a la misi\u00f3n de reinterpretar cl\u00e1sicos de compositores nacionales y convertir el cancionero dominicano a Jazz. Este formato tuvo tanto \u00e9xito entre los amantes de la m\u00fasica en el pa\u00eds, que su primer disco, \u201cJazzeando el Cancionero Dominicano Vol. 1\u201d, fue reconocido en los Premios Soberano 2014 como \u00c1lbum del A\u00f1o, un logro in\u00e9dito para una producci\u00f3n de jazz en el pa\u00eds.<\/p>\n","protected":false},"author":9,"featured_media":111753,"comment_status":"closed","ping_status":"closed","sticky":false,"template":"","format":"standard","meta":{"advanced_seo_description":"","jetpack_seo_html_title":"","jetpack_seo_noindex":false,"_jetpack_memberships_contains_paid_content":false,"footnotes":"","jetpack_publicize_message":"","jetpack_publicize_feature_enabled":true,"jetpack_social_post_already_shared":true,"jetpack_social_options":{"image_generator_settings":{"template":"highway","default_image_id":0,"font":"","enabled":false},"version":2}},"categories":[4],"tags":[],"class_list":["post-111752","post","type-post","status-publish","format-standard","has-post-thumbnail","hentry","category-entretenimiento"],"jetpack_publicize_connections":[],"jetpack_featured_media_url":"https:\/\/sosuaonline.net\/inicio\/wp-content\/uploads\/2026\/04\/64307c7b523f3.jpeg","jetpack_sharing_enabled":true,"_links":{"self":[{"href":"https:\/\/sosuaonline.net\/inicio\/wp-json\/wp\/v2\/posts\/111752","targetHints":{"allow":["GET"]}}],"collection":[{"href":"https:\/\/sosuaonline.net\/inicio\/wp-json\/wp\/v2\/posts"}],"about":[{"href":"https:\/\/sosuaonline.net\/inicio\/wp-json\/wp\/v2\/types\/post"}],"author":[{"embeddable":true,"href":"https:\/\/sosuaonline.net\/inicio\/wp-json\/wp\/v2\/users\/9"}],"replies":[{"embeddable":true,"href":"https:\/\/sosuaonline.net\/inicio\/wp-json\/wp\/v2\/comments?post=111752"}],"version-history":[{"count":1,"href":"https:\/\/sosuaonline.net\/inicio\/wp-json\/wp\/v2\/posts\/111752\/revisions"}],"predecessor-version":[{"id":111754,"href":"https:\/\/sosuaonline.net\/inicio\/wp-json\/wp\/v2\/posts\/111752\/revisions\/111754"}],"wp:featuredmedia":[{"embeddable":true,"href":"https:\/\/sosuaonline.net\/inicio\/wp-json\/wp\/v2\/media\/111753"}],"wp:attachment":[{"href":"https:\/\/sosuaonline.net\/inicio\/wp-json\/wp\/v2\/media?parent=111752"}],"wp:term":[{"taxonomy":"category","embeddable":true,"href":"https:\/\/sosuaonline.net\/inicio\/wp-json\/wp\/v2\/categories?post=111752"},{"taxonomy":"post_tag","embeddable":true,"href":"https:\/\/sosuaonline.net\/inicio\/wp-json\/wp\/v2\/tags?post=111752"}],"curies":[{"name":"wp","href":"https:\/\/api.w.org\/{rel}","templated":true}]}}