{"id":111755,"date":"2026-04-30T08:08:40","date_gmt":"2026-04-30T12:08:40","guid":{"rendered":"https:\/\/sosuaonline.net\/inicio\/?p=111755"},"modified":"2026-04-30T08:08:40","modified_gmt":"2026-04-30T12:08:40","slug":"las-enfermeras-se-lanzan-a-un-paro-nacional-de-labores-por-24-horas","status":"publish","type":"post","link":"https:\/\/sosuaonline.net\/inicio\/las-enfermeras-se-lanzan-a-un-paro-nacional-de-labores-por-24-horas\/","title":{"rendered":"Las enfermeras se lanzan a un paro nacional de labores por 24 horas"},"content":{"rendered":"<p id=\"m102259-102258-102260\"><img loading=\"lazy\" decoding=\"async\" data-attachment-id=\"111756\" data-permalink=\"https:\/\/sosuaonline.net\/inicio\/las-enfermeras-se-lanzan-a-un-paro-nacional-de-labores-por-24-horas\/69f29a110a679\/\" data-orig-file=\"https:\/\/sosuaonline.net\/inicio\/wp-content\/uploads\/2026\/04\/69f29a110a679.jpeg\" data-orig-size=\"800,533\" data-comments-opened=\"0\" data-image-meta=\"{&quot;aperture&quot;:&quot;0&quot;,&quot;credit&quot;:&quot;&quot;,&quot;camera&quot;:&quot;&quot;,&quot;caption&quot;:&quot;&quot;,&quot;created_timestamp&quot;:&quot;0&quot;,&quot;copyright&quot;:&quot;&quot;,&quot;focal_length&quot;:&quot;0&quot;,&quot;iso&quot;:&quot;0&quot;,&quot;shutter_speed&quot;:&quot;0&quot;,&quot;title&quot;:&quot;&quot;,&quot;orientation&quot;:&quot;0&quot;}\" data-image-title=\"69f29a110a679\" data-image-description=\"\" data-image-caption=\"\" data-medium-file=\"https:\/\/sosuaonline.net\/inicio\/wp-content\/uploads\/2026\/04\/69f29a110a679-300x200.jpeg\" data-large-file=\"https:\/\/sosuaonline.net\/inicio\/wp-content\/uploads\/2026\/04\/69f29a110a679.jpeg\" class=\" wp-image-111756 alignleft\" src=\"https:\/\/sosuaonline.net\/inicio\/wp-content\/uploads\/2026\/04\/69f29a110a679.jpeg\" alt=\"\" width=\"363\" height=\"242\" srcset=\"https:\/\/sosuaonline.net\/inicio\/wp-content\/uploads\/2026\/04\/69f29a110a679.jpeg 800w, https:\/\/sosuaonline.net\/inicio\/wp-content\/uploads\/2026\/04\/69f29a110a679-300x200.jpeg 300w, https:\/\/sosuaonline.net\/inicio\/wp-content\/uploads\/2026\/04\/69f29a110a679-768x512.jpeg 768w\" sizes=\"auto, (max-width: 363px) 100vw, 363px\" \/>Las enfermeras ratificaron el mi\u00e9rcoles el llamado a paro de labores por 24 horas que realizaron el pasado 22 de abril con el fin de exigir el reconocimiento de sus reivindicaciones y la firma de acuerdos con el Gobierno.<\/p>\n<p id=\"m102264-102263-102265\">El Sindicato Nacional de Trabajadores de Enfermer\u00eda (Sinatrae), la Asociaci\u00f3n Nacional de Enfermer\u00eda (Asonaen), Uni\u00f3n Nacional de Servicios de Enfermer\u00eda (Unased), Codopen y Unasecas exigen, en conjunto, la remuneraci\u00f3n del tiempo en servicio, los cambios de designaci\u00f3n o reclasificaci\u00f3n, la nivelaci\u00f3n de sueldos, la aplicaci\u00f3n de incentivos por distancia, pensiones completas para el personal que ha cumplido con los a\u00f1os de servicio y nombramientos de nuevas enfermeras.<\/p>\n<p id=\"m102269-102268-102270\">\u201cEstamos reclamando nuestros derechos, ya tenemos mucho tiempo y a ustedes les consta. Estamos luchando por nuestras reivindicaciones, la firma de los acuerdos es lo \u00fanico que les estamos exigiendo, y hasta ahora nos han ignorado\u201d, precisan.<\/p>\n<p id=\"m102274-102273-102275\">Y agregan sentirse \u201cdesprestigiadas, nos sentimos ignoradas, nos sentimos humilladas, porque nuestro presidente y las autoridades de salud hasta ahora no han respondido al llamado nuestro\u201d.<\/p>\n<p id=\"m102279-102278-102280\">Se quejan de que las autoridades han firmado, aplicado y entregado reivindicaciones a otras l\u00edneas de salud, pero \u201ca enfermer\u00eda no\u201d, recordando que \u201cnosotras compartimos escenarios, trabajamos en el mismo lugar, pero con la diferencia de que nosotros somos los que ejecutamos\u201d.<\/p>\n<p id=\"m102284-102283-102285\">Recuerdan que si enfermer\u00eda no ejecuta una orden m\u00e9dica, \u201cno se aplica, no se administra, y el paciente no se recupera; despu\u00e9s de Dios nosotros somos los que hacemos el trabajo pr\u00e1ctico, el trabajo t\u00e9cnico en las \u00e1reas\u201d, expres\u00f3 Ana Linares, vicepresidenta del Comit\u00e9 Ejecutivo de Enfermer\u00eda.<\/p>\n<p id=\"m102289-102288-102290\">Las enfermeras se\u00f1alaron, en la explanada del Hospital General Doctor Moscoso Puello, que son 14 las solicitudes que les hacen a las autoridades del \u00e1rea de Salud, pero que estas las han disminuido hasta cuatro y todav\u00eda est\u00e1n pendientes de respuestas.<\/p>\n<p id=\"m102294-102293-102295\">Durante la jornada de ayer, el sector de enfermer\u00eda declar\u00f3 que estaba exigiendo pensiones completas para las enfermeras con m\u00e1s de 30 a\u00f1os en servicio y m\u00e1s de 70 a\u00f1os de edad, enfermas; enfermeras con c\u00e1ncer que las pensionan con pensiones de 20,000 y 15,000 pesos.<\/p>\n<p id=\"m102299-102298-102300\">\u201cTambi\u00e9n estamos exigiendo reclasificaci\u00f3n: tenemos enfermeras hasta con doctorados, trabajando como auxiliares. Y hoy estamos aqu\u00ed exigiendo un derecho. Estamos en pie de lucha el d\u00eda de hoy para que el presidente nos reciba. Ya no queremos vicepresidenta; ya no queremos ministros, porque cuando nos reunimos con ellos dicen que la \u00faltima palabra la tiene el presidente\u201d, expres\u00f3 Anyelo Santana, secretario de la juventud de Unased.<\/p>\n<p id=\"m102304-102303-102305\">Entre pancartas y consignas como: \u201cTodo ser humano pasa por esta mano\u201d; \u201cY solo estamos calentando el brazo\u201d; \u201cY esta lucha ya lleg\u00f3 al Palacio Nacional\u201d; \u201cNo es una limosna que estamos pidiendo, es nuestro derecho que estamos exigiendo\u201d. Se desarrolla la protesta desde la ma\u00f1ana del mi\u00e9rcoles.<\/p>\n<p id=\"m102309-102308-102310\"><b>Pacientes reaccionan<\/b><\/p>\n<p id=\"m102314-102313-102315\">Algunos pacientes del centro m\u00e9dico Moscoso Puello mostraron su respaldo a las demandas de las enfermeras y aseguraron que los servicios se estaban prestando con normalidad en algunas \u00e1reas, como en fisiatr\u00eda, sin embargo, su paro de labores caus\u00f3 inconformidad en algunos otros.<\/p>\n<p id=\"m102319-102318-102320\">\u201cCada quien deber\u00eda hacer su trabajo como debe ser. Si uno llega temprano deben atenderlo. Una fila que hubo, y esto estaba vac\u00edo totalmente, no hab\u00eda doctores, no hab\u00eda nada. Yo vengo a poner una cita\u201d, expres\u00f3 Jhon G\u00f3mez, quien dijo haber llegado a las 4:00 de la ma\u00f1ana al hospital para programar una cita y no hab\u00eda recibido el servicio.<\/p>\n","protected":false},"excerpt":{"rendered":"<p>Las enfermeras ratificaron el mi\u00e9rcoles el llamado a paro de labores por 24 horas que realizaron el pasado 22 de abril con el fin de exigir el reconocimiento de sus reivindicaciones y la firma de acuerdos con el Gobierno. El Sindicato Nacional de Trabajadores de Enfermer\u00eda (Sinatrae), la Asociaci\u00f3n Nacional de Enfermer\u00eda (Asonaen), Uni\u00f3n Nacional de Servicios de Enfermer\u00eda (Unased), Codopen y Unasecas exigen, en conjunto, la remuneraci\u00f3n del tiempo en servicio, los cambios de designaci\u00f3n o reclasificaci\u00f3n, la nivelaci\u00f3n de sueldos, la aplicaci\u00f3n de incentivos por distancia, pensiones completas para el personal que ha cumplido con los a\u00f1os de servicio y nombramientos de nuevas enfermeras. \u201cEstamos reclamando nuestros derechos, ya tenemos mucho tiempo y a ustedes les consta. Estamos luchando por nuestras reivindicaciones, la firma de los acuerdos es lo \u00fanico que les estamos exigiendo, y hasta ahora nos han ignorado\u201d, precisan. Y agregan sentirse \u201cdesprestigiadas, nos sentimos ignoradas, nos sentimos humilladas, porque nuestro presidente y las autoridades de salud hasta ahora no han respondido al llamado nuestro\u201d. Se quejan de que las autoridades han firmado, aplicado y entregado reivindicaciones a otras l\u00edneas de salud, pero \u201ca enfermer\u00eda no\u201d, recordando que \u201cnosotras compartimos escenarios, trabajamos en el mismo lugar, pero con la diferencia de que nosotros somos los que ejecutamos\u201d. Recuerdan que si enfermer\u00eda no ejecuta una orden m\u00e9dica, \u201cno se aplica, no se administra, y el paciente no se recupera; despu\u00e9s de Dios nosotros somos los que hacemos el trabajo pr\u00e1ctico, el trabajo t\u00e9cnico en las \u00e1reas\u201d, expres\u00f3 Ana Linares, vicepresidenta del Comit\u00e9 Ejecutivo de Enfermer\u00eda. Las enfermeras se\u00f1alaron, en la explanada del Hospital General Doctor Moscoso Puello, que son 14 las solicitudes que les hacen a las autoridades del \u00e1rea de Salud, pero que estas las han disminuido hasta cuatro y todav\u00eda est\u00e1n pendientes de respuestas. Durante la jornada de ayer, el sector de enfermer\u00eda declar\u00f3 que estaba exigiendo pensiones completas para las enfermeras con m\u00e1s de 30 a\u00f1os en servicio y m\u00e1s de 70 a\u00f1os de edad, enfermas; enfermeras con c\u00e1ncer que las pensionan con pensiones de 20,000 y 15,000 pesos. \u201cTambi\u00e9n estamos exigiendo reclasificaci\u00f3n: tenemos enfermeras hasta con doctorados, trabajando como auxiliares. Y hoy estamos aqu\u00ed exigiendo un derecho. Estamos en pie de lucha el d\u00eda de hoy para que el presidente nos reciba. Ya no queremos vicepresidenta; ya no queremos ministros, porque cuando nos reunimos con ellos dicen que la \u00faltima palabra la tiene el presidente\u201d, expres\u00f3 Anyelo Santana, secretario de la juventud de Unased. Entre pancartas y consignas como: \u201cTodo ser humano pasa por esta mano\u201d; \u201cY solo estamos calentando el brazo\u201d; \u201cY esta lucha ya lleg\u00f3 al Palacio Nacional\u201d; \u201cNo es una limosna que estamos pidiendo, es nuestro derecho que estamos exigiendo\u201d. Se desarrolla la protesta desde la ma\u00f1ana del mi\u00e9rcoles. Pacientes reaccionan Algunos pacientes del centro m\u00e9dico Moscoso Puello mostraron su respaldo a las demandas de las enfermeras y aseguraron que los servicios se estaban prestando con normalidad en algunas \u00e1reas, como en fisiatr\u00eda, sin embargo, su paro de labores caus\u00f3 inconformidad en algunos otros. \u201cCada quien deber\u00eda hacer su trabajo como debe ser. Si uno llega temprano deben atenderlo. Una fila que hubo, y esto estaba vac\u00edo totalmente, no hab\u00eda doctores, no hab\u00eda nada. Yo vengo a poner una cita\u201d, expres\u00f3 Jhon G\u00f3mez, quien dijo haber llegado a las 4:00 de la ma\u00f1ana al hospital para programar una cita y no hab\u00eda recibido el servicio.<\/p>\n","protected":false},"author":9,"featured_media":111756,"comment_status":"closed","ping_status":"closed","sticky":false,"template":"","format":"standard","meta":{"advanced_seo_description":"","jetpack_seo_html_title":"","jetpack_seo_noindex":false,"_jetpack_memberships_contains_paid_content":false,"footnotes":"","jetpack_publicize_message":"","jetpack_publicize_feature_enabled":true,"jetpack_social_post_already_shared":true,"jetpack_social_options":{"image_generator_settings":{"template":"highway","default_image_id":0,"font":"","enabled":false},"version":2}},"categories":[6],"tags":[],"class_list":["post-111755","post","type-post","status-publish","format-standard","has-post-thumbnail","hentry","category-salud-bienestar"],"jetpack_publicize_connections":[],"jetpack_featured_media_url":"https:\/\/sosuaonline.net\/inicio\/wp-content\/uploads\/2026\/04\/69f29a110a679.jpeg","jetpack_sharing_enabled":true,"_links":{"self":[{"href":"https:\/\/sosuaonline.net\/inicio\/wp-json\/wp\/v2\/posts\/111755","targetHints":{"allow":["GET"]}}],"collection":[{"href":"https:\/\/sosuaonline.net\/inicio\/wp-json\/wp\/v2\/posts"}],"about":[{"href":"https:\/\/sosuaonline.net\/inicio\/wp-json\/wp\/v2\/types\/post"}],"author":[{"embeddable":true,"href":"https:\/\/sosuaonline.net\/inicio\/wp-json\/wp\/v2\/users\/9"}],"replies":[{"embeddable":true,"href":"https:\/\/sosuaonline.net\/inicio\/wp-json\/wp\/v2\/comments?post=111755"}],"version-history":[{"count":1,"href":"https:\/\/sosuaonline.net\/inicio\/wp-json\/wp\/v2\/posts\/111755\/revisions"}],"predecessor-version":[{"id":111757,"href":"https:\/\/sosuaonline.net\/inicio\/wp-json\/wp\/v2\/posts\/111755\/revisions\/111757"}],"wp:featuredmedia":[{"embeddable":true,"href":"https:\/\/sosuaonline.net\/inicio\/wp-json\/wp\/v2\/media\/111756"}],"wp:attachment":[{"href":"https:\/\/sosuaonline.net\/inicio\/wp-json\/wp\/v2\/media?parent=111755"}],"wp:term":[{"taxonomy":"category","embeddable":true,"href":"https:\/\/sosuaonline.net\/inicio\/wp-json\/wp\/v2\/categories?post=111755"},{"taxonomy":"post_tag","embeddable":true,"href":"https:\/\/sosuaonline.net\/inicio\/wp-json\/wp\/v2\/tags?post=111755"}],"curies":[{"name":"wp","href":"https:\/\/api.w.org\/{rel}","templated":true}]}}