{"id":111761,"date":"2026-05-01T06:58:55","date_gmt":"2026-05-01T10:58:55","guid":{"rendered":"https:\/\/sosuaonline.net\/inicio\/?p=111761"},"modified":"2026-05-01T06:58:55","modified_gmt":"2026-05-01T10:58:55","slug":"continua-la-suspension-de-docencia-en-montecristi-puerto-plata-santiago-rodriguez-y-valverde","status":"publish","type":"post","link":"https:\/\/sosuaonline.net\/inicio\/continua-la-suspension-de-docencia-en-montecristi-puerto-plata-santiago-rodriguez-y-valverde\/","title":{"rendered":"Contin\u00faa la suspensi\u00f3n de docencia en Montecristi, Puerto Plata, Santiago Rodr\u00edguez y Valverde"},"content":{"rendered":"<p><a href=\"https:\/\/sosuaonline.net\/inicio\/wp-content\/uploads\/2026\/05\/confirmacion-suspension-de-clase-para-este-viernes-1-mayo.jpg\"><img loading=\"lazy\" decoding=\"async\" data-attachment-id=\"111762\" data-permalink=\"https:\/\/sosuaonline.net\/inicio\/continua-la-suspension-de-docencia-en-montecristi-puerto-plata-santiago-rodriguez-y-valverde\/confirmacion-suspension-de-clase-para-este-viernes-1-mayo\/\" data-orig-file=\"https:\/\/sosuaonline.net\/inicio\/wp-content\/uploads\/2026\/05\/confirmacion-suspension-de-clase-para-este-viernes-1-mayo.jpg\" data-orig-size=\"1536,1024\" data-comments-opened=\"0\" data-image-meta=\"{&quot;aperture&quot;:&quot;0&quot;,&quot;credit&quot;:&quot;&quot;,&quot;camera&quot;:&quot;&quot;,&quot;caption&quot;:&quot;&quot;,&quot;created_timestamp&quot;:&quot;0&quot;,&quot;copyright&quot;:&quot;&quot;,&quot;focal_length&quot;:&quot;0&quot;,&quot;iso&quot;:&quot;0&quot;,&quot;shutter_speed&quot;:&quot;0&quot;,&quot;title&quot;:&quot;&quot;,&quot;orientation&quot;:&quot;0&quot;}\" data-image-title=\"confirmacion suspension de clase para este viernes 1 mayo\" data-image-description=\"\" data-image-caption=\"\" data-medium-file=\"https:\/\/sosuaonline.net\/inicio\/wp-content\/uploads\/2026\/05\/confirmacion-suspension-de-clase-para-este-viernes-1-mayo-300x200.jpg\" data-large-file=\"https:\/\/sosuaonline.net\/inicio\/wp-content\/uploads\/2026\/05\/confirmacion-suspension-de-clase-para-este-viernes-1-mayo-1024x683.jpg\" class=\"aligncenter size-full wp-image-111762\" src=\"https:\/\/sosuaonline.net\/inicio\/wp-content\/uploads\/2026\/05\/confirmacion-suspension-de-clase-para-este-viernes-1-mayo.jpg\" alt=\"\" width=\"1536\" height=\"1024\" srcset=\"https:\/\/sosuaonline.net\/inicio\/wp-content\/uploads\/2026\/05\/confirmacion-suspension-de-clase-para-este-viernes-1-mayo.jpg 1536w, https:\/\/sosuaonline.net\/inicio\/wp-content\/uploads\/2026\/05\/confirmacion-suspension-de-clase-para-este-viernes-1-mayo-300x200.jpg 300w, https:\/\/sosuaonline.net\/inicio\/wp-content\/uploads\/2026\/05\/confirmacion-suspension-de-clase-para-este-viernes-1-mayo-1024x683.jpg 1024w, https:\/\/sosuaonline.net\/inicio\/wp-content\/uploads\/2026\/05\/confirmacion-suspension-de-clase-para-este-viernes-1-mayo-768x512.jpg 768w\" sizes=\"auto, (max-width: 1536px) 100vw, 1536px\" \/><\/a>El Distrito 11-01 inform\u00f3 que este viernes contin\u00faa la suspensi\u00f3n de docencia en Montecristi, Puerto Plata, Santiago Rodr\u00edguez y Valverde, debido a alerta roja emitida por el Centro de Operaciones de Emergencias.<!--more--><br \/>\nEl Ministerio de Educaci\u00f3n de la Rep\u00fablica Dominicana indic\u00f3 mantener medidas preventivas en zonas vulnerables y evaluar riesgos seg\u00fan el clima. Tambi\u00e9n exhort\u00f3 a seguir los boletines oficiales.<\/p>\n<p>Record\u00f3 que la alerta roja implica alto riesgo, la amarilla riesgo moderado y la verde vigilancia.<\/p>\n","protected":false},"excerpt":{"rendered":"<p>El Distrito 11-01 inform\u00f3 que este viernes contin\u00faa la suspensi\u00f3n de docencia en Montecristi, Puerto Plata, Santiago Rodr\u00edguez y Valverde, debido a alerta roja emitida por el Centro de Operaciones de Emergencias.<\/p>\n","protected":false},"author":12,"featured_media":111762,"comment_status":"closed","ping_status":"closed","sticky":false,"template":"","format":"standard","meta":{"advanced_seo_description":"","jetpack_seo_html_title":"","jetpack_seo_noindex":false,"_jetpack_memberships_contains_paid_content":false,"footnotes":"","jetpack_publicize_message":"","jetpack_publicize_feature_enabled":true,"jetpack_social_post_already_shared":true,"jetpack_social_options":{"image_generator_settings":{"template":"highway","default_image_id":0,"font":"","enabled":false},"version":2}},"categories":[459],"tags":[],"class_list":["post-111761","post","type-post","status-publish","format-standard","has-post-thumbnail","hentry","category-educacion"],"jetpack_publicize_connections":[],"jetpack_featured_media_url":"https:\/\/sosuaonline.net\/inicio\/wp-content\/uploads\/2026\/05\/confirmacion-suspension-de-clase-para-este-viernes-1-mayo.jpg","jetpack_sharing_enabled":true,"_links":{"self":[{"href":"https:\/\/sosuaonline.net\/inicio\/wp-json\/wp\/v2\/posts\/111761","targetHints":{"allow":["GET"]}}],"collection":[{"href":"https:\/\/sosuaonline.net\/inicio\/wp-json\/wp\/v2\/posts"}],"about":[{"href":"https:\/\/sosuaonline.net\/inicio\/wp-json\/wp\/v2\/types\/post"}],"author":[{"embeddable":true,"href":"https:\/\/sosuaonline.net\/inicio\/wp-json\/wp\/v2\/users\/12"}],"replies":[{"embeddable":true,"href":"https:\/\/sosuaonline.net\/inicio\/wp-json\/wp\/v2\/comments?post=111761"}],"version-history":[{"count":1,"href":"https:\/\/sosuaonline.net\/inicio\/wp-json\/wp\/v2\/posts\/111761\/revisions"}],"predecessor-version":[{"id":111763,"href":"https:\/\/sosuaonline.net\/inicio\/wp-json\/wp\/v2\/posts\/111761\/revisions\/111763"}],"wp:featuredmedia":[{"embeddable":true,"href":"https:\/\/sosuaonline.net\/inicio\/wp-json\/wp\/v2\/media\/111762"}],"wp:attachment":[{"href":"https:\/\/sosuaonline.net\/inicio\/wp-json\/wp\/v2\/media?parent=111761"}],"wp:term":[{"taxonomy":"category","embeddable":true,"href":"https:\/\/sosuaonline.net\/inicio\/wp-json\/wp\/v2\/categories?post=111761"},{"taxonomy":"post_tag","embeddable":true,"href":"https:\/\/sosuaonline.net\/inicio\/wp-json\/wp\/v2\/tags?post=111761"}],"curies":[{"name":"wp","href":"https:\/\/api.w.org\/{rel}","templated":true}]}}