{"id":111800,"date":"2026-05-03T08:56:06","date_gmt":"2026-05-03T12:56:06","guid":{"rendered":"https:\/\/sosuaonline.net\/inicio\/?p=111800"},"modified":"2026-05-03T08:56:06","modified_gmt":"2026-05-03T12:56:06","slug":"cuba-advierte-agresion-tendria-consecuencias-en-toda-la-region","status":"publish","type":"post","link":"https:\/\/sosuaonline.net\/inicio\/cuba-advierte-agresion-tendria-consecuencias-en-toda-la-region\/","title":{"rendered":"Cuba advierte agresi\u00f3n tendr\u00eda consecuencias en toda la regi\u00f3n"},"content":{"rendered":"<p><img loading=\"lazy\" decoding=\"async\" data-attachment-id=\"111801\" data-permalink=\"https:\/\/sosuaonline.net\/inicio\/cuba-advierte-agresion-tendria-consecuencias-en-toda-la-region\/img_0220-300x162\/\" data-orig-file=\"https:\/\/sosuaonline.net\/inicio\/wp-content\/uploads\/2026\/05\/IMG_0220-300x162-1.jpeg\" data-orig-size=\"300,162\" data-comments-opened=\"0\" data-image-meta=\"{&quot;aperture&quot;:&quot;0&quot;,&quot;credit&quot;:&quot;&quot;,&quot;camera&quot;:&quot;&quot;,&quot;caption&quot;:&quot;&quot;,&quot;created_timestamp&quot;:&quot;0&quot;,&quot;copyright&quot;:&quot;&quot;,&quot;focal_length&quot;:&quot;0&quot;,&quot;iso&quot;:&quot;0&quot;,&quot;shutter_speed&quot;:&quot;0&quot;,&quot;title&quot;:&quot;&quot;,&quot;orientation&quot;:&quot;0&quot;}\" data-image-title=\"IMG_0220-300&amp;#215;162\" data-image-description=\"\" data-image-caption=\"\" data-medium-file=\"https:\/\/sosuaonline.net\/inicio\/wp-content\/uploads\/2026\/05\/IMG_0220-300x162-1.jpeg\" data-large-file=\"https:\/\/sosuaonline.net\/inicio\/wp-content\/uploads\/2026\/05\/IMG_0220-300x162-1.jpeg\" class=\"size-full wp-image-111801 alignleft\" src=\"https:\/\/sosuaonline.net\/inicio\/wp-content\/uploads\/2026\/05\/IMG_0220-300x162-1.jpeg\" alt=\"\" width=\"300\" height=\"162\" \/>LA HABANA 2 May.-\u00a0Las autoridades cubanas han se\u00f1alado este s\u00e1bado que cualquier ataque contra la isla comportar\u00eda inevitablemente un riesgo para toda la regi\u00f3n, en un contexto de creciente tensi\u00f3n entre La Habana y Washington y a ra\u00edz de las recientes amenazas del presidente estadounidense, Donald Trump, de hacerse con el control de Cuba.<\/p>\n<p>\u00abUna agresi\u00f3n contra Cuba tendr\u00eda implicaciones directas para la estabilidad regional. No existe justificaci\u00f3n alguna para una acci\u00f3n de esa naturaleza. Cuba no amenaza a nadie\u00bb, ha manifestado el Ministerio de Exteriores del pa\u00eds en una escueta publicaci\u00f3n en redes sociales.<\/p>\n<p>El Ejecutivo cubano se ha pronunciado en estos t\u00e9rminos en respuesta a un mensaje anterior en el que el presidente colombiano, Gustavo Petro, defend\u00eda que \u00abuna agresi\u00f3n militar a Cuba es una agresi\u00f3n militar a Latinoam\u00e9rica\u00bb.<\/p>\n<p>En la misma l\u00ednea, el escrito incide en la idea del Caribe como \u00abuna zona de paz\u00bb, garantizando que la libertad y la armon\u00eda del continente son sostenibles en el tiempo siempre y cuando \u00abnadie propone imponerse sobre los dem\u00e1s\u00bb.<\/p>\n<p>Si bien no hay en estas palabras alusi\u00f3n directa a Estados Unidos, esta advertencia llega apenas un d\u00eda despu\u00e9s de que Trump ironizase p\u00fablicamente con la posibilidad de que Estados Unidos \u00abtome el control\u00bb de Cuba en un futuro cercano, sugiriendo incluso una hipot\u00e9tica intervenci\u00f3n militar tras la conclusi\u00f3n de su actual operaci\u00f3n en Ir\u00e1n.<\/p>\n<p>Previamente, este mismo viernes, el inquilino de la Casa Blanca emiti\u00f3 una orden ejecutiva destinada a reforzar las sanciones estadounidenses contra el Gobierno isle\u00f1o, as\u00ed como contra personas, entidades y redes financieras vinculadas al r\u00e9gimen o que mantengan relaciones con actores ya sancionados.<\/p>\n<p>Washington justific\u00f3 la decisi\u00f3n alegando que el Ejecutivo cubano representa una amenaza para la seguridad nacional estadounidense por sus v\u00ednculos con pa\u00edses y organizaciones consideradas hostiles, as\u00ed como por su papel en la represi\u00f3n interna y la inestabilidad regional. Adem\u00e1s, acus\u00f3 a La Habana de albergar actividades de inteligencia extranjera y de mantener relaciones con actores como Ir\u00e1n o el partido-milicia chi\u00ed liban\u00e9s Hezbol\u00e1.<\/p>\n<p>Por su parte, el Gobierno de Cuba ha rechazado las nuevas sanciones y las ha calificado de medidas \u00abcoercitivas\u00bb e \u00abilegales\u00bb. A este respecto, el ministro de Exteriores cubano, Bruno Rodr\u00edguez, ha asegurado que estas acciones no tendr\u00e1n efecto disuasorio sobre el pa\u00eds y que \u00abno van a amedrentar(los)\u00bb.<\/p>\n<p>of-am<\/p>\n","protected":false},"excerpt":{"rendered":"<p>LA HABANA 2 May.-\u00a0Las autoridades cubanas han se\u00f1alado este s\u00e1bado que cualquier ataque contra la isla comportar\u00eda inevitablemente un riesgo para toda la regi\u00f3n, en un contexto de creciente tensi\u00f3n entre La Habana y Washington y a ra\u00edz de las recientes amenazas del presidente estadounidense, Donald Trump, de hacerse con el control de Cuba. \u00abUna agresi\u00f3n contra Cuba tendr\u00eda implicaciones directas para la estabilidad regional. No existe justificaci\u00f3n alguna para una acci\u00f3n de esa naturaleza. Cuba no amenaza a nadie\u00bb, ha manifestado el Ministerio de Exteriores del pa\u00eds en una escueta publicaci\u00f3n en redes sociales. El Ejecutivo cubano se ha pronunciado en estos t\u00e9rminos en respuesta a un mensaje anterior en el que el presidente colombiano, Gustavo Petro, defend\u00eda que \u00abuna agresi\u00f3n militar a Cuba es una agresi\u00f3n militar a Latinoam\u00e9rica\u00bb. En la misma l\u00ednea, el escrito incide en la idea del Caribe como \u00abuna zona de paz\u00bb, garantizando que la libertad y la armon\u00eda del continente son sostenibles en el tiempo siempre y cuando \u00abnadie propone imponerse sobre los dem\u00e1s\u00bb. Si bien no hay en estas palabras alusi\u00f3n directa a Estados Unidos, esta advertencia llega apenas un d\u00eda despu\u00e9s de que Trump ironizase p\u00fablicamente con la posibilidad de que Estados Unidos \u00abtome el control\u00bb de Cuba en un futuro cercano, sugiriendo incluso una hipot\u00e9tica intervenci\u00f3n militar tras la conclusi\u00f3n de su actual operaci\u00f3n en Ir\u00e1n. Previamente, este mismo viernes, el inquilino de la Casa Blanca emiti\u00f3 una orden ejecutiva destinada a reforzar las sanciones estadounidenses contra el Gobierno isle\u00f1o, as\u00ed como contra personas, entidades y redes financieras vinculadas al r\u00e9gimen o que mantengan relaciones con actores ya sancionados. Washington justific\u00f3 la decisi\u00f3n alegando que el Ejecutivo cubano representa una amenaza para la seguridad nacional estadounidense por sus v\u00ednculos con pa\u00edses y organizaciones consideradas hostiles, as\u00ed como por su papel en la represi\u00f3n interna y la inestabilidad regional. Adem\u00e1s, acus\u00f3 a La Habana de albergar actividades de inteligencia extranjera y de mantener relaciones con actores como Ir\u00e1n o el partido-milicia chi\u00ed liban\u00e9s Hezbol\u00e1. Por su parte, el Gobierno de Cuba ha rechazado las nuevas sanciones y las ha calificado de medidas \u00abcoercitivas\u00bb e \u00abilegales\u00bb. A este respecto, el ministro de Exteriores cubano, Bruno Rodr\u00edguez, ha asegurado que estas acciones no tendr\u00e1n efecto disuasorio sobre el pa\u00eds y que \u00abno van a amedrentar(los)\u00bb. of-am<\/p>\n","protected":false},"author":9,"featured_media":111801,"comment_status":"closed","ping_status":"closed","sticky":false,"template":"","format":"standard","meta":{"advanced_seo_description":"","jetpack_seo_html_title":"","jetpack_seo_noindex":false,"_jetpack_memberships_contains_paid_content":false,"footnotes":"","jetpack_publicize_message":"","jetpack_publicize_feature_enabled":true,"jetpack_social_post_already_shared":true,"jetpack_social_options":{"image_generator_settings":{"template":"highway","default_image_id":0,"font":"","enabled":false},"version":2}},"categories":[312],"tags":[],"class_list":["post-111800","post","type-post","status-publish","format-standard","has-post-thumbnail","hentry","category-comentando-online"],"jetpack_publicize_connections":[],"jetpack_featured_media_url":"https:\/\/sosuaonline.net\/inicio\/wp-content\/uploads\/2026\/05\/IMG_0220-300x162-1.jpeg","jetpack_sharing_enabled":true,"_links":{"self":[{"href":"https:\/\/sosuaonline.net\/inicio\/wp-json\/wp\/v2\/posts\/111800","targetHints":{"allow":["GET"]}}],"collection":[{"href":"https:\/\/sosuaonline.net\/inicio\/wp-json\/wp\/v2\/posts"}],"about":[{"href":"https:\/\/sosuaonline.net\/inicio\/wp-json\/wp\/v2\/types\/post"}],"author":[{"embeddable":true,"href":"https:\/\/sosuaonline.net\/inicio\/wp-json\/wp\/v2\/users\/9"}],"replies":[{"embeddable":true,"href":"https:\/\/sosuaonline.net\/inicio\/wp-json\/wp\/v2\/comments?post=111800"}],"version-history":[{"count":1,"href":"https:\/\/sosuaonline.net\/inicio\/wp-json\/wp\/v2\/posts\/111800\/revisions"}],"predecessor-version":[{"id":111802,"href":"https:\/\/sosuaonline.net\/inicio\/wp-json\/wp\/v2\/posts\/111800\/revisions\/111802"}],"wp:featuredmedia":[{"embeddable":true,"href":"https:\/\/sosuaonline.net\/inicio\/wp-json\/wp\/v2\/media\/111801"}],"wp:attachment":[{"href":"https:\/\/sosuaonline.net\/inicio\/wp-json\/wp\/v2\/media?parent=111800"}],"wp:term":[{"taxonomy":"category","embeddable":true,"href":"https:\/\/sosuaonline.net\/inicio\/wp-json\/wp\/v2\/categories?post=111800"},{"taxonomy":"post_tag","embeddable":true,"href":"https:\/\/sosuaonline.net\/inicio\/wp-json\/wp\/v2\/tags?post=111800"}],"curies":[{"name":"wp","href":"https:\/\/api.w.org\/{rel}","templated":true}]}}