{"id":111806,"date":"2026-05-03T09:00:43","date_gmt":"2026-05-03T13:00:43","guid":{"rendered":"https:\/\/sosuaonline.net\/inicio\/?p=111806"},"modified":"2026-05-03T09:02:03","modified_gmt":"2026-05-03T13:02:03","slug":"carlos-vives-lanza-el-ultimo-disco-vol-1-grabado-en-vivo","status":"publish","type":"post","link":"https:\/\/sosuaonline.net\/inicio\/carlos-vives-lanza-el-ultimo-disco-vol-1-grabado-en-vivo\/","title":{"rendered":"Carlos Vives lanza \u2018El \u00faltimo disco Vol.1\u2019, grabado en vivo"},"content":{"rendered":"<div class=\"elementor-element elementor-element-724b8fd elementor-widget elementor-widget-theme-post-featured-image elementor-widget-image\" data-id=\"724b8fd\" data-element_type=\"widget\" data-e-type=\"widget\" data-widget_type=\"theme-post-featured-image.default\">\n<div class=\"elementor-widget-container\">\n<figure class=\"wp-caption aligncenter\" style=\"width: 365px\"><figcaption class=\"widget-image-caption wp-caption-text\"><img loading=\"lazy\" decoding=\"async\" data-attachment-id=\"111807\" data-permalink=\"https:\/\/sosuaonline.net\/inicio\/carlos-vives-lanza-el-ultimo-disco-vol-1-grabado-en-vivo\/carlos-vives-300x229\/\" data-orig-file=\"https:\/\/sosuaonline.net\/inicio\/wp-content\/uploads\/2026\/05\/Carlos-Vives-300x229-1.jpg\" data-orig-size=\"300,229\" data-comments-opened=\"0\" data-image-meta=\"{&quot;aperture&quot;:&quot;0&quot;,&quot;credit&quot;:&quot;&quot;,&quot;camera&quot;:&quot;&quot;,&quot;caption&quot;:&quot;&quot;,&quot;created_timestamp&quot;:&quot;0&quot;,&quot;copyright&quot;:&quot;&quot;,&quot;focal_length&quot;:&quot;0&quot;,&quot;iso&quot;:&quot;0&quot;,&quot;shutter_speed&quot;:&quot;0&quot;,&quot;title&quot;:&quot;&quot;,&quot;orientation&quot;:&quot;0&quot;}\" data-image-title=\"Carlos-Vives-300&amp;#215;229\" data-image-description=\"\" data-image-caption=\"\" data-medium-file=\"https:\/\/sosuaonline.net\/inicio\/wp-content\/uploads\/2026\/05\/Carlos-Vives-300x229-1.jpg\" data-large-file=\"https:\/\/sosuaonline.net\/inicio\/wp-content\/uploads\/2026\/05\/Carlos-Vives-300x229-1.jpg\" class=\"aligncenter wp-image-111807\" src=\"https:\/\/sosuaonline.net\/inicio\/wp-content\/uploads\/2026\/05\/Carlos-Vives-300x229-1.jpg\" alt=\"\" width=\"365\" height=\"279\" \/>Miami, 1 mayo 2026 (EFE).- El cantante colombiano Carlos Vives present\u00f3 este viernes su nueva producci\u00f3n discogr\u00e1fica, \u2018El \u00faltimo disco Vol.1\u2019, un proyecto con el que busca conectar la ra\u00edz y la modernidad a trav\u00e9s de un formato que regresa a la esencia de concebir, grabar y fabricar discos.<\/figcaption><\/figure>\n<\/div>\n<\/div>\n<div class=\"elementor-element elementor-element-cf9c16a elementor-widget elementor-widget-theme-post-content\" data-id=\"cf9c16a\" data-element_type=\"widget\" data-e-type=\"widget\" data-widget_type=\"theme-post-content.default\">\n<div class=\"elementor-widget-container\">\n<p>La propuesta se desarrolla en dos vol\u00famenes, en referencia a los vinilos de antes, y se realiz\u00f3 bajo una metodolog\u00eda tradicional de sesiones en vivo con toda la banda reunida en el estudio, recreando la din\u00e1mica de los inicios de la industria musical.<\/p>\n<div class=\"auto-banner\">\u00a0\u00abEsta forma de grabar no solo responde a una b\u00fasqueda sonora, sino tambi\u00e9n a una experiencia colectiva, donde cada m\u00fasico aporta desde su lugar mientras la banda interpreta en conjunto\u00bb, detall\u00f3 un comunicado. \u00abEs una manera de volver al origen, de capturar la energ\u00eda real de la interpretaci\u00f3n y de entender el disco como una obra integral\u00bb, agreg\u00f3.<\/div>\n<p>\u00abEl \u00faltimo disco est\u00e1 hecho as\u00ed, como esos primeros \u00e1lbumes de aquellas bandas inolvidables\u00bb, dijo Vives en el comunicado. \u00abFue grabado en vivo por maestros ingenieros y productores, en consolas de verdad. Fue interpretado y compuesto por m\u00fasicos de excelencia y por un artista que no tiene miedo de cantarle al amor bonito, a su tierra y a su gente\u00bb, agreg\u00f3.<\/p>\n<p>El \u00e1lbum incluye 10 canciones y cuenta con colaboraciones de figuras como el dominicano Juan Luis Guerra, el productor Sergio George y la cantautora espa\u00f1ola Ni\u00f1a Pastori.<\/p>\n<p>Se trata de una apuesta por un sonido real y humano, aut\u00e9ntico y esencial, en un momento de constantes cambios en la industria musical, agrega la nota de prensa.<\/p>\n<p>En ese contexto, el disco surge como una invitaci\u00f3n a valorar la historia de la m\u00fasica, cuidar sus procesos y preservar la esencia que ha acompa\u00f1ado su evoluci\u00f3n.<\/p>\n<p id=\"h-la-apuesta-de-el-ultimo-disco\" class=\"wp-block-heading\"><strong>La apuesta de \u2018El \u00faltimo disco\u2019<\/strong><\/p>\n<p>El \u00e1lbum re\u00fane canciones que combinan romanticismo, nostalgia y ritmos caribe\u00f1os, con una propuesta que busca recuperar la esencia de la m\u00fasica como mensaje personal.<\/p>\n<p>Abre con \u2018Te dedico\u2019, un tema pensado para expresar sentimientos, y contin\u00faa con piezas como \u2018Tuyo y nada m\u00e1s\u2019, de tono festivo, y \u2018Buscando el mar\u2019,\u00a0<a href=\"https:\/\/efe.com\/cultura\/2026-04-21\/juan-luis-guerra-y-carlos-vives-cancion\/\">junto a Juan Luis Guerra<\/a>, \u00faltima grabaci\u00f3n del fallecido acordeonista Egidio Cuadrado.<\/p>\n<\/div>\n<\/div>\n","protected":false},"excerpt":{"rendered":"<p>Miami, 1 mayo 2026 (EFE).- El cantante colombiano Carlos Vives present\u00f3 este viernes su nueva producci\u00f3n discogr\u00e1fica, \u2018El \u00faltimo disco Vol.1\u2019, un proyecto con el que busca conectar la ra\u00edz y la modernidad a trav\u00e9s de un formato que regresa a la esencia de concebir, grabar y fabricar discos. La propuesta se desarrolla en dos vol\u00famenes, en referencia a los vinilos de antes, y se realiz\u00f3 bajo una metodolog\u00eda tradicional de sesiones en vivo con toda la banda reunida en el estudio, recreando la din\u00e1mica de los inicios de la industria musical. \u00a0\u00abEsta forma de grabar no solo responde a una b\u00fasqueda sonora, sino tambi\u00e9n a una experiencia colectiva, donde cada m\u00fasico aporta desde su lugar mientras la banda interpreta en conjunto\u00bb, detall\u00f3 un comunicado. \u00abEs una manera de volver al origen, de capturar la energ\u00eda real de la interpretaci\u00f3n y de entender el disco como una obra integral\u00bb, agreg\u00f3. \u00abEl \u00faltimo disco est\u00e1 hecho as\u00ed, como esos primeros \u00e1lbumes de aquellas bandas inolvidables\u00bb, dijo Vives en el comunicado. \u00abFue grabado en vivo por maestros ingenieros y productores, en consolas de verdad. Fue interpretado y compuesto por m\u00fasicos de excelencia y por un artista que no tiene miedo de cantarle al amor bonito, a su tierra y a su gente\u00bb, agreg\u00f3. El \u00e1lbum incluye 10 canciones y cuenta con colaboraciones de figuras como el dominicano Juan Luis Guerra, el productor Sergio George y la cantautora espa\u00f1ola Ni\u00f1a Pastori. Se trata de una apuesta por un sonido real y humano, aut\u00e9ntico y esencial, en un momento de constantes cambios en la industria musical, agrega la nota de prensa. En ese contexto, el disco surge como una invitaci\u00f3n a valorar la historia de la m\u00fasica, cuidar sus procesos y preservar la esencia que ha acompa\u00f1ado su evoluci\u00f3n. La apuesta de \u2018El \u00faltimo disco\u2019 El \u00e1lbum re\u00fane canciones que combinan romanticismo, nostalgia y ritmos caribe\u00f1os, con una propuesta que busca recuperar la esencia de la m\u00fasica como mensaje personal. Abre con \u2018Te dedico\u2019, un tema pensado para expresar sentimientos, y contin\u00faa con piezas como \u2018Tuyo y nada m\u00e1s\u2019, de tono festivo, y \u2018Buscando el mar\u2019,\u00a0junto a Juan Luis Guerra, \u00faltima grabaci\u00f3n del fallecido acordeonista Egidio Cuadrado.<\/p>\n","protected":false},"author":9,"featured_media":111807,"comment_status":"closed","ping_status":"closed","sticky":false,"template":"","format":"standard","meta":{"advanced_seo_description":"","jetpack_seo_html_title":"","jetpack_seo_noindex":false,"_jetpack_memberships_contains_paid_content":false,"footnotes":"","jetpack_publicize_message":"","jetpack_publicize_feature_enabled":true,"jetpack_social_post_already_shared":true,"jetpack_social_options":{"image_generator_settings":{"template":"highway","default_image_id":0,"font":"","enabled":false},"version":2}},"categories":[4],"tags":[],"class_list":["post-111806","post","type-post","status-publish","format-standard","has-post-thumbnail","hentry","category-entretenimiento"],"jetpack_publicize_connections":[],"jetpack_featured_media_url":"https:\/\/sosuaonline.net\/inicio\/wp-content\/uploads\/2026\/05\/Carlos-Vives-300x229-1.jpg","jetpack_sharing_enabled":true,"_links":{"self":[{"href":"https:\/\/sosuaonline.net\/inicio\/wp-json\/wp\/v2\/posts\/111806","targetHints":{"allow":["GET"]}}],"collection":[{"href":"https:\/\/sosuaonline.net\/inicio\/wp-json\/wp\/v2\/posts"}],"about":[{"href":"https:\/\/sosuaonline.net\/inicio\/wp-json\/wp\/v2\/types\/post"}],"author":[{"embeddable":true,"href":"https:\/\/sosuaonline.net\/inicio\/wp-json\/wp\/v2\/users\/9"}],"replies":[{"embeddable":true,"href":"https:\/\/sosuaonline.net\/inicio\/wp-json\/wp\/v2\/comments?post=111806"}],"version-history":[{"count":2,"href":"https:\/\/sosuaonline.net\/inicio\/wp-json\/wp\/v2\/posts\/111806\/revisions"}],"predecessor-version":[{"id":111809,"href":"https:\/\/sosuaonline.net\/inicio\/wp-json\/wp\/v2\/posts\/111806\/revisions\/111809"}],"wp:featuredmedia":[{"embeddable":true,"href":"https:\/\/sosuaonline.net\/inicio\/wp-json\/wp\/v2\/media\/111807"}],"wp:attachment":[{"href":"https:\/\/sosuaonline.net\/inicio\/wp-json\/wp\/v2\/media?parent=111806"}],"wp:term":[{"taxonomy":"category","embeddable":true,"href":"https:\/\/sosuaonline.net\/inicio\/wp-json\/wp\/v2\/categories?post=111806"},{"taxonomy":"post_tag","embeddable":true,"href":"https:\/\/sosuaonline.net\/inicio\/wp-json\/wp\/v2\/tags?post=111806"}],"curies":[{"name":"wp","href":"https:\/\/api.w.org\/{rel}","templated":true}]}}