{"id":111810,"date":"2026-05-03T09:03:28","date_gmt":"2026-05-03T13:03:28","guid":{"rendered":"https:\/\/sosuaonline.net\/inicio\/?p=111810"},"modified":"2026-05-03T09:03:28","modified_gmt":"2026-05-03T13:03:28","slug":"otan-exige-eeuu-aclare-sobre-retirada-militares-de-alemania","status":"publish","type":"post","link":"https:\/\/sosuaonline.net\/inicio\/otan-exige-eeuu-aclare-sobre-retirada-militares-de-alemania\/","title":{"rendered":"OTAN exige EEUU aclare sobre retirada militares de Alemania"},"content":{"rendered":"<p><img loading=\"lazy\" decoding=\"async\" data-attachment-id=\"111811\" data-permalink=\"https:\/\/sosuaonline.net\/inicio\/otan-exige-eeuu-aclare-sobre-retirada-militares-de-alemania\/img_0220-300x162-2\/\" data-orig-file=\"https:\/\/sosuaonline.net\/inicio\/wp-content\/uploads\/2026\/05\/IMG_0220-300x162-2.jpeg\" data-orig-size=\"300,162\" data-comments-opened=\"0\" data-image-meta=\"{&quot;aperture&quot;:&quot;0&quot;,&quot;credit&quot;:&quot;&quot;,&quot;camera&quot;:&quot;&quot;,&quot;caption&quot;:&quot;&quot;,&quot;created_timestamp&quot;:&quot;0&quot;,&quot;copyright&quot;:&quot;&quot;,&quot;focal_length&quot;:&quot;0&quot;,&quot;iso&quot;:&quot;0&quot;,&quot;shutter_speed&quot;:&quot;0&quot;,&quot;title&quot;:&quot;&quot;,&quot;orientation&quot;:&quot;0&quot;}\" data-image-title=\"IMG_0220-300&amp;#215;162\" data-image-description=\"\" data-image-caption=\"\" data-medium-file=\"https:\/\/sosuaonline.net\/inicio\/wp-content\/uploads\/2026\/05\/IMG_0220-300x162-2.jpeg\" data-large-file=\"https:\/\/sosuaonline.net\/inicio\/wp-content\/uploads\/2026\/05\/IMG_0220-300x162-2.jpeg\" class=\"size-full wp-image-111811 alignleft\" src=\"https:\/\/sosuaonline.net\/inicio\/wp-content\/uploads\/2026\/05\/IMG_0220-300x162-2.jpeg\" alt=\"\" width=\"300\" height=\"162\" \/>WASHINGTON, 2 May. (EUROPA PRESS) \u2013 La Organizaci\u00f3n del Tratado del Atl\u00e1ntico Norte (OTAN) ha pedido a Estados Unidos que aclare los pormenores de su decisi\u00f3n de retirar a alrededor de 5.000 efectivos desplegados en Alemania el marco de una revisi\u00f3n m\u00e1s amplia de su presencia militar en Europa.<\/p>\n<p>El Pent\u00e1gono ha confirmado una \u00abretirada progresiva en un plazo de entre seis y doce meses\u00bb de parte de sus fuerzas en uno de sus grandes bastiones europeos, en lo que se trata del \u00faltimo episodio de fricciones entre el presidente de Estados Unidos, Donald Trump, y sus aliados en la Alianza Atl\u00e1ntica.<\/p>\n<p><strong>\u201cVICTIMA DE ESTAFA\u201d<\/strong><\/p>\n<p>Trump lleva a\u00f1os denunciando que Estados Unidos est\u00e1 siendo v\u00edctima de una estafa por parte de sus socios europeos, que hacen todo lo posible para mantener en el m\u00ednimo sus contribuciones a la defensa europea mientras su pa\u00eds asume toda la carga; una opini\u00f3n que han disputado constantemente diferentes gobiernos europeos.<\/p>\n<p>En redes sociales, la portavoz de la OTAN, Allison Hart, ha confirmado que le ha llegado la noticia de la decisi\u00f3n y ahora mismo la alianza \u00abest\u00e1 trabajando con Estados Unidos para entender los detalles de su decisi\u00f3n sobre su posici\u00f3n de fuerzas en Alemania\u00bb.<\/p>\n<p>En cualquier caso, el \u00abajuste\u00bb, como lo llama Hart, \u00absubraya la necesidad de Europa para seguir invirtiendo m\u00e1s en defensa\u00bb y \u00abasumir una mayor parte de responsabilidad en la seguridad conjunta\u00bb. Hart, en este sentido, ha recordado los \u00abprogresos\u00bb realizados hasta la fecha, en particular el \u00abcompromiso\u00bb de los aliados de EEUU para invertir el 5% de su PIB en Defensa, como se acord\u00f3 el a\u00f1o pasado en la cumbre de La Haya.<\/p>\n<p>\u00abSeguimos confiando en nuestra capacidad para garantizar nuestra capacidad de disuasi\u00f3n y defensa a medida que contin\u00faa este cambio hacia una Europa m\u00e1s fuerte en una OTAN m\u00e1s fuerte\u00bb, ha concluido la portavoz.<\/p>\n<p><strong>ADVIERTEN SOBRE DESINTEGRACI\u00d3N\u00a0<\/strong><\/p>\n<p>M\u00e1s tarde, el primer ministro polaco, Donald Tusk, ha advertido de la \u00abdesintegraci\u00f3n\u00bb de la Alianza. \u00abLa mayor amenaza para la comunidad transatl\u00e1ntica no es la de enemigos externos, sino la desintegraci\u00f3n en marcha de nuestra alianza\u00bb, ha advertido Tusk en un mensaje publicado en redes sociales. \u00abTodos debemos hacer lo que sea necesario para revertir esta tendencia desastrosa\u00bb, ha planteado.<\/p>\n<p>Incluso desde Estados Unidos, los congresistas Roger Wicker (presidente de la Comisi\u00f3n de Servicios Armados del Senado) y Mike Rogers (presidente de la Comisi\u00f3n de Servicios Armados de la C\u00e1mara de Representantes, han expresado su \u00abpreocupaci\u00f3n\u00bb por la \u00abdecisi\u00f3n\u00bb de la Casa Blanca y han pedido que cualquier cambio en ese sentido sea revisado y coordinado con el Congreso y los aliados de Estados Unidos.<\/p>\n<p>Los dos congresistas han alertado de las \u00abimplicaciones para la disuasi\u00f3n y la seguridad transatl\u00e1ntica\u00bb, ya que aunque los pa\u00edses europeos eleven al 5% el gasto militar, alcanzar las capacidades de disuasi\u00f3n convencional lleva tiempo. La retirada prematura de las fuerzas estadounidenses de Europa \u00abpodr\u00eda socavar la disuasi\u00f3n y enviar un mensaje equivocado a (el presidente ruso) Vladimir Putin\u00bb, han argumentado.<\/p>\n","protected":false},"excerpt":{"rendered":"<p>WASHINGTON, 2 May. (EUROPA PRESS) \u2013 La Organizaci\u00f3n del Tratado del Atl\u00e1ntico Norte (OTAN) ha pedido a Estados Unidos que aclare los pormenores de su decisi\u00f3n de retirar a alrededor de 5.000 efectivos desplegados en Alemania el marco de una revisi\u00f3n m\u00e1s amplia de su presencia militar en Europa. El Pent\u00e1gono ha confirmado una \u00abretirada progresiva en un plazo de entre seis y doce meses\u00bb de parte de sus fuerzas en uno de sus grandes bastiones europeos, en lo que se trata del \u00faltimo episodio de fricciones entre el presidente de Estados Unidos, Donald Trump, y sus aliados en la Alianza Atl\u00e1ntica. \u201cVICTIMA DE ESTAFA\u201d Trump lleva a\u00f1os denunciando que Estados Unidos est\u00e1 siendo v\u00edctima de una estafa por parte de sus socios europeos, que hacen todo lo posible para mantener en el m\u00ednimo sus contribuciones a la defensa europea mientras su pa\u00eds asume toda la carga; una opini\u00f3n que han disputado constantemente diferentes gobiernos europeos. En redes sociales, la portavoz de la OTAN, Allison Hart, ha confirmado que le ha llegado la noticia de la decisi\u00f3n y ahora mismo la alianza \u00abest\u00e1 trabajando con Estados Unidos para entender los detalles de su decisi\u00f3n sobre su posici\u00f3n de fuerzas en Alemania\u00bb. En cualquier caso, el \u00abajuste\u00bb, como lo llama Hart, \u00absubraya la necesidad de Europa para seguir invirtiendo m\u00e1s en defensa\u00bb y \u00abasumir una mayor parte de responsabilidad en la seguridad conjunta\u00bb. Hart, en este sentido, ha recordado los \u00abprogresos\u00bb realizados hasta la fecha, en particular el \u00abcompromiso\u00bb de los aliados de EEUU para invertir el 5% de su PIB en Defensa, como se acord\u00f3 el a\u00f1o pasado en la cumbre de La Haya. \u00abSeguimos confiando en nuestra capacidad para garantizar nuestra capacidad de disuasi\u00f3n y defensa a medida que contin\u00faa este cambio hacia una Europa m\u00e1s fuerte en una OTAN m\u00e1s fuerte\u00bb, ha concluido la portavoz. ADVIERTEN SOBRE DESINTEGRACI\u00d3N\u00a0 M\u00e1s tarde, el primer ministro polaco, Donald Tusk, ha advertido de la \u00abdesintegraci\u00f3n\u00bb de la Alianza. \u00abLa mayor amenaza para la comunidad transatl\u00e1ntica no es la de enemigos externos, sino la desintegraci\u00f3n en marcha de nuestra alianza\u00bb, ha advertido Tusk en un mensaje publicado en redes sociales. \u00abTodos debemos hacer lo que sea necesario para revertir esta tendencia desastrosa\u00bb, ha planteado. Incluso desde Estados Unidos, los congresistas Roger Wicker (presidente de la Comisi\u00f3n de Servicios Armados del Senado) y Mike Rogers (presidente de la Comisi\u00f3n de Servicios Armados de la C\u00e1mara de Representantes, han expresado su \u00abpreocupaci\u00f3n\u00bb por la \u00abdecisi\u00f3n\u00bb de la Casa Blanca y han pedido que cualquier cambio en ese sentido sea revisado y coordinado con el Congreso y los aliados de Estados Unidos. Los dos congresistas han alertado de las \u00abimplicaciones para la disuasi\u00f3n y la seguridad transatl\u00e1ntica\u00bb, ya que aunque los pa\u00edses europeos eleven al 5% el gasto militar, alcanzar las capacidades de disuasi\u00f3n convencional lleva tiempo. La retirada prematura de las fuerzas estadounidenses de Europa \u00abpodr\u00eda socavar la disuasi\u00f3n y enviar un mensaje equivocado a (el presidente ruso) Vladimir Putin\u00bb, han argumentado.<\/p>\n","protected":false},"author":9,"featured_media":111811,"comment_status":"closed","ping_status":"closed","sticky":false,"template":"","format":"standard","meta":{"advanced_seo_description":"","jetpack_seo_html_title":"","jetpack_seo_noindex":false,"_jetpack_memberships_contains_paid_content":false,"footnotes":"","jetpack_publicize_message":"","jetpack_publicize_feature_enabled":true,"jetpack_social_post_already_shared":true,"jetpack_social_options":{"image_generator_settings":{"template":"highway","default_image_id":0,"font":"","enabled":false},"version":2}},"categories":[311],"tags":[],"class_list":["post-111810","post","type-post","status-publish","format-standard","has-post-thumbnail","hentry","category-interesante-online"],"jetpack_publicize_connections":[],"jetpack_featured_media_url":"https:\/\/sosuaonline.net\/inicio\/wp-content\/uploads\/2026\/05\/IMG_0220-300x162-2.jpeg","jetpack_sharing_enabled":true,"_links":{"self":[{"href":"https:\/\/sosuaonline.net\/inicio\/wp-json\/wp\/v2\/posts\/111810","targetHints":{"allow":["GET"]}}],"collection":[{"href":"https:\/\/sosuaonline.net\/inicio\/wp-json\/wp\/v2\/posts"}],"about":[{"href":"https:\/\/sosuaonline.net\/inicio\/wp-json\/wp\/v2\/types\/post"}],"author":[{"embeddable":true,"href":"https:\/\/sosuaonline.net\/inicio\/wp-json\/wp\/v2\/users\/9"}],"replies":[{"embeddable":true,"href":"https:\/\/sosuaonline.net\/inicio\/wp-json\/wp\/v2\/comments?post=111810"}],"version-history":[{"count":1,"href":"https:\/\/sosuaonline.net\/inicio\/wp-json\/wp\/v2\/posts\/111810\/revisions"}],"predecessor-version":[{"id":111812,"href":"https:\/\/sosuaonline.net\/inicio\/wp-json\/wp\/v2\/posts\/111810\/revisions\/111812"}],"wp:featuredmedia":[{"embeddable":true,"href":"https:\/\/sosuaonline.net\/inicio\/wp-json\/wp\/v2\/media\/111811"}],"wp:attachment":[{"href":"https:\/\/sosuaonline.net\/inicio\/wp-json\/wp\/v2\/media?parent=111810"}],"wp:term":[{"taxonomy":"category","embeddable":true,"href":"https:\/\/sosuaonline.net\/inicio\/wp-json\/wp\/v2\/categories?post=111810"},{"taxonomy":"post_tag","embeddable":true,"href":"https:\/\/sosuaonline.net\/inicio\/wp-json\/wp\/v2\/tags?post=111810"}],"curies":[{"name":"wp","href":"https:\/\/api.w.org\/{rel}","templated":true}]}}