{"id":12082,"date":"2011-07-27T04:00:00","date_gmt":"2011-07-27T08:00:00","guid":{"rendered":"http:\/\/sosuaonline.net\/inicio\/icuando-empiezo-a-dar-a-mi-bebe-alimentos-solidos\/"},"modified":"2011-07-27T04:00:00","modified_gmt":"2011-07-27T08:00:00","slug":"icuando-empiezo-a-dar-a-mi-bebe-alimentos-solidos","status":"publish","type":"post","link":"https:\/\/sosuaonline.net\/inicio\/icuando-empiezo-a-dar-a-mi-bebe-alimentos-solidos\/","title":{"rendered":"\u00bfCu\u00e1ndo empiezo a dar a mi beb\u00e9 alimentos s\u00f3lidos?"},"content":{"rendered":"<p><img loading=\"lazy\" decoding=\"async\" style=\"float: left;\" class=\"caption\" title=\"bebe comiendo\" alt=\"bebe_comiendo\" src=\"images\/stories\/sosua_images\/bebe_comiendo.jpeg\" height=\"190\" width=\"266\" \/>La mayor\u00eda de beb\u00e9s no suele tomar leche de vaca, ni huevo, ni frutos secos o gluten antes de los cuatro o seis meses de edad.<\/p>\n<p>  <!--more-->  <\/p>\n<p>El motivo: se ha defendido que la introducci\u00f3n paulatina y tard\u00eda de alimentos s\u00f3lidos potencialmente alerg\u00e9nicos protege a los peque\u00f1os del desarrollo de ciertas enfermedades (asma, dermatitis at\u00f3pica, alergia a ciertos productos alimentarios o rinitis).<br \/>Sin embargo, los datos de un estudio con cerca de 7.000 ni\u00f1os ponen en entredicho esta recomendaci\u00f3n. Ilse Tromp, de la Universidad de Erasmus (Rotterdam, Holanda) y autora de la nueva investigaci\u00f3n, reconoce en su art\u00edculo que el suyo es uno de los \u00abpocos trabajos que ha analizado si la introducci\u00f3n tard\u00eda de los alimentos reduce o no el riesgo de alergias o asma\u00bb.<\/p>\n<p>Durante el primer a\u00f1o de vida se producen \u00abmuchos cambios en el consumo de alimentos. La introducci\u00f3n de productos complementarios a la leche materna es esencial para el desarrollo del menor. El momento de la alimentaci\u00f3n complementaria es particularmente importante para la maduraci\u00f3n del sistema renal y grastrointestinal. Algunos de los riesgos asociados al inicio temprano del consumo de s\u00f3lidos son el aumento del \u00edndice de masa corporal y el desarrollo de patolog\u00edas respiratorias y autoinmunes (diabetes tipo 1 y enfermedad celiaca) durante la infancia\u00bb, detalla el ensayo.<\/p>\n<p>La Academia Europea de Alergolog\u00eda e Inmunolog\u00eda Cl\u00ednica, la Sociedad Europea de Gastroenterolog\u00eda, Hepatolog\u00eda, y Nutrici\u00f3n Pedi\u00e1trica (ESPGHAN, sus siglas en ingl\u00e9s) y la Asociaci\u00f3n Americana de Pediatr\u00eda recomiendan \u00abretrasar el inicio de los s\u00f3lidos hasta los cuatro o los seis meses. Sin embargo, la ESPGHAN asevera que este inicio de la nueva dieta no deber\u00eda retrasarse m\u00e1s all\u00e1 de los seis meses\u00bb, agregan los investigadores.<\/p>\n<\/p>\n<p>Bel\u00e9n de la Hoz, adjunta al Servicio de Alergolog\u00eda del Hospital Ram\u00f3n y Cajal de Madrid, reconoce a ELMUNDO.es que \u00aben Espa\u00f1a, las gu\u00edas sobre la introducci\u00f3n de alimentos s\u00f3lidos est\u00e1n consensuadas por expertos en distintas disciplinas (pediatras, nutricionistas, endocrinos&#8230;) y se basan en la evidencia cient\u00edfica. As\u00ed, los cereales se introducen a los cuatro meses, el huevo entre los nueve y los 12 y la leche entera de vaca a los dos a\u00f1os. El inicio en el consumo de s\u00f3lidos se retrasa, pero no tanto. Son los tiempos que se han considerado adecuados por todos\u00bb.<\/p>\n<\/p>\n<p>Esta especialista reconoce que el \u00abtrabajo est\u00e1 bien hecho y que ha contado con un elevado n\u00famero de ni\u00f1os, pero para realmente cambiar las recomendaciones se requieren m\u00e1s estudios biol\u00f3gicos y cl\u00ednicos. Este trabajo no deja de ser interesante, aunque se necesitan m\u00e1s evidencias\u00bb,<br \/><span style=\"font-size: 14pt;\"><strong><\/strong><\/span><\/p>\n<p><span style=\"font-size: 14pt;\"><strong>Dermatitis at\u00f3pica y sibilancias<\/strong><\/span><\/p>\n<p>Publicado en la revista &#8216;Archives of Pediatrics and Adolescent Medicine&#8217;, el estudio valor\u00f3 el momento de introducir en la dieta de los infantes, la leche de vaca, los huevos de gallina, los cacahuetes, los frutos secos, la soja y el gluten mediante cuestionarios realizados a los padres cuando los beb\u00e9s ten\u00edan entre seis y 12 meses.<\/p>\n<p>Los cient\u00edficos valoraron la incidencia de dermatitis at\u00f3pica y de sibilancias (s\u00edntoma del asma) en todos los participantes cuando ten\u00edan dos, tres y cuatro a\u00f1os. Tuvieron en cuenta, adem\u00e1s, otras variables que pod\u00edan alterar los resultados, como el consumo de leche materna, el tabaquismo durante el embarazo, el peso de los peque\u00f1os, los cuidados diarios recibidos o la historia familiar de asma o alergias, entre otros aspectos.<\/p>\n<p>Los datos revelan que \u00abel estudio no ha podido demostrar que el momento de la introducci\u00f3n de alimentos alerg\u00e9nicos (leche de vaca, huevo&#8230;) se asociara a eccema o sibilancias en ni\u00f1os menores de cuatro a\u00f1os. Por lo tanto, no apoya la hip\u00f3tesis de retrasar el consumo de estos productos hasta pasados los seis meses ayude a prevenir las enfermedades at\u00f3picas\u00bb.<\/p>\n<p>fuente: Elmundo.es (por Patricia Matey)<\/p>\n","protected":false},"excerpt":{"rendered":"<p>La mayor\u00eda de beb\u00e9s no suele tomar leche de vaca, ni huevo, ni frutos secos o gluten antes de los cuatro o seis meses de edad.<\/p>\n","protected":false},"author":3,"featured_media":0,"comment_status":"closed","ping_status":"closed","sticky":false,"template":"","format":"standard","meta":{"advanced_seo_description":"","jetpack_seo_html_title":"","jetpack_seo_noindex":false,"_jetpack_memberships_contains_paid_content":false,"footnotes":"","jetpack_publicize_message":"","jetpack_publicize_feature_enabled":true,"jetpack_social_post_already_shared":false,"jetpack_social_options":{"image_generator_settings":{"template":"highway","default_image_id":0,"font":"","enabled":false},"version":2}},"categories":[76],"tags":[],"class_list":["post-12082","post","type-post","status-publish","format-standard","hentry","category-actualidad"],"jetpack_publicize_connections":[],"jetpack_featured_media_url":"","jetpack_sharing_enabled":true,"_links":{"self":[{"href":"https:\/\/sosuaonline.net\/inicio\/wp-json\/wp\/v2\/posts\/12082","targetHints":{"allow":["GET"]}}],"collection":[{"href":"https:\/\/sosuaonline.net\/inicio\/wp-json\/wp\/v2\/posts"}],"about":[{"href":"https:\/\/sosuaonline.net\/inicio\/wp-json\/wp\/v2\/types\/post"}],"author":[{"embeddable":true,"href":"https:\/\/sosuaonline.net\/inicio\/wp-json\/wp\/v2\/users\/3"}],"replies":[{"embeddable":true,"href":"https:\/\/sosuaonline.net\/inicio\/wp-json\/wp\/v2\/comments?post=12082"}],"version-history":[{"count":0,"href":"https:\/\/sosuaonline.net\/inicio\/wp-json\/wp\/v2\/posts\/12082\/revisions"}],"wp:attachment":[{"href":"https:\/\/sosuaonline.net\/inicio\/wp-json\/wp\/v2\/media?parent=12082"}],"wp:term":[{"taxonomy":"category","embeddable":true,"href":"https:\/\/sosuaonline.net\/inicio\/wp-json\/wp\/v2\/categories?post=12082"},{"taxonomy":"post_tag","embeddable":true,"href":"https:\/\/sosuaonline.net\/inicio\/wp-json\/wp\/v2\/tags?post=12082"}],"curies":[{"name":"wp","href":"https:\/\/api.w.org\/{rel}","templated":true}]}}