{"id":13693,"date":"2011-11-11T11:35:42","date_gmt":"2011-11-11T15:35:42","guid":{"rendered":"http:\/\/sosuaonline.net\/inicio\/operan-a-rafael-corporan-de-los-santos-pedir-por-su-salud\/"},"modified":"2011-11-11T11:35:42","modified_gmt":"2011-11-11T15:35:42","slug":"operan-a-rafael-corporan-de-los-santos-pedir-por-su-salud","status":"publish","type":"post","link":"https:\/\/sosuaonline.net\/inicio\/operan-a-rafael-corporan-de-los-santos-pedir-por-su-salud\/","title":{"rendered":"Operan a Rafael Corpor\u00e1n de Los Santos &#8211; Pedir por su salud"},"content":{"rendered":"<div id=\"ArticleSourceDiv\"><b><img loading=\"lazy\" decoding=\"async\" data-attachment-id=\"13692\" data-permalink=\"https:\/\/sosuaonline.net\/inicio\/operan-a-rafael-corporan-de-los-santos-pedir-por-su-salud\/corporan_de_los_santos_-_salud\/\" data-orig-file=\"https:\/\/sosuaonline.net\/inicio\/wp-content\/uploads\/2011\/11\/corporan_de_los_santos_-_Salud.jpg\" data-orig-size=\"720,540\" data-comments-opened=\"0\" data-image-meta=\"{&quot;aperture&quot;:&quot;0&quot;,&quot;credit&quot;:&quot;&quot;,&quot;camera&quot;:&quot;&quot;,&quot;caption&quot;:&quot;&quot;,&quot;created_timestamp&quot;:&quot;0&quot;,&quot;copyright&quot;:&quot;&quot;,&quot;focal_length&quot;:&quot;0&quot;,&quot;iso&quot;:&quot;0&quot;,&quot;shutter_speed&quot;:&quot;0&quot;,&quot;title&quot;:&quot;&quot;,&quot;orientation&quot;:&quot;0&quot;}\" data-image-title=\"corporan_de_los_santos_-_Salud\" data-image-description=\"\" data-image-caption=\"\" data-medium-file=\"https:\/\/sosuaonline.net\/inicio\/wp-content\/uploads\/2011\/11\/corporan_de_los_santos_-_Salud-300x225.jpg\" data-large-file=\"https:\/\/sosuaonline.net\/inicio\/wp-content\/uploads\/2011\/11\/corporan_de_los_santos_-_Salud.jpg\" class=\" alignleft size-full wp-image-13692\" style=\"float: left;\" class=\"caption\" title=\"Salud de Corpor\u00e1n de Los Santos (Foto Externa)\" alt=\"corporan_de_los_santos_-_Salud\" src=\"http:\/\/sosuaonline.net\/inicio\/wp-content\/uploads\/2011\/11\/corporan_de_los_santos_-_Salud.jpg\" width=\"720\" height=\"540\" srcset=\"https:\/\/sosuaonline.net\/inicio\/wp-content\/uploads\/2011\/11\/corporan_de_los_santos_-_Salud.jpg 720w, https:\/\/sosuaonline.net\/inicio\/wp-content\/uploads\/2011\/11\/corporan_de_los_santos_-_Salud-300x225.jpg 300w\" sizes=\"auto, (max-width: 720px) 100vw, 720px\" \/>Santo Domingo.- <\/b>Rafael Corpor\u00e1n de los Santos, productor del programa S\u00e1bado de Corpor\u00e1n, fue intervenido quir\u00fargicamente de un n\u00f3dulo alojado en las cuerdas vocales, en una operaci\u00f3n que seg\u00fan el equipo m\u00e9dico result\u00f3 exitosa.<\/div>\n<p>  <!--more-->  <\/p>\n<div id=\"ArticleBody\">\n<p>La informaci\u00f3n fue ofrecida ayer en el Hospital Traumatol\u00f3gico doctor Ney Arias Lora, por el m\u00e9dico que lo oper\u00f3, Marcos F. Mirambeaux, quien estuvo acompa\u00f1ado del director del hospital y miembros de la familia del veterano locutor.<\/p>\n<p>Pese al \u00e9xito de la intervenci\u00f3n, Corpor\u00e1n de los Santos permanec\u00eda bajo vigilancia por sus condiciones de diab\u00e9tico e hipertenso.<\/p>\n<p>Se trat\u00f3 de todo un proceso de estabilizaci\u00f3n del paciente por m\u00e1s de 72 horas. La intervenci\u00f3n se inici\u00f3 a las dos de la tarde. Marcos Mirambeaux dijo que la afecci\u00f3n ten\u00eda todas las caracter\u00edsticas de un n\u00f3dulo benigno.<\/p>\n<p>El n\u00f3dulo fue enviado a Patolog\u00eda Forense, debido a que los m\u00e9dicos que atendieron el caso ten\u00edan una visi\u00f3n macrosc\u00f3pica cuya determinaci\u00f3n definitiva se entregar\u00e1 por la referida instancia.<\/p>\n<p>\u201cA veces tenemos lesiones que son benignas y son malignas y viceversa, por eso se tiene que hacer un diagn\u00f3stico en Patolog\u00eda\u201d.<\/p>\n<p>&nbsp;<\/p>\n<p>Fuente: Listindiario.com&nbsp; Por: N\u00e9stor Medrano<b> <br \/><\/b><\/p>\n<\/p><\/div>\n","protected":false},"excerpt":{"rendered":"<p>Santo Domingo.- Rafael Corpor\u00e1n de los Santos, productor del programa S\u00e1bado de Corpor\u00e1n, fue intervenido quir\u00fargicamente de un n\u00f3dulo alojado en las cuerdas vocales, en una operaci\u00f3n que seg\u00fan el equipo m\u00e9dico result\u00f3 exitosa.<\/p>\n","protected":false},"author":3,"featured_media":13692,"comment_status":"closed","ping_status":"closed","sticky":false,"template":"","format":"standard","meta":{"advanced_seo_description":"","jetpack_seo_html_title":"","jetpack_seo_noindex":false,"_jetpack_memberships_contains_paid_content":false,"footnotes":"","jetpack_publicize_message":"","jetpack_publicize_feature_enabled":true,"jetpack_social_post_already_shared":false,"jetpack_social_options":{"image_generator_settings":{"template":"highway","default_image_id":0,"font":"","enabled":false},"version":2}},"categories":[76],"tags":[],"class_list":["post-13693","post","type-post","status-publish","format-standard","has-post-thumbnail","hentry","category-actualidad"],"jetpack_publicize_connections":[],"jetpack_featured_media_url":"https:\/\/sosuaonline.net\/inicio\/wp-content\/uploads\/2011\/11\/corporan_de_los_santos_-_Salud.jpg","jetpack_sharing_enabled":true,"_links":{"self":[{"href":"https:\/\/sosuaonline.net\/inicio\/wp-json\/wp\/v2\/posts\/13693","targetHints":{"allow":["GET"]}}],"collection":[{"href":"https:\/\/sosuaonline.net\/inicio\/wp-json\/wp\/v2\/posts"}],"about":[{"href":"https:\/\/sosuaonline.net\/inicio\/wp-json\/wp\/v2\/types\/post"}],"author":[{"embeddable":true,"href":"https:\/\/sosuaonline.net\/inicio\/wp-json\/wp\/v2\/users\/3"}],"replies":[{"embeddable":true,"href":"https:\/\/sosuaonline.net\/inicio\/wp-json\/wp\/v2\/comments?post=13693"}],"version-history":[{"count":0,"href":"https:\/\/sosuaonline.net\/inicio\/wp-json\/wp\/v2\/posts\/13693\/revisions"}],"wp:featuredmedia":[{"embeddable":true,"href":"https:\/\/sosuaonline.net\/inicio\/wp-json\/wp\/v2\/media\/13692"}],"wp:attachment":[{"href":"https:\/\/sosuaonline.net\/inicio\/wp-json\/wp\/v2\/media?parent=13693"}],"wp:term":[{"taxonomy":"category","embeddable":true,"href":"https:\/\/sosuaonline.net\/inicio\/wp-json\/wp\/v2\/categories?post=13693"},{"taxonomy":"post_tag","embeddable":true,"href":"https:\/\/sosuaonline.net\/inicio\/wp-json\/wp\/v2\/tags?post=13693"}],"curies":[{"name":"wp","href":"https:\/\/api.w.org\/{rel}","templated":true}]}}