{"id":14434,"date":"2011-12-27T12:27:43","date_gmt":"2011-12-27T16:27:43","guid":{"rendered":"http:\/\/sosuaonline.net\/inicio\/fallece-pedro-armendariz-uno-de-los-grandes-actores-de-mexico\/"},"modified":"2011-12-27T12:27:43","modified_gmt":"2011-12-27T16:27:43","slug":"fallece-pedro-armendariz-uno-de-los-grandes-actores-de-mexico","status":"publish","type":"post","link":"https:\/\/sosuaonline.net\/inicio\/fallece-pedro-armendariz-uno-de-los-grandes-actores-de-mexico\/","title":{"rendered":"Fallece Pedro Armend\u00e1riz: Uno de los grandes actores de M\u00e9xico"},"content":{"rendered":"<p><img loading=\"lazy\" decoding=\"async\" data-attachment-id=\"14433\" data-permalink=\"https:\/\/sosuaonline.net\/inicio\/fallece-pedro-armendariz-uno-de-los-grandes-actores-de-mexico\/pedro-armendariz-jr\/\" data-orig-file=\"https:\/\/sosuaonline.net\/inicio\/wp-content\/uploads\/2011\/12\/pedro-armendariz-jr.jpg\" data-orig-size=\"471,265\" data-comments-opened=\"0\" data-image-meta=\"{&quot;aperture&quot;:&quot;0&quot;,&quot;credit&quot;:&quot;&quot;,&quot;camera&quot;:&quot;&quot;,&quot;caption&quot;:&quot;&quot;,&quot;created_timestamp&quot;:&quot;0&quot;,&quot;copyright&quot;:&quot;&quot;,&quot;focal_length&quot;:&quot;0&quot;,&quot;iso&quot;:&quot;0&quot;,&quot;shutter_speed&quot;:&quot;0&quot;,&quot;title&quot;:&quot;&quot;,&quot;orientation&quot;:&quot;0&quot;}\" data-image-title=\"pedro-armendariz-jr\" data-image-description=\"\" data-image-caption=\"\" data-medium-file=\"https:\/\/sosuaonline.net\/inicio\/wp-content\/uploads\/2011\/12\/pedro-armendariz-jr-300x168.jpg\" data-large-file=\"https:\/\/sosuaonline.net\/inicio\/wp-content\/uploads\/2011\/12\/pedro-armendariz-jr.jpg\" class=\" alignleft size-full wp-image-14433\" style=\"float: left;\" class=\"caption\" title=\"Pedro Armend\u00e1riz Jr.\" alt=\"pedro-armendariz-jr\" src=\"http:\/\/sosuaonline.net\/inicio\/wp-content\/uploads\/2011\/12\/pedro-armendariz-jr.jpg\" width=\"471\" height=\"265\" srcset=\"https:\/\/sosuaonline.net\/inicio\/wp-content\/uploads\/2011\/12\/pedro-armendariz-jr.jpg 471w, https:\/\/sosuaonline.net\/inicio\/wp-content\/uploads\/2011\/12\/pedro-armendariz-jr-300x168.jpg 300w\" sizes=\"auto, (max-width: 471px) 100vw, 471px\" \/>Pedro Armend\u00e1riz Jr., el actor mexicano que particip\u00f3 en m\u00e1s de un centenar de pel\u00edculas y telenovelas falleci\u00f3 el lunes a causa de un c\u00e1ncer, a los 71 a\u00f1os.<br \/> <!--more-->  <\/p>\n<p>El actor muri\u00f3 en Nueva York, seg\u00fan un comunicado citado por la agencia oficial mexicana Notimex.<\/p>\n<p>Seg\u00fan el informe, la familia del artista \u201csolicit\u00f3 a los medios de comunicaci\u00f3n respeto a su privacidad en estos momentos de duelo\u201d.<\/p>\n<p>Armend\u00e1riz, que fue presidente de la Academia Mexicana de Artes y Ciencias Cinematogr\u00e1fi cas, apareci\u00f3 en cintas como \u201cLa m\u00e1scara del zorro\u201d (1998), al lado de Antonio Banderas y Catherine Zeta Jones; \u201cMatando cabos\u201d, y \u201cEl crimen del padre Amaro\u201d una de las m\u00e1s representativas del cine mexicano.<\/p>\n","protected":false},"excerpt":{"rendered":"<p>Pedro Armend\u00e1riz Jr., el actor mexicano que particip\u00f3 en m\u00e1s de un centenar de pel\u00edculas y telenovelas falleci\u00f3 el lunes a causa de un c\u00e1ncer, a los 71 a\u00f1os.<\/p>\n","protected":false},"author":3,"featured_media":14433,"comment_status":"closed","ping_status":"closed","sticky":false,"template":"","format":"standard","meta":{"advanced_seo_description":"","jetpack_seo_html_title":"","jetpack_seo_noindex":false,"_jetpack_memberships_contains_paid_content":false,"footnotes":"","jetpack_publicize_message":"","jetpack_publicize_feature_enabled":true,"jetpack_social_post_already_shared":false,"jetpack_social_options":{"image_generator_settings":{"template":"highway","default_image_id":0,"font":"","enabled":false},"version":2}},"categories":[76],"tags":[],"class_list":["post-14434","post","type-post","status-publish","format-standard","has-post-thumbnail","hentry","category-actualidad"],"jetpack_publicize_connections":[],"jetpack_featured_media_url":"https:\/\/sosuaonline.net\/inicio\/wp-content\/uploads\/2011\/12\/pedro-armendariz-jr.jpg","jetpack_sharing_enabled":true,"_links":{"self":[{"href":"https:\/\/sosuaonline.net\/inicio\/wp-json\/wp\/v2\/posts\/14434","targetHints":{"allow":["GET"]}}],"collection":[{"href":"https:\/\/sosuaonline.net\/inicio\/wp-json\/wp\/v2\/posts"}],"about":[{"href":"https:\/\/sosuaonline.net\/inicio\/wp-json\/wp\/v2\/types\/post"}],"author":[{"embeddable":true,"href":"https:\/\/sosuaonline.net\/inicio\/wp-json\/wp\/v2\/users\/3"}],"replies":[{"embeddable":true,"href":"https:\/\/sosuaonline.net\/inicio\/wp-json\/wp\/v2\/comments?post=14434"}],"version-history":[{"count":0,"href":"https:\/\/sosuaonline.net\/inicio\/wp-json\/wp\/v2\/posts\/14434\/revisions"}],"wp:featuredmedia":[{"embeddable":true,"href":"https:\/\/sosuaonline.net\/inicio\/wp-json\/wp\/v2\/media\/14433"}],"wp:attachment":[{"href":"https:\/\/sosuaonline.net\/inicio\/wp-json\/wp\/v2\/media?parent=14434"}],"wp:term":[{"taxonomy":"category","embeddable":true,"href":"https:\/\/sosuaonline.net\/inicio\/wp-json\/wp\/v2\/categories?post=14434"},{"taxonomy":"post_tag","embeddable":true,"href":"https:\/\/sosuaonline.net\/inicio\/wp-json\/wp\/v2\/tags?post=14434"}],"curies":[{"name":"wp","href":"https:\/\/api.w.org\/{rel}","templated":true}]}}