{"id":15579,"date":"2012-03-10T12:25:00","date_gmt":"2012-03-10T16:25:00","guid":{"rendered":"http:\/\/sosuaonline.net\/inicio\/primeras-imagen-de-nuevo-llanero-solitario\/"},"modified":"2012-03-10T12:25:00","modified_gmt":"2012-03-10T16:25:00","slug":"primeras-imagen-de-nuevo-llanero-solitario","status":"publish","type":"post","link":"https:\/\/sosuaonline.net\/inicio\/primeras-imagen-de-nuevo-llanero-solitario\/","title":{"rendered":"CINE ONLINE: Primera imagen de Nuevo Llanero Solitario"},"content":{"rendered":"<p>\ufeff<img loading=\"lazy\" decoding=\"async\" data-attachment-id=\"15577\" data-permalink=\"https:\/\/sosuaonline.net\/inicio\/primeras-imagen-de-nuevo-llanero-solitario\/llanerosolitario\/\" data-orig-file=\"https:\/\/sosuaonline.net\/inicio\/wp-content\/uploads\/2012\/03\/llaneroSolitario.jpg\" data-orig-size=\"500,352\" data-comments-opened=\"0\" data-image-meta=\"{&quot;aperture&quot;:&quot;0&quot;,&quot;credit&quot;:&quot;&quot;,&quot;camera&quot;:&quot;&quot;,&quot;caption&quot;:&quot;&quot;,&quot;created_timestamp&quot;:&quot;0&quot;,&quot;copyright&quot;:&quot;&quot;,&quot;focal_length&quot;:&quot;0&quot;,&quot;iso&quot;:&quot;0&quot;,&quot;shutter_speed&quot;:&quot;0&quot;,&quot;title&quot;:&quot;&quot;,&quot;orientation&quot;:&quot;0&quot;}\" data-image-title=\"llaneroSolitario\" data-image-description=\"\" data-image-caption=\"\" data-medium-file=\"https:\/\/sosuaonline.net\/inicio\/wp-content\/uploads\/2012\/03\/llaneroSolitario-300x211.jpg\" data-large-file=\"https:\/\/sosuaonline.net\/inicio\/wp-content\/uploads\/2012\/03\/llaneroSolitario.jpg\" class=\" alignleft size-full wp-image-15577\" style=\"float: left;\" alt=\"llaneroSolitario\" src=\"http:\/\/sosuaonline.net\/inicio\/wp-content\/uploads\/2012\/03\/llaneroSolitario.jpg\" width=\"500\" height=\"352\" srcset=\"https:\/\/sosuaonline.net\/inicio\/wp-content\/uploads\/2012\/03\/llaneroSolitario.jpg 500w, https:\/\/sosuaonline.net\/inicio\/wp-content\/uploads\/2012\/03\/llaneroSolitario-300x211.jpg 300w, https:\/\/sosuaonline.net\/inicio\/wp-content\/uploads\/2012\/03\/llaneroSolitario-75x52.jpg 75w\" sizes=\"auto, (max-width: 500px) 100vw, 500px\" \/>El rodaje de El llanero solitario (The Lone Ranger) por fin comenz\u00f3, y Disney presenta anticipadamente la primer imagen de el d\u00fao justiciero del Viejo Oeste. Este es un primer vistazo a Armie Hammer y Johnny Depp como El llanero y Toro:<\/p>\n<p>  <!--more-->  <\/p>\n<p>El llanero solitario se estrena el 31 de mayo de 2013 bajo la direcci\u00f3n de Gore Verbinski, la producci\u00f3n de Jerry Bruckheimer Film y las actuaciones adicionales de Helena Bonham Carter, William Fitcher y Tom Wilkinson.<\/p>\n<p>\u00bfLes gusta c\u00f3mo lucen Depp y Hammer? En la serie y radionovela originales, Toro era un personaje serio. Disney lo describe como \u201cun guerrero espiritual en una misi\u00f3n personal\u201d, pero algo en su apariencia nos recuerda mucho a Jack Sparrow.<\/p>\n<p>Adi\u00f3s tambi\u00e9n a la ic\u00f3nica camisa azul y paliacate rojo caracter\u00edsticos de El llanero, aunque el nuevo atuendo luce mucho m\u00e1s acorde a la \u00e9poca:<\/p>\n<p>\u00bfSer\u00e1 diferente su interpretaci\u00f3n al personaje original?<\/p>\n<p><img loading=\"lazy\" decoding=\"async\" data-attachment-id=\"15578\" data-permalink=\"https:\/\/sosuaonline.net\/inicio\/primeras-imagen-de-nuevo-llanero-solitario\/lone_ranger\/\" data-orig-file=\"https:\/\/sosuaonline.net\/inicio\/wp-content\/uploads\/2012\/03\/lone_ranger.jpg\" data-orig-size=\"300,346\" data-comments-opened=\"0\" data-image-meta=\"{&quot;aperture&quot;:&quot;0&quot;,&quot;credit&quot;:&quot;&quot;,&quot;camera&quot;:&quot;&quot;,&quot;caption&quot;:&quot;&quot;,&quot;created_timestamp&quot;:&quot;0&quot;,&quot;copyright&quot;:&quot;&quot;,&quot;focal_length&quot;:&quot;0&quot;,&quot;iso&quot;:&quot;0&quot;,&quot;shutter_speed&quot;:&quot;0&quot;,&quot;title&quot;:&quot;&quot;,&quot;orientation&quot;:&quot;0&quot;}\" data-image-title=\"lone_ranger\" data-image-description=\"\" data-image-caption=\"\" data-medium-file=\"https:\/\/sosuaonline.net\/inicio\/wp-content\/uploads\/2012\/03\/lone_ranger-260x300.jpg\" data-large-file=\"https:\/\/sosuaonline.net\/inicio\/wp-content\/uploads\/2012\/03\/lone_ranger.jpg\" class=\" alignleft size-full wp-image-15578\" style=\"float: left;\" alt=\"lone_ranger\" src=\"http:\/\/sosuaonline.net\/inicio\/wp-content\/uploads\/2012\/03\/lone_ranger.jpg\" width=\"300\" height=\"346\" srcset=\"https:\/\/sosuaonline.net\/inicio\/wp-content\/uploads\/2012\/03\/lone_ranger.jpg 300w, https:\/\/sosuaonline.net\/inicio\/wp-content\/uploads\/2012\/03\/lone_ranger-260x300.jpg 260w\" sizes=\"auto, (max-width: 300px) 100vw, 300px\" \/><\/p>\n","protected":false},"excerpt":{"rendered":"<p>\ufeffEl rodaje de El llanero solitario (The Lone Ranger) por fin comenz\u00f3, y Disney presenta anticipadamente la primer imagen de el d\u00fao justiciero del Viejo Oeste. Este es un primer vistazo a Armie Hammer y Johnny Depp como El llanero y Toro:<\/p>\n","protected":false},"author":3,"featured_media":15577,"comment_status":"closed","ping_status":"closed","sticky":false,"template":"","format":"standard","meta":{"advanced_seo_description":"","jetpack_seo_html_title":"","jetpack_seo_noindex":false,"_jetpack_memberships_contains_paid_content":false,"footnotes":"","jetpack_publicize_message":"","jetpack_publicize_feature_enabled":true,"jetpack_social_post_already_shared":false,"jetpack_social_options":{"image_generator_settings":{"template":"highway","default_image_id":0,"font":"","enabled":false},"version":2}},"categories":[76],"tags":[],"class_list":["post-15579","post","type-post","status-publish","format-standard","has-post-thumbnail","hentry","category-actualidad"],"jetpack_publicize_connections":[],"jetpack_featured_media_url":"https:\/\/sosuaonline.net\/inicio\/wp-content\/uploads\/2012\/03\/llaneroSolitario.jpg","jetpack_sharing_enabled":true,"_links":{"self":[{"href":"https:\/\/sosuaonline.net\/inicio\/wp-json\/wp\/v2\/posts\/15579","targetHints":{"allow":["GET"]}}],"collection":[{"href":"https:\/\/sosuaonline.net\/inicio\/wp-json\/wp\/v2\/posts"}],"about":[{"href":"https:\/\/sosuaonline.net\/inicio\/wp-json\/wp\/v2\/types\/post"}],"author":[{"embeddable":true,"href":"https:\/\/sosuaonline.net\/inicio\/wp-json\/wp\/v2\/users\/3"}],"replies":[{"embeddable":true,"href":"https:\/\/sosuaonline.net\/inicio\/wp-json\/wp\/v2\/comments?post=15579"}],"version-history":[{"count":0,"href":"https:\/\/sosuaonline.net\/inicio\/wp-json\/wp\/v2\/posts\/15579\/revisions"}],"wp:featuredmedia":[{"embeddable":true,"href":"https:\/\/sosuaonline.net\/inicio\/wp-json\/wp\/v2\/media\/15577"}],"wp:attachment":[{"href":"https:\/\/sosuaonline.net\/inicio\/wp-json\/wp\/v2\/media?parent=15579"}],"wp:term":[{"taxonomy":"category","embeddable":true,"href":"https:\/\/sosuaonline.net\/inicio\/wp-json\/wp\/v2\/categories?post=15579"},{"taxonomy":"post_tag","embeddable":true,"href":"https:\/\/sosuaonline.net\/inicio\/wp-json\/wp\/v2\/tags?post=15579"}],"curies":[{"name":"wp","href":"https:\/\/api.w.org\/{rel}","templated":true}]}}