{"id":18616,"date":"2012-07-12T16:18:25","date_gmt":"2012-07-12T20:18:25","guid":{"rendered":"http:\/\/sosuaonline.net\/inicio\/la-primera-foto-subida-a-la-internet\/"},"modified":"2012-07-12T16:18:25","modified_gmt":"2012-07-12T20:18:25","slug":"la-primera-foto-subida-a-la-internet","status":"publish","type":"post","link":"https:\/\/sosuaonline.net\/inicio\/la-primera-foto-subida-a-la-internet\/","title":{"rendered":"La primera foto subida a la Internet"},"content":{"rendered":"<p><img loading=\"lazy\" decoding=\"async\" data-attachment-id=\"18615\" data-permalink=\"https:\/\/sosuaonline.net\/inicio\/la-primera-foto-subida-a-la-internet\/sosua_images_primera-foto-subida-a-la-internet\/\" data-orig-file=\"https:\/\/sosuaonline.net\/inicio\/wp-content\/uploads\/2012\/07\/sosua_images_primera-foto-subida-a-la-Internet.jpg\" data-orig-size=\"748,595\" data-comments-opened=\"0\" data-image-meta=\"{&quot;aperture&quot;:&quot;0&quot;,&quot;credit&quot;:&quot;&quot;,&quot;camera&quot;:&quot;&quot;,&quot;caption&quot;:&quot;&quot;,&quot;created_timestamp&quot;:&quot;0&quot;,&quot;copyright&quot;:&quot;&quot;,&quot;focal_length&quot;:&quot;0&quot;,&quot;iso&quot;:&quot;0&quot;,&quot;shutter_speed&quot;:&quot;0&quot;,&quot;title&quot;:&quot;&quot;,&quot;orientation&quot;:&quot;0&quot;}\" data-image-title=\"sosua_images_primera-foto-subida-a-la-Internet\" data-image-description=\"\" data-image-caption=\"\" data-medium-file=\"https:\/\/sosuaonline.net\/inicio\/wp-content\/uploads\/2012\/07\/sosua_images_primera-foto-subida-a-la-Internet-300x238.jpg\" data-large-file=\"https:\/\/sosuaonline.net\/inicio\/wp-content\/uploads\/2012\/07\/sosua_images_primera-foto-subida-a-la-Internet.jpg\" class=\" alignleft size-full wp-image-18615\" style=\"float: left;\" class=\"caption\" alt=\"primera-foto-subida-a-la-Internet\" src=\"http:\/\/sosuaonline.net\/inicio\/wp-content\/uploads\/2012\/07\/sosua_images_primera-foto-subida-a-la-Internet.jpg\" width=\"748\" height=\"595\" srcset=\"https:\/\/sosuaonline.net\/inicio\/wp-content\/uploads\/2012\/07\/sosua_images_primera-foto-subida-a-la-Internet.jpg 748w, https:\/\/sosuaonline.net\/inicio\/wp-content\/uploads\/2012\/07\/sosua_images_primera-foto-subida-a-la-Internet-300x238.jpg 300w\" sizes=\"auto, (max-width: 748px) 100vw, 748px\" \/>Est\u00e1n <strong>a punto de cumplirse 20 a\u00f1os de la introducci\u00f3n de la primera foto en Internet<\/strong>. Se tom\u00f3 el 18 de julio de 1992 y fue subida poco despu\u00e9s por cient\u00edficos del CERN. En las instalaciones de este complejo de investigaci\u00f3n fue donde Tim Berners Lee desarroll\u00f3 la World Wide Web y tambi\u00e9n tuvo la idea de depositar en el espacio reci\u00e9n creado<strong>una imagen de un grupo de m\u00fasica aficionado: Les Horribles Cernettes<\/strong>.<\/p>\n<p>  <!--more-->  <\/p>\n<p>Los investigadores de la Organizaci\u00f3n Europea para la Investigaci\u00f3n Nuclear, <strong>el CERN<\/strong>, dedican buena parte de su d\u00eda a d\u00eda al trabajo. Pero como todo el mundo, tambi\u00e9n tienen su tiempo de ocio. Esto fue lo que llev\u00f3 <strong>en el a\u00f1o 1990 a algunas empeladas y novias de empleados a montar un grupo de m\u00fasica<\/strong>.<\/p>\n<p>Se llamaron <a href=\"http:\/\/musiclub.web.cern.ch\/MusiClub\/bands\/cernettes\/firstband.html\" target=\"_blank\"><strong>Les Horribles Cernettes<\/strong><\/a> y hac\u00edan actuaciones musicales en fiestas. Sus canciones eran parodias en las que la f\u00edsica no dejaba de estar presente. Antes de uno de sus conciertos fue cuando Silvano de Gennaro, un desarrollador de IT en el CERN, tom\u00f3 la foto que se convertir\u00eda en la primera que vio Internet.<\/p>\n<p>El creador de la World Wide Web, <strong>Tim Berners Lee, fue quien tuvo la idea de subir la foto a la nueva red<\/strong>, seg\u00fan recoge <a href=\"http:\/\/www.telegraph.co.uk\/technology\/news\/9391110\/How-the-first-photo-was-posted-on-the-Web-20-years-ago.html\" target=\"_blank\">The Telegraph<\/a>. Sus compa\u00f1eros se extra\u00f1aron porque en esos momentos <strong>Internet estaba compuesto exclusivamente de texto y s\u00f3lo lo utilizaban f\u00edsicos.<\/strong> A ello \u00e9l respondi\u00f3 con un \u201cser\u00e1 divertido\u201d.<\/p>\n<p>Veinte a\u00f1os despu\u00e9s nadie le puede rebatir este convencimiento a Berners Lee. No s\u00f3lo divertido sino divulgativo, creativo \u2013 entre otras muchas cosas \u2013 y rentable para muchas empresas. La importancia de las fotograf\u00edas en estos momentos es tal que Facebook \u2013 para quien \u00e9stas son esenciales para mantener la actividad de los usuarios \u2013 ha pagado 1.000 millones de d\u00f3lares por Instagram.<\/p>\n<p>La imagen de Les Horribles Cernettes, tomada al estilo de una portada de disco, fue<strong> subida en formato .GIF<\/strong> desde un Mac a color, <strong>utilizando la primera versi\u00f3n del programa photoShop<\/strong>, de Adobe.<\/p>\n<p><a href=\"http:\/\/www.ticbeat.com\/tecnologias\/historia-primera-foto-subidaworld-wide-web\/\" target=\"_blank\">Fuente<\/a><\/p>\n","protected":false},"excerpt":{"rendered":"<p>Est\u00e1n a punto de cumplirse 20 a\u00f1os de la introducci\u00f3n de la primera foto en Internet. Se tom\u00f3 el 18 de julio de 1992 y fue subida poco despu\u00e9s por cient\u00edficos del CERN. En las instalaciones de este complejo de investigaci\u00f3n fue donde Tim Berners Lee desarroll\u00f3 la World Wide Web y tambi\u00e9n tuvo la idea de depositar en el espacio reci\u00e9n creadouna imagen de un grupo de m\u00fasica aficionado: Les Horribles Cernettes.<\/p>\n","protected":false},"author":3,"featured_media":18615,"comment_status":"closed","ping_status":"closed","sticky":false,"template":"","format":"standard","meta":{"advanced_seo_description":"","jetpack_seo_html_title":"","jetpack_seo_noindex":false,"_jetpack_memberships_contains_paid_content":false,"footnotes":"","jetpack_publicize_message":"","jetpack_publicize_feature_enabled":true,"jetpack_social_post_already_shared":false,"jetpack_social_options":{"image_generator_settings":{"template":"highway","default_image_id":0,"font":"","enabled":false},"version":2}},"categories":[76],"tags":[],"class_list":["post-18616","post","type-post","status-publish","format-standard","has-post-thumbnail","hentry","category-actualidad"],"jetpack_publicize_connections":[],"jetpack_featured_media_url":"https:\/\/sosuaonline.net\/inicio\/wp-content\/uploads\/2012\/07\/sosua_images_primera-foto-subida-a-la-Internet.jpg","jetpack_sharing_enabled":true,"_links":{"self":[{"href":"https:\/\/sosuaonline.net\/inicio\/wp-json\/wp\/v2\/posts\/18616","targetHints":{"allow":["GET"]}}],"collection":[{"href":"https:\/\/sosuaonline.net\/inicio\/wp-json\/wp\/v2\/posts"}],"about":[{"href":"https:\/\/sosuaonline.net\/inicio\/wp-json\/wp\/v2\/types\/post"}],"author":[{"embeddable":true,"href":"https:\/\/sosuaonline.net\/inicio\/wp-json\/wp\/v2\/users\/3"}],"replies":[{"embeddable":true,"href":"https:\/\/sosuaonline.net\/inicio\/wp-json\/wp\/v2\/comments?post=18616"}],"version-history":[{"count":0,"href":"https:\/\/sosuaonline.net\/inicio\/wp-json\/wp\/v2\/posts\/18616\/revisions"}],"wp:featuredmedia":[{"embeddable":true,"href":"https:\/\/sosuaonline.net\/inicio\/wp-json\/wp\/v2\/media\/18615"}],"wp:attachment":[{"href":"https:\/\/sosuaonline.net\/inicio\/wp-json\/wp\/v2\/media?parent=18616"}],"wp:term":[{"taxonomy":"category","embeddable":true,"href":"https:\/\/sosuaonline.net\/inicio\/wp-json\/wp\/v2\/categories?post=18616"},{"taxonomy":"post_tag","embeddable":true,"href":"https:\/\/sosuaonline.net\/inicio\/wp-json\/wp\/v2\/tags?post=18616"}],"curies":[{"name":"wp","href":"https:\/\/api.w.org\/{rel}","templated":true}]}}