{"id":18944,"date":"2012-07-26T16:19:59","date_gmt":"2012-07-26T20:19:59","guid":{"rendered":"http:\/\/sosuaonline.net\/inicio\/las-fobias-mas-extranas\/"},"modified":"2012-07-26T16:19:59","modified_gmt":"2012-07-26T20:19:59","slug":"las-fobias-mas-extranas","status":"publish","type":"post","link":"https:\/\/sosuaonline.net\/inicio\/las-fobias-mas-extranas\/","title":{"rendered":"Las fobias m\u00e1s extra\u00f1as"},"content":{"rendered":"<p><img loading=\"lazy\" decoding=\"async\" data-attachment-id=\"18943\" data-permalink=\"https:\/\/sosuaonline.net\/inicio\/las-fobias-mas-extranas\/sosua_images_todos-las-personas-son-susceptibles-de-tener-fobias\/\" data-orig-file=\"https:\/\/sosuaonline.net\/inicio\/wp-content\/uploads\/2012\/07\/sosua_images_Todos-las-personas-son-susceptibles-de-tener-fobias.jpg\" data-orig-size=\"270,136\" data-comments-opened=\"0\" data-image-meta=\"{&quot;aperture&quot;:&quot;0&quot;,&quot;credit&quot;:&quot;&quot;,&quot;camera&quot;:&quot;&quot;,&quot;caption&quot;:&quot;&quot;,&quot;created_timestamp&quot;:&quot;0&quot;,&quot;copyright&quot;:&quot;&quot;,&quot;focal_length&quot;:&quot;0&quot;,&quot;iso&quot;:&quot;0&quot;,&quot;shutter_speed&quot;:&quot;0&quot;,&quot;title&quot;:&quot;&quot;,&quot;orientation&quot;:&quot;0&quot;}\" data-image-title=\"sosua_images_Todos-las-personas-son-susceptibles-de-tener-fobias\" data-image-description=\"\" data-image-caption=\"\" data-medium-file=\"https:\/\/sosuaonline.net\/inicio\/wp-content\/uploads\/2012\/07\/sosua_images_Todos-las-personas-son-susceptibles-de-tener-fobias.jpg\" data-large-file=\"https:\/\/sosuaonline.net\/inicio\/wp-content\/uploads\/2012\/07\/sosua_images_Todos-las-personas-son-susceptibles-de-tener-fobias.jpg\" class=\" alignleft size-full wp-image-18943\" src=\"http:\/\/sosuaonline.net\/inicio\/wp-content\/uploads\/2012\/07\/sosua_images_Todos-las-personas-son-susceptibles-de-tener-fobias.jpg\" width=\"270\" height=\"136\" alt=\"Todos-las-personas-son-susceptibles-de-tener-fobias\" class=\"caption\" style=\"float: left;\" srcset=\"https:\/\/sosuaonline.net\/inicio\/wp-content\/uploads\/2012\/07\/sosua_images_Todos-las-personas-son-susceptibles-de-tener-fobias.jpg 270w, https:\/\/sosuaonline.net\/inicio\/wp-content\/uploads\/2012\/07\/sosua_images_Todos-las-personas-son-susceptibles-de-tener-fobias-400x200.jpg 400w\" sizes=\"auto, (max-width: 270px) 100vw, 270px\" \/>Algunos le temen a la lechuga, otros a la mayonesa y hasta a los botones. Lo cierto es que, aunque llame la atenci\u00f3n, cualquier objeto cotidiano puede transformarse en producto de fobia.<\/p>\n<p>  <!--more-->  <\/p>\n<div><\/div>\n<div>\n<p>La fobia es uno de los m\u00e1s frecuentes trastornos de ansiedad que presenta el ser humanol. M\u00e1s de una vez escuchamos hablar o sufrimos fobias relacionadas a los espacios cerrados o a los animales, pero en estos d\u00edas se habla de fobias a los objetos m\u00e1s extra\u00f1os. DiarioVeloz.com detalla causas, s\u00edntomas y tratamientos en una entrevistacon el presidente de la Fundaci\u00f3n Fobia Club, el Dr. Oscar Carri\u00f3n.<\/p>\n<p>Ablutofobia, que es el miedo a lavarse, ba\u00f1arse o limpiarse; afenfosfobia, miedo a ser tocado; batmofobia, miedo a las escaleras o crometofobia, miedo al dinero, son s\u00f3lo algunos de los exc\u00e9ntricos casos.<\/p>\n<p>Lo cierto es que cualquier objeto puede transformarse en producto de fobia si existe una disposici\u00f3n gen\u00e9tica en la persona. En esta nota, el presidente de la Fundaci\u00f3n Fobia Club despeja todas las dudas.<\/p>\n<p>\u00bfQu\u00e9 es una fobia?<br \/>Una fobia es un temor, un miedo que es irracional y desproporcionado, el miedo es un sentimiento normal de los seres humanos, es un mecanismo de defensa pero cuando es desproporcionado y sobre todo irracional se trasforma en una fobia.<\/p>\n<p>\u00bfCu\u00e1les son las diferencias en los s\u00edntomas entre los distintos tipos de fobias?<br \/>Este tipo de fobias a un objeto o situaciones se califican como fobias espec\u00edficas, pero no son las \u00fanicas. La denominaci\u00f3n moderna es trastorno por ansiedad y hay muchas variantes como el ataque de p\u00e1nico, la ansiedad social, la agorafobia, la an\u00e9xelas generalizan el trastorno obsesivo compulsivo, entre otros.<\/p>\n<p>\u00bfEstas denominaciones como cristalofobia, cromatofobia, crisofobia o colurofobia son utilizadas m\u00e9dicamente?<br \/>Son una forma de ver las cosas, no tiene ning\u00fan sentido, porque el mecanismo es el mismo, lo que llama la atenci\u00f3n es que hay fobias muy raras y algunas que son muy comunes, pero precisamente las que son importantes son las comunes. Por ejemplo la claustrofobia afecta a un 30 por ciento de la poblaci\u00f3n en alguna medida, en cambio si hablamos de la fobia a los botones es una rareza que yo he visto dos o tres casos.<\/p>\n<p>\u00bfCuales son las fobias m\u00e1s extra\u00f1as?<br \/>La de los botones es una que, como todas las fobias tienen un contenido gen\u00e9tico y hemos visto por ejemplo un caso donde la madre sufr\u00eda fobia a los botones y su beb\u00e9 tambi\u00e9n lo sufr\u00eda por que no tolera ninguna ropa con botones. Otras fobias raras que yo he visto son la fobia a la lechuga, fobia a la mayonesa.<\/p>\n<p>\u00bfCu\u00e1ndo un miedo o p\u00e1nico pasa a ser una fobia?<br \/>El p\u00e1nico es un episodio absolutamente espont\u00e1neo y no tiene nada que ver con el objeto que lo provoca. Yo puedo tener un ataque de p\u00e1nico durmiendo, yendo al cine, en mi casa, es decir que no tiene ninguna relaci\u00f3n con el objeto. Viene sin ning\u00fan tipo de previsi\u00f3n y se caracteriza a su vez porque se repite generalmente y, espec\u00edficamente en la mujer, se produce la agorafobia que es miedo a tener otro ataque de p\u00e1nico. En cambio la fobia especifica me pasa en relaci\u00f3n directa con el objeto o situaci\u00f3n, por ejemplo: veo el ascensor y me da fobia subirme.<\/p>\n<p>\u00bfCu\u00e1les son las consultas m\u00e1s comunes?<br \/>La ansiedad social es el miedo a interaccionar con la gente, hablar por micr\u00f3fono, a decir un discurso, es una fobia que afecta al 13 por ciento de la poblaci\u00f3n, sobretodo juvenil y es causa de que la gente deje las carreras. Otras personas se abrazan al alcohol como soluci\u00f3n porque por ejemplo van a un baile y no se animan a hablar, y esto lo hace como h\u00e1bito y se produce la adicci\u00f3n al alcohol.<\/p>\n<p>\u00bfTodas las fobias tienen un tratamiento?<br \/>S\u00ed, absolutamente algunas son m\u00e1s r\u00e1pidas y cortas y otras m\u00e1s largas y complicadas pero tratamiento tienen todas porque todas son cr\u00f3nicas pero tienen muy buen pron\u00f3stico. Por raro que parezca el tratamiento es r\u00e1pido y sencillo.<\/p>\n<p><a href=\"http:\/\/www.cachicha.com\/2012\/07\/las-fobias-mas-extranas\/\">fuente<\/a><\/p>\n<\/p><\/div>\n","protected":false},"excerpt":{"rendered":"<p>Algunos le temen a la lechuga, otros a la mayonesa y hasta a los botones. Lo cierto es que, aunque llame la atenci\u00f3n, cualquier objeto cotidiano puede transformarse en producto de fobia.<\/p>\n","protected":false},"author":3,"featured_media":18943,"comment_status":"closed","ping_status":"closed","sticky":false,"template":"","format":"standard","meta":{"advanced_seo_description":"","jetpack_seo_html_title":"","jetpack_seo_noindex":false,"_jetpack_memberships_contains_paid_content":false,"footnotes":"","jetpack_publicize_message":"","jetpack_publicize_feature_enabled":true,"jetpack_social_post_already_shared":false,"jetpack_social_options":{"image_generator_settings":{"template":"highway","default_image_id":0,"font":"","enabled":false},"version":2}},"categories":[76],"tags":[],"class_list":["post-18944","post","type-post","status-publish","format-standard","has-post-thumbnail","hentry","category-actualidad"],"jetpack_publicize_connections":[],"jetpack_featured_media_url":"https:\/\/sosuaonline.net\/inicio\/wp-content\/uploads\/2012\/07\/sosua_images_Todos-las-personas-son-susceptibles-de-tener-fobias.jpg","jetpack_sharing_enabled":true,"_links":{"self":[{"href":"https:\/\/sosuaonline.net\/inicio\/wp-json\/wp\/v2\/posts\/18944","targetHints":{"allow":["GET"]}}],"collection":[{"href":"https:\/\/sosuaonline.net\/inicio\/wp-json\/wp\/v2\/posts"}],"about":[{"href":"https:\/\/sosuaonline.net\/inicio\/wp-json\/wp\/v2\/types\/post"}],"author":[{"embeddable":true,"href":"https:\/\/sosuaonline.net\/inicio\/wp-json\/wp\/v2\/users\/3"}],"replies":[{"embeddable":true,"href":"https:\/\/sosuaonline.net\/inicio\/wp-json\/wp\/v2\/comments?post=18944"}],"version-history":[{"count":0,"href":"https:\/\/sosuaonline.net\/inicio\/wp-json\/wp\/v2\/posts\/18944\/revisions"}],"wp:featuredmedia":[{"embeddable":true,"href":"https:\/\/sosuaonline.net\/inicio\/wp-json\/wp\/v2\/media\/18943"}],"wp:attachment":[{"href":"https:\/\/sosuaonline.net\/inicio\/wp-json\/wp\/v2\/media?parent=18944"}],"wp:term":[{"taxonomy":"category","embeddable":true,"href":"https:\/\/sosuaonline.net\/inicio\/wp-json\/wp\/v2\/categories?post=18944"},{"taxonomy":"post_tag","embeddable":true,"href":"https:\/\/sosuaonline.net\/inicio\/wp-json\/wp\/v2\/tags?post=18944"}],"curies":[{"name":"wp","href":"https:\/\/api.w.org\/{rel}","templated":true}]}}