{"id":19087,"date":"2012-07-31T15:31:41","date_gmt":"2012-07-31T19:31:41","guid":{"rendered":"http:\/\/sosuaonline.net\/inicio\/facebook-cambia-la-forma-de-mostrar-las-imagenes-2\/"},"modified":"2012-07-31T15:31:41","modified_gmt":"2012-07-31T19:31:41","slug":"facebook-cambia-la-forma-de-mostrar-las-imagenes-2","status":"publish","type":"post","link":"https:\/\/sosuaonline.net\/inicio\/facebook-cambia-la-forma-de-mostrar-las-imagenes-2\/","title":{"rendered":"Facebook cambia la forma de mostrar las im\u00e1genes"},"content":{"rendered":"<div><img loading=\"lazy\" decoding=\"async\" data-attachment-id=\"17998\" data-permalink=\"https:\/\/sosuaonline.net\/inicio\/facebook-cambia-la-forma-de-mostrar-las-imagenes-2\/sosua_images_face265e567896065452453\/\" data-orig-file=\"https:\/\/sosuaonline.net\/inicio\/wp-content\/uploads\/2012\/06\/sosua_images_Face265e567896065452453.jpg\" data-orig-size=\"225,225\" data-comments-opened=\"0\" data-image-meta=\"{&quot;aperture&quot;:&quot;0&quot;,&quot;credit&quot;:&quot;&quot;,&quot;camera&quot;:&quot;&quot;,&quot;caption&quot;:&quot;&quot;,&quot;created_timestamp&quot;:&quot;0&quot;,&quot;copyright&quot;:&quot;&quot;,&quot;focal_length&quot;:&quot;0&quot;,&quot;iso&quot;:&quot;0&quot;,&quot;shutter_speed&quot;:&quot;0&quot;,&quot;title&quot;:&quot;&quot;,&quot;orientation&quot;:&quot;0&quot;}\" data-image-title=\"sosua_images_Face265e567896065452453\" data-image-description=\"\" data-image-caption=\"\" data-medium-file=\"https:\/\/sosuaonline.net\/inicio\/wp-content\/uploads\/2012\/06\/sosua_images_Face265e567896065452453.jpg\" data-large-file=\"https:\/\/sosuaonline.net\/inicio\/wp-content\/uploads\/2012\/06\/sosua_images_Face265e567896065452453.jpg\" class=\" alignleft size-full wp-image-17998\" src=\"http:\/\/sosuaonline.net\/inicio\/wp-content\/uploads\/2012\/06\/sosua_images_Face265e567896065452453.jpg\" width=\"225\" height=\"225\" alt=\"Face265e567896065452453\" class=\"caption\" style=\"float: left;\" \/>Facebook ha anunciado un nuevo cambio en la forma en que muestra las im\u00e1genes de sus usuarios. En esta ocasi\u00f3n el cambio, con el que aparecer\u00e1n fotograf\u00edas de mayor tama\u00f1o, afectar\u00e1 al perfil del usuario (a la secci\u00f3n con todas sus im\u00e1genes, en concreto) y no s\u00f3lo a su timeline o al feed de novedades.<\/div>\n<p>  <!--more-->  <\/p>\n<div><\/div>\n<div><\/div>\n<div>Actualmente, cuando alguien accede a la secci\u00f3n de fotograf\u00edas de un perfil, aparecen en la parte superior todos los \u00e1lbumes de ese usuario y algo m\u00e1s abajo las fotos en las que est\u00e1 etiquetado (todas ellas con el mismo tama\u00f1o).<\/div>\n<div><\/div>\n<div>El usuario podr\u00e1 destacar las favoritas y hacerlas m\u00e1s grandes.<\/div>\n<div><\/div>\n<div>Sin embargo, con el nuevo dise\u00f1o, las im\u00e1genes ocupar\u00e1n toda la p\u00e1gina, excepto un peque\u00f1o men\u00fa en la parte superior desde el que se podr\u00e1 acceder a las im\u00e1genes etiquetadas, las compartidas por el usuario y los \u00e1lbumes del mismo.<\/div>\n<div><\/div>\n<div>Adem\u00e1s, el tama\u00f1o de estas im\u00e1genes no ser\u00e1 el mismo. Los usuarios podr\u00e1n destacar las que consideren sus favoritas y hacer que sean m\u00e1s grandes que el resto. Para hacerlo simplemente tendr\u00e1n que hacer clic en la estrella que aparecer\u00e1 al pasar el rat\u00f3n sobre ellas, seg\u00fan explica la red social.<\/div>\n<div><\/div>\n<div><\/div>\n<div>En este sentido, otra de las novedades es que ser\u00e1 posible ver el n\u00famero de comentarios y Me gusta que tiene una foto sin necesidad de acceder a ella. Seg\u00fan han podido saber en Inside Facebook, el nuevo dise\u00f1o llegar\u00e1 en las pr\u00f3ximas semanas.<\/div>\n<div><\/div>\n<div><a href=\"http:\/\/www.abc.es\/20120731\/medios-redes\/abci-facebook-cambio-imagenes-201207311426.html\">fuente<\/a><\/div>\n","protected":false},"excerpt":{"rendered":"<p>Facebook ha anunciado un nuevo cambio en la forma en que muestra las im\u00e1genes de sus usuarios. En esta ocasi\u00f3n el cambio, con el que aparecer\u00e1n fotograf\u00edas de mayor tama\u00f1o, afectar\u00e1 al perfil del usuario (a la secci\u00f3n con todas sus im\u00e1genes, en concreto) y no s\u00f3lo a su timeline o al feed de novedades.<\/p>\n","protected":false},"author":3,"featured_media":17998,"comment_status":"closed","ping_status":"closed","sticky":false,"template":"","format":"standard","meta":{"advanced_seo_description":"","jetpack_seo_html_title":"","jetpack_seo_noindex":false,"_jetpack_memberships_contains_paid_content":false,"footnotes":"","jetpack_publicize_message":"","jetpack_publicize_feature_enabled":true,"jetpack_social_post_already_shared":false,"jetpack_social_options":{"image_generator_settings":{"template":"highway","default_image_id":0,"font":"","enabled":false},"version":2}},"categories":[76],"tags":[],"class_list":["post-19087","post","type-post","status-publish","format-standard","has-post-thumbnail","hentry","category-actualidad"],"jetpack_publicize_connections":[],"jetpack_featured_media_url":"https:\/\/sosuaonline.net\/inicio\/wp-content\/uploads\/2012\/06\/sosua_images_Face265e567896065452453.jpg","jetpack_sharing_enabled":true,"_links":{"self":[{"href":"https:\/\/sosuaonline.net\/inicio\/wp-json\/wp\/v2\/posts\/19087","targetHints":{"allow":["GET"]}}],"collection":[{"href":"https:\/\/sosuaonline.net\/inicio\/wp-json\/wp\/v2\/posts"}],"about":[{"href":"https:\/\/sosuaonline.net\/inicio\/wp-json\/wp\/v2\/types\/post"}],"author":[{"embeddable":true,"href":"https:\/\/sosuaonline.net\/inicio\/wp-json\/wp\/v2\/users\/3"}],"replies":[{"embeddable":true,"href":"https:\/\/sosuaonline.net\/inicio\/wp-json\/wp\/v2\/comments?post=19087"}],"version-history":[{"count":0,"href":"https:\/\/sosuaonline.net\/inicio\/wp-json\/wp\/v2\/posts\/19087\/revisions"}],"wp:featuredmedia":[{"embeddable":true,"href":"https:\/\/sosuaonline.net\/inicio\/wp-json\/wp\/v2\/media\/17998"}],"wp:attachment":[{"href":"https:\/\/sosuaonline.net\/inicio\/wp-json\/wp\/v2\/media?parent=19087"}],"wp:term":[{"taxonomy":"category","embeddable":true,"href":"https:\/\/sosuaonline.net\/inicio\/wp-json\/wp\/v2\/categories?post=19087"},{"taxonomy":"post_tag","embeddable":true,"href":"https:\/\/sosuaonline.net\/inicio\/wp-json\/wp\/v2\/tags?post=19087"}],"curies":[{"name":"wp","href":"https:\/\/api.w.org\/{rel}","templated":true}]}}