{"id":25032,"date":"2013-04-02T20:49:57","date_gmt":"2013-04-03T00:49:57","guid":{"rendered":"http:\/\/sosuaonline.net\/inicio\/pixar-anuncia-el-lanzamiento-de-la-secuela-de-buscando-a-nemo\/"},"modified":"2013-04-02T20:49:57","modified_gmt":"2013-04-03T00:49:57","slug":"pixar-anuncia-el-lanzamiento-de-la-secuela-de-buscando-a-nemo","status":"publish","type":"post","link":"https:\/\/sosuaonline.net\/inicio\/pixar-anuncia-el-lanzamiento-de-la-secuela-de-buscando-a-nemo\/","title":{"rendered":"PIxar anuncia el lanzamiento de la secuela de Buscando a Nemo"},"content":{"rendered":"<p><img loading=\"lazy\" decoding=\"async\" data-attachment-id=\"25031\" data-permalink=\"https:\/\/sosuaonline.net\/inicio\/pixar-anuncia-el-lanzamiento-de-la-secuela-de-buscando-a-nemo\/sosua_images_425-nemo-lc-110111\/\" data-orig-file=\"https:\/\/sosuaonline.net\/inicio\/wp-content\/uploads\/2013\/04\/sosua_images_425.nemo.lc.110111.jpg\" data-orig-size=\"425,315\" data-comments-opened=\"0\" data-image-meta=\"{&quot;aperture&quot;:&quot;0&quot;,&quot;credit&quot;:&quot;&quot;,&quot;camera&quot;:&quot;&quot;,&quot;caption&quot;:&quot;&quot;,&quot;created_timestamp&quot;:&quot;0&quot;,&quot;copyright&quot;:&quot;&quot;,&quot;focal_length&quot;:&quot;0&quot;,&quot;iso&quot;:&quot;0&quot;,&quot;shutter_speed&quot;:&quot;0&quot;,&quot;title&quot;:&quot;&quot;,&quot;orientation&quot;:&quot;0&quot;}\" data-image-title=\"sosua_images_425.nemo.lc.110111\" data-image-description=\"\" data-image-caption=\"\" data-medium-file=\"https:\/\/sosuaonline.net\/inicio\/wp-content\/uploads\/2013\/04\/sosua_images_425.nemo.lc.110111-300x222.jpg\" data-large-file=\"https:\/\/sosuaonline.net\/inicio\/wp-content\/uploads\/2013\/04\/sosua_images_425.nemo.lc.110111.jpg\" class=\" alignleft size-full wp-image-25031\" src=\"http:\/\/sosuaonline.net\/inicio\/wp-content\/uploads\/2013\/04\/sosua_images_425.nemo.lc.110111.jpg\" width=\"425\" height=\"315\" alt=\"425.nemo.lc.110111\" style=\"float: left;\" srcset=\"https:\/\/sosuaonline.net\/inicio\/wp-content\/uploads\/2013\/04\/sosua_images_425.nemo.lc.110111.jpg 425w, https:\/\/sosuaonline.net\/inicio\/wp-content\/uploads\/2013\/04\/sosua_images_425.nemo.lc.110111-300x222.jpg 300w\" sizes=\"auto, (max-width: 425px) 100vw, 425px\" \/>Despu\u00e9s de tanto nadar este olvidadizo pez no morir\u00e1 en la orilla\u2026<\/p>\n<p>  <!--more-->  <\/p>\n<p>Diez a\u00f1os despu\u00e9s de que&nbsp;Buscando a Nemo&nbsp;conquistar\u00e1 los corazones del mundo entero y se convirtiera en la pel\u00edcula animada m\u00e1s taquillera, su creador, Andrew Stanton, anunci\u00f3 oficialmente que los estudios&nbsp;Pixar&nbsp;est\u00e1n preparando una secuela de esta inolvidable aventura acu\u00e1tica.<\/p>\n<div dir=\"ltr\"> <\/p>\n<p>Buscando a Dory, ser\u00e1 el nombre que llevar\u00e1 la cinta&nbsp;que en esta oportunidad estar\u00e1 centrada en el personaje de&nbsp;Ellen DeGeneres, el olvidadizo pez con serios problema de memoria que tanto nos hizo re\u00edr en el film original.<\/p>\n<p>\u201cHe esperado mucho, mucho, mucho, mucho, mucho tiempo por esto. No estoy molesta porque hayan tardado tanto. Se que en Pixar estaban muy ocupados creando&nbsp;Toy Story 16,&nbsp;pero el tiempo ha valido la pena. El gui\u00f3n es fant\u00e1stico y tiene todo lo que me encant\u00f3 de la primera: Tiene mucho coraz\u00f3n, es realmente graciosa y tiene mucho m\u00e1s de Dory\u201d, coment\u00f3 la hilarante conductora tras anunciar esta esperada pel\u00edcula.<\/p>\n<p>Son pocos los detalles que se conoce de la cinta, pero Stanton adelant\u00f3 que la secuela se desarrolla un a\u00f1o despu\u00e9s de lo sucedido en el primer film y en esta oportunidad ser\u00e1 Dory quien se reunir\u00e1 con sus seres queridos y&nbsp;en el camino aprender\u00e1 unas cuantas lecciones sobre significado de familia.<\/p>\n<p>Adem\u00e1s de Dory, en esta secuela&nbsp;regresar\u00e1n los personajes de Marlin , Nemo y tambi\u00e9n algunos de los divertidos peces que conocen cuando son capturados en una pecera en el primer film.<\/p>\n<p>Buscando a Dory&nbsp;llegar\u00e1 a los cines el 25 de noviembre de 2015 y nosotros empezaremos a contar los d\u00edas desde ya.<\/p>\n<p>fuente:&nbsp;<a target=\"_blank\" href=\"http:\/\/www.google.com\/reader\/view\/feed\/http%3A%2F%2Fla.eonline.com%2Fandes%2Ffeed?hl=es\">E! Online Latinoamerica<\/a><\/p>\n<\/p><\/div>\n","protected":false},"excerpt":{"rendered":"<p>Despu\u00e9s de tanto nadar este olvidadizo pez no morir\u00e1 en la orilla\u2026<\/p>\n","protected":false},"author":3,"featured_media":25031,"comment_status":"closed","ping_status":"closed","sticky":false,"template":"","format":"standard","meta":{"advanced_seo_description":"","jetpack_seo_html_title":"","jetpack_seo_noindex":false,"_jetpack_memberships_contains_paid_content":false,"footnotes":"","jetpack_publicize_message":"","jetpack_publicize_feature_enabled":true,"jetpack_social_post_already_shared":false,"jetpack_social_options":{"image_generator_settings":{"template":"highway","default_image_id":0,"font":"","enabled":false},"version":2}},"categories":[76],"tags":[],"class_list":["post-25032","post","type-post","status-publish","format-standard","has-post-thumbnail","hentry","category-actualidad"],"jetpack_publicize_connections":[],"jetpack_featured_media_url":"https:\/\/sosuaonline.net\/inicio\/wp-content\/uploads\/2013\/04\/sosua_images_425.nemo.lc.110111.jpg","jetpack_sharing_enabled":true,"_links":{"self":[{"href":"https:\/\/sosuaonline.net\/inicio\/wp-json\/wp\/v2\/posts\/25032","targetHints":{"allow":["GET"]}}],"collection":[{"href":"https:\/\/sosuaonline.net\/inicio\/wp-json\/wp\/v2\/posts"}],"about":[{"href":"https:\/\/sosuaonline.net\/inicio\/wp-json\/wp\/v2\/types\/post"}],"author":[{"embeddable":true,"href":"https:\/\/sosuaonline.net\/inicio\/wp-json\/wp\/v2\/users\/3"}],"replies":[{"embeddable":true,"href":"https:\/\/sosuaonline.net\/inicio\/wp-json\/wp\/v2\/comments?post=25032"}],"version-history":[{"count":0,"href":"https:\/\/sosuaonline.net\/inicio\/wp-json\/wp\/v2\/posts\/25032\/revisions"}],"wp:featuredmedia":[{"embeddable":true,"href":"https:\/\/sosuaonline.net\/inicio\/wp-json\/wp\/v2\/media\/25031"}],"wp:attachment":[{"href":"https:\/\/sosuaonline.net\/inicio\/wp-json\/wp\/v2\/media?parent=25032"}],"wp:term":[{"taxonomy":"category","embeddable":true,"href":"https:\/\/sosuaonline.net\/inicio\/wp-json\/wp\/v2\/categories?post=25032"},{"taxonomy":"post_tag","embeddable":true,"href":"https:\/\/sosuaonline.net\/inicio\/wp-json\/wp\/v2\/tags?post=25032"}],"curies":[{"name":"wp","href":"https:\/\/api.w.org\/{rel}","templated":true}]}}