{"id":28879,"date":"2013-08-24T04:00:00","date_gmt":"2013-08-24T08:00:00","guid":{"rendered":"http:\/\/sosuaonline.net\/inicio\/iconfirmado-nashla-bogaert-se-caso\/"},"modified":"2013-08-24T04:00:00","modified_gmt":"2013-08-24T08:00:00","slug":"iconfirmado-nashla-bogaert-se-caso","status":"publish","type":"post","link":"https:\/\/sosuaonline.net\/inicio\/iconfirmado-nashla-bogaert-se-caso\/","title":{"rendered":"\u00a1Confirmado! Nashla Bogaert se cas\u00f3!"},"content":{"rendered":"<p><img loading=\"lazy\" decoding=\"async\" data-attachment-id=\"28878\" data-permalink=\"https:\/\/sosuaonline.net\/inicio\/iconfirmado-nashla-bogaert-se-caso\/sosua_images_nashala_se_caso\/\" data-orig-file=\"https:\/\/sosuaonline.net\/inicio\/wp-content\/uploads\/2013\/08\/sosua_images_NASHALA_se_caso.jpg\" data-orig-size=\"612,612\" data-comments-opened=\"0\" data-image-meta=\"{&quot;aperture&quot;:&quot;0&quot;,&quot;credit&quot;:&quot;&quot;,&quot;camera&quot;:&quot;&quot;,&quot;caption&quot;:&quot;&quot;,&quot;created_timestamp&quot;:&quot;0&quot;,&quot;copyright&quot;:&quot;&quot;,&quot;focal_length&quot;:&quot;0&quot;,&quot;iso&quot;:&quot;0&quot;,&quot;shutter_speed&quot;:&quot;0&quot;,&quot;title&quot;:&quot;&quot;,&quot;orientation&quot;:&quot;0&quot;}\" data-image-title=\"sosua_images_NASHALA_se_caso\" data-image-description=\"\" data-image-caption=\"\" data-medium-file=\"https:\/\/sosuaonline.net\/inicio\/wp-content\/uploads\/2013\/08\/sosua_images_NASHALA_se_caso-300x300.jpg\" data-large-file=\"https:\/\/sosuaonline.net\/inicio\/wp-content\/uploads\/2013\/08\/sosua_images_NASHALA_se_caso.jpg\" class=\" size-full wp-image-28878\" alt=\"NASHALA_se_caso\" src=\"http:\/\/sosuaonline.net\/inicio\/wp-content\/uploads\/2013\/08\/sosua_images_NASHALA_se_caso.jpg\" width=\"612\" height=\"612\" srcset=\"https:\/\/sosuaonline.net\/inicio\/wp-content\/uploads\/2013\/08\/sosua_images_NASHALA_se_caso.jpg 612w, https:\/\/sosuaonline.net\/inicio\/wp-content\/uploads\/2013\/08\/sosua_images_NASHALA_se_caso-150x150.jpg 150w, https:\/\/sosuaonline.net\/inicio\/wp-content\/uploads\/2013\/08\/sosua_images_NASHALA_se_caso-300x300.jpg 300w, https:\/\/sosuaonline.net\/inicio\/wp-content\/uploads\/2013\/08\/sosua_images_NASHALA_se_caso-120x120.jpg 120w\" sizes=\"auto, (max-width: 612px) 100vw, 612px\" \/>La presentadora de televisi\u00f3n le dio el \u201cs\u00ed\u201d al cantante dominico-argentino en una \u00edntima ceremonia.<\/p>\n<p>  <!--more-->  <\/p>\n<div>\n<p>Ya es un hecho, la presentadora de televisi\u00f3n y protagonista de la pel\u00edcula \u00bfQui\u00e9n Manda?, Nashla Bogaert acaba de convertirse en la \u201cSe\u00f1ora Maler?. As\u00ed lo muestra una imagen colgada por su hoy esposo, el cantante David Maler.<\/p>\n<p>Esta historia de amor, que comenz\u00f3 hace pocos meses, sali\u00f3 a la luz p\u00fablica tras el anuncio de Nashla en el programa<\/p>\n<\/p><\/div>\n<div>\n<p>de Zoila Puello, en el que dec\u00eda que se casaba en dos semanas. Tambi\u00e9n el artista, hab\u00eda posteado en su p\u00e1gina de Facebook \u201cMe caso con la mujer de mis sue\u00f1os, tenemos fecha. A dos semanas de hacerme el hombre m\u00e1s feliz del mundo. Thank you Nashla Bogaert\u201d.<\/p>\n<p>A pesar de que la presentadora no ha colgado ninguna imagen en sus redes y de que Maler s\u00ed lo hizo pero s\u00f3lo visible para<\/p>\n<\/p><\/div>\n<div>\n<p>sus amigos, lo cierto es que logramos obtener esta primera imagen de lo que fue la uni\u00f3n por el civil. Como se puede observar, la dominicana, que a muchos criollos le quita el sue\u00f1o, luci\u00f3 un sencillo y vintage vestido blanco y con buquet en mano dio el s\u00ed a este dominico-argentino, quien adem\u00e1s es hijo de Leopoldo Maler, el creativo de Altos de Chav\u00f3n.<\/p>\n<\/p><\/div>\n","protected":false},"excerpt":{"rendered":"<p>La presentadora de televisi\u00f3n le dio el \u201cs\u00ed\u201d al cantante dominico-argentino en una \u00edntima ceremonia.<\/p>\n","protected":false},"author":3,"featured_media":28878,"comment_status":"closed","ping_status":"closed","sticky":false,"template":"","format":"standard","meta":{"advanced_seo_description":"","jetpack_seo_html_title":"","jetpack_seo_noindex":false,"_jetpack_memberships_contains_paid_content":false,"footnotes":"","jetpack_publicize_message":"","jetpack_publicize_feature_enabled":true,"jetpack_social_post_already_shared":false,"jetpack_social_options":{"image_generator_settings":{"template":"highway","default_image_id":0,"font":"","enabled":false},"version":2}},"categories":[76],"tags":[],"class_list":["post-28879","post","type-post","status-publish","format-standard","has-post-thumbnail","hentry","category-actualidad"],"jetpack_publicize_connections":[],"jetpack_featured_media_url":"https:\/\/sosuaonline.net\/inicio\/wp-content\/uploads\/2013\/08\/sosua_images_NASHALA_se_caso.jpg","jetpack_sharing_enabled":true,"_links":{"self":[{"href":"https:\/\/sosuaonline.net\/inicio\/wp-json\/wp\/v2\/posts\/28879","targetHints":{"allow":["GET"]}}],"collection":[{"href":"https:\/\/sosuaonline.net\/inicio\/wp-json\/wp\/v2\/posts"}],"about":[{"href":"https:\/\/sosuaonline.net\/inicio\/wp-json\/wp\/v2\/types\/post"}],"author":[{"embeddable":true,"href":"https:\/\/sosuaonline.net\/inicio\/wp-json\/wp\/v2\/users\/3"}],"replies":[{"embeddable":true,"href":"https:\/\/sosuaonline.net\/inicio\/wp-json\/wp\/v2\/comments?post=28879"}],"version-history":[{"count":0,"href":"https:\/\/sosuaonline.net\/inicio\/wp-json\/wp\/v2\/posts\/28879\/revisions"}],"wp:featuredmedia":[{"embeddable":true,"href":"https:\/\/sosuaonline.net\/inicio\/wp-json\/wp\/v2\/media\/28878"}],"wp:attachment":[{"href":"https:\/\/sosuaonline.net\/inicio\/wp-json\/wp\/v2\/media?parent=28879"}],"wp:term":[{"taxonomy":"category","embeddable":true,"href":"https:\/\/sosuaonline.net\/inicio\/wp-json\/wp\/v2\/categories?post=28879"},{"taxonomy":"post_tag","embeddable":true,"href":"https:\/\/sosuaonline.net\/inicio\/wp-json\/wp\/v2\/tags?post=28879"}],"curies":[{"name":"wp","href":"https:\/\/api.w.org\/{rel}","templated":true}]}}