{"id":29712,"date":"2013-10-12T15:40:07","date_gmt":"2013-10-12T19:40:07","guid":{"rendered":"http:\/\/sosuaonline.net\/inicio\/jennifer-lopez-entre-las-mujeres-latinas-mas-poderosas-de-people-en-espanol\/"},"modified":"2013-10-12T15:40:07","modified_gmt":"2013-10-12T19:40:07","slug":"jennifer-lopez-entre-las-mujeres-latinas-mas-poderosas-de-people-en-espanol","status":"publish","type":"post","link":"https:\/\/sosuaonline.net\/inicio\/jennifer-lopez-entre-las-mujeres-latinas-mas-poderosas-de-people-en-espanol\/","title":{"rendered":"Jennifer L\u00f3pez entre las mujeres latinas m\u00e1s poderosas de People en Espa\u00f1ol"},"content":{"rendered":"<p><img loading=\"lazy\" decoding=\"async\" data-attachment-id=\"29711\" data-permalink=\"https:\/\/sosuaonline.net\/inicio\/jennifer-lopez-entre-las-mujeres-latinas-mas-poderosas-de-people-en-espanol\/sosua_images_jennifer-lopez-17876356\/\" data-orig-file=\"https:\/\/sosuaonline.net\/inicio\/wp-content\/uploads\/2013\/10\/sosua_images_Jennifer-Lopez-17876356.jpg\" data-orig-size=\"536,370\" data-comments-opened=\"0\" data-image-meta=\"{&quot;aperture&quot;:&quot;0&quot;,&quot;credit&quot;:&quot;&quot;,&quot;camera&quot;:&quot;&quot;,&quot;caption&quot;:&quot;&quot;,&quot;created_timestamp&quot;:&quot;0&quot;,&quot;copyright&quot;:&quot;&quot;,&quot;focal_length&quot;:&quot;0&quot;,&quot;iso&quot;:&quot;0&quot;,&quot;shutter_speed&quot;:&quot;0&quot;,&quot;title&quot;:&quot;&quot;,&quot;orientation&quot;:&quot;0&quot;}\" data-image-title=\"sosua_images_Jennifer-Lopez-17876356\" data-image-description=\"\" data-image-caption=\"\" data-medium-file=\"https:\/\/sosuaonline.net\/inicio\/wp-content\/uploads\/2013\/10\/sosua_images_Jennifer-Lopez-17876356-300x207.jpg\" data-large-file=\"https:\/\/sosuaonline.net\/inicio\/wp-content\/uploads\/2013\/10\/sosua_images_Jennifer-Lopez-17876356.jpg\" class=\" alignleft size-full wp-image-29711\" src=\"http:\/\/sosuaonline.net\/inicio\/wp-content\/uploads\/2013\/10\/sosua_images_Jennifer-Lopez-17876356.jpg\" width=\"536\" height=\"370\" alt=\"Jennifer-Lopez-17876356\" class=\"caption\" style=\"float: left;\" srcset=\"https:\/\/sosuaonline.net\/inicio\/wp-content\/uploads\/2013\/10\/sosua_images_Jennifer-Lopez-17876356.jpg 536w, https:\/\/sosuaonline.net\/inicio\/wp-content\/uploads\/2013\/10\/sosua_images_Jennifer-Lopez-17876356-300x207.jpg 300w, https:\/\/sosuaonline.net\/inicio\/wp-content\/uploads\/2013\/10\/sosua_images_Jennifer-Lopez-17876356-75x52.jpg 75w\" sizes=\"auto, (max-width: 536px) 100vw, 536px\" \/>Miami. La cantante y actriz Jennifer L\u00f3pez fue elegida por People en Espa\u00f1ol para encabezar la lista de las 25 mujeres latinas m\u00e1s poderosas de EE.UU., que ser\u00e1n homenajeadas el 24 de octubre en una gala en la que la colombiana Ilia Calder\u00f3n ser\u00e1 la maestra de ceremonia.<\/p>\n<p>  <!--more-->  <\/p>\n<div><\/div>\n<div>\n<p>La cantante de origen puertorrique\u00f1o tambi\u00e9n fue elegida para \u201cengalanar la portada de nuestra edici\u00f3n de \u2018Las 25 mujeres m\u00e1s poderosas del 2013\u2033, destac\u00f3 People en Espa\u00f1ol en su p\u00e1gina web.<\/p>\n<p><strong>Jennifer L\u00f3pez, de 44 a\u00f1os, concedi\u00f3 una entrevista a la publicaci\u00f3n en su casa en Hidden Hills (California) y dio detalles del libro que escribe, en el que revelar\u00e1 detalles de su separaci\u00f3n de Marc Anthony.<\/strong><\/p>\n<p>De acuerdo con la revista, otra mujer \u201cpoderosa incluida en la edici\u00f3n\u201d es la mexicana Kate del Castillo, quien no solo se ha destacado por su trabajo como actriz, sino por su desempe\u00f1o como embajadora de un programa contra la trata de personas en M\u00e9xico.<\/p>\n<p><strong>En la lista de las 25 mujeres m\u00e1s poderosas tambi\u00e9n figuran la abogada y presentadora Ana Mar\u00eda Polo, la actriz y fil\u00e1ntropa Rosario Dawson, la dise\u00f1adora de moda Rosita Hurtado y la ejecutiva de televisi\u00f3n Sandra Smester, entre otras.<\/strong><\/p>\n<p><strong>La revista rendir\u00e1 homenaje a las elegidas durante el almuerzo anual de \u201cLas 25 mujeres m\u00e1s poderosas de People en Espa\u00f1ol\u201d, que se celebrar\u00e1 el 24 de octubre en Miami (Florida), donde la presentadora de televisi\u00f3n colombiana Ilia Calder\u00f3n fungir\u00e1 como maestra de ceremonia.<\/strong><\/p>\n<p>El evento contar\u00e1 con la participaci\u00f3n especial de Kate del Castillo y Marian Gonz\u00e1lez del Castillo para crear conciencia sobre la trata de personas en M\u00e9xico.<\/p>\n<p><strong><\/strong><\/p>\n<p>La publicaci\u00f3n elige su lista entre celebridades del espect\u00e1culo y la cultura, as\u00ed como del mundo empresarial, de las que cinco personalidades nominan a una mujer que ellas consideran que est\u00e1n luchando por un mundo mejor. EFE<\/p>\n<\/p><\/div>\n","protected":false},"excerpt":{"rendered":"<p>Miami. La cantante y actriz Jennifer L\u00f3pez fue elegida por People en Espa\u00f1ol para encabezar la lista de las 25 mujeres latinas m\u00e1s poderosas de EE.UU., que ser\u00e1n homenajeadas el 24 de octubre en una gala en la que la colombiana Ilia Calder\u00f3n ser\u00e1 la maestra de ceremonia.<\/p>\n","protected":false},"author":3,"featured_media":29711,"comment_status":"closed","ping_status":"closed","sticky":false,"template":"","format":"standard","meta":{"advanced_seo_description":"","jetpack_seo_html_title":"","jetpack_seo_noindex":false,"_jetpack_memberships_contains_paid_content":false,"footnotes":"","jetpack_publicize_message":"","jetpack_publicize_feature_enabled":true,"jetpack_social_post_already_shared":false,"jetpack_social_options":{"image_generator_settings":{"template":"highway","default_image_id":0,"font":"","enabled":false},"version":2}},"categories":[76],"tags":[],"class_list":["post-29712","post","type-post","status-publish","format-standard","has-post-thumbnail","hentry","category-actualidad"],"jetpack_publicize_connections":[],"jetpack_featured_media_url":"https:\/\/sosuaonline.net\/inicio\/wp-content\/uploads\/2013\/10\/sosua_images_Jennifer-Lopez-17876356.jpg","jetpack_sharing_enabled":true,"_links":{"self":[{"href":"https:\/\/sosuaonline.net\/inicio\/wp-json\/wp\/v2\/posts\/29712","targetHints":{"allow":["GET"]}}],"collection":[{"href":"https:\/\/sosuaonline.net\/inicio\/wp-json\/wp\/v2\/posts"}],"about":[{"href":"https:\/\/sosuaonline.net\/inicio\/wp-json\/wp\/v2\/types\/post"}],"author":[{"embeddable":true,"href":"https:\/\/sosuaonline.net\/inicio\/wp-json\/wp\/v2\/users\/3"}],"replies":[{"embeddable":true,"href":"https:\/\/sosuaonline.net\/inicio\/wp-json\/wp\/v2\/comments?post=29712"}],"version-history":[{"count":0,"href":"https:\/\/sosuaonline.net\/inicio\/wp-json\/wp\/v2\/posts\/29712\/revisions"}],"wp:featuredmedia":[{"embeddable":true,"href":"https:\/\/sosuaonline.net\/inicio\/wp-json\/wp\/v2\/media\/29711"}],"wp:attachment":[{"href":"https:\/\/sosuaonline.net\/inicio\/wp-json\/wp\/v2\/media?parent=29712"}],"wp:term":[{"taxonomy":"category","embeddable":true,"href":"https:\/\/sosuaonline.net\/inicio\/wp-json\/wp\/v2\/categories?post=29712"},{"taxonomy":"post_tag","embeddable":true,"href":"https:\/\/sosuaonline.net\/inicio\/wp-json\/wp\/v2\/tags?post=29712"}],"curies":[{"name":"wp","href":"https:\/\/api.w.org\/{rel}","templated":true}]}}