{"id":29714,"date":"2013-10-12T15:47:30","date_gmt":"2013-10-12T19:47:30","guid":{"rendered":"http:\/\/sosuaonline.net\/inicio\/republica-dominicana-analizara-con-espana-alza-de-pasajes-entre-ambos-paises\/"},"modified":"2013-10-12T15:47:30","modified_gmt":"2013-10-12T19:47:30","slug":"republica-dominicana-analizara-con-espana-alza-de-pasajes-entre-ambos-paises","status":"publish","type":"post","link":"https:\/\/sosuaonline.net\/inicio\/republica-dominicana-analizara-con-espana-alza-de-pasajes-entre-ambos-paises\/","title":{"rendered":"Rep\u00fablica Dominicana analizar\u00e1 con Espa\u00f1a alza de pasajes entre ambos pa\u00edses"},"content":{"rendered":"<p><img loading=\"lazy\" decoding=\"async\" data-attachment-id=\"29713\" data-permalink=\"https:\/\/sosuaonline.net\/inicio\/republica-dominicana-analizara-con-espana-alza-de-pasajes-entre-ambos-paises\/sosua_images_aeropuerto635ghmhrrg\/\" data-orig-file=\"https:\/\/sosuaonline.net\/inicio\/wp-content\/uploads\/2013\/10\/sosua_images_aeropuerto635ghmhrrg.jpg\" data-orig-size=\"635,358\" data-comments-opened=\"0\" data-image-meta=\"{&quot;aperture&quot;:&quot;0&quot;,&quot;credit&quot;:&quot;&quot;,&quot;camera&quot;:&quot;&quot;,&quot;caption&quot;:&quot;&quot;,&quot;created_timestamp&quot;:&quot;0&quot;,&quot;copyright&quot;:&quot;&quot;,&quot;focal_length&quot;:&quot;0&quot;,&quot;iso&quot;:&quot;0&quot;,&quot;shutter_speed&quot;:&quot;0&quot;,&quot;title&quot;:&quot;&quot;,&quot;orientation&quot;:&quot;0&quot;}\" data-image-title=\"sosua_images_aeropuerto635ghmhrrg\" data-image-description=\"\" data-image-caption=\"\" data-medium-file=\"https:\/\/sosuaonline.net\/inicio\/wp-content\/uploads\/2013\/10\/sosua_images_aeropuerto635ghmhrrg-300x169.jpg\" data-large-file=\"https:\/\/sosuaonline.net\/inicio\/wp-content\/uploads\/2013\/10\/sosua_images_aeropuerto635ghmhrrg.jpg\" class=\" alignleft size-full wp-image-29713\" src=\"http:\/\/sosuaonline.net\/inicio\/wp-content\/uploads\/2013\/10\/sosua_images_aeropuerto635ghmhrrg.jpg\" width=\"635\" height=\"358\" alt=\"aeropuerto635ghmhrrg\" class=\"caption\" style=\"float: left;\" srcset=\"https:\/\/sosuaonline.net\/inicio\/wp-content\/uploads\/2013\/10\/sosua_images_aeropuerto635ghmhrrg.jpg 635w, https:\/\/sosuaonline.net\/inicio\/wp-content\/uploads\/2013\/10\/sosua_images_aeropuerto635ghmhrrg-300x169.jpg 300w\" sizes=\"auto, (max-width: 635px) 100vw, 635px\" \/>Santo Domingo. El Gobierno de la Rep\u00fablica Dominicana quiere buscar con las autoridades aeron\u00e1uticas de Espa\u00f1a una soluci\u00f3n \u201csatisfactorias\u201d a las alzas aplicadas por la aerol\u00ednea Air Europa al pasaje de la ruta Madrid-Santo Domingo, inform\u00f3 hoy una fuente oficial.<\/p>\n<p>  <!--more-->  <\/p>\n<div><\/div>\n<div>\n<p>Para ello, el Poder Ejecutivo autoriz\u00f3 al presidente de la Junta de Aviaci\u00f3n Civil (JAC), Luis Paulino Rodr\u00edguez Ariza, gestionar, a trav\u00e9s del Ministerio de Relaciones Exteriores, una reuni\u00f3n de consulta con las autoridades aeron\u00e1uticas de ese pa\u00eds.<\/p>\n<p>La naci\u00f3n caribe\u00f1a quiere que las subidas se ajusten al art\u00edculo 7 del Acuerdo de Servicios A\u00e9reos (ASA), suscrito por ambos estados, que precisa que \u201clas tarifas aplicadas por las aerol\u00edneas de las partes se establecer\u00e1n libremente a unos niveles razonables, teniendo debidamente en cuenta todos los elementos de valoraci\u00f3n, especialmente el coste de explotaci\u00f3n, las caracter\u00edsticas del servicio, las necesidades de los usuarios, un beneficio razonable y otras consideraciones comerciales del mercado\u201d, seg\u00fan la JAC.<\/p>\n<\/p><\/div>\n<div>\n<p>El citado organismo precis\u00f3 en un comunicado que \u201cen varias ocasiones ha requerido a Air Europa una explicaci\u00f3n sobre las alzas experimentadas en sus tarifas y sobre los criterios de valoraci\u00f3n aplicados por la aerol\u00ednea para el c\u00e1lculo de sus tarifas\u201d.<\/p>\n<p>Las autoridades desean \u201cuna soluci\u00f3n definitiva al problema del incremento desproporcionados de los pasajes aplicado por Air Europa para la ruta Madrid-Santo Domingo- Madrid, lo que ha significado una disminuci\u00f3n en los pasajeros que utilizan el servicio\u201d, dijo.<\/p>\n<p>El titular de la JAC, Luis Paulino Rodr\u00edguez Ariza, se reuni\u00f3 el martes con directivos de la aerol\u00ednea Jet Blue para tratar lo del aumento del pasaje de esa compa\u00f1\u00eda que une al pa\u00eds con EE.UU y San Juan de Puerto Rico.<\/p>\n<p>Los directivos de Jet Blue, seg\u00fan el comunicado de la JAC, \u201cmanifestaron su preocupaci\u00f3n por los inconvenientes generados por la situaci\u00f3n de las alzas en los precios del pasaje a\u00e9reo\u201d, por lo que se comprometieron \u201ca realizar los esfuerzos necesarios a los fines de reducir dichas tarifas sobre todo en la ruta San Juan\/Santo Domingo\/San Juan\u201d. EFE<\/p>\n<\/p><\/div>\n","protected":false},"excerpt":{"rendered":"<p>Santo Domingo. El Gobierno de la Rep\u00fablica Dominicana quiere buscar con las autoridades aeron\u00e1uticas de Espa\u00f1a una soluci\u00f3n \u201csatisfactorias\u201d a las alzas aplicadas por la aerol\u00ednea Air Europa al pasaje de la ruta Madrid-Santo Domingo, inform\u00f3 hoy una fuente oficial.<\/p>\n","protected":false},"author":3,"featured_media":29713,"comment_status":"closed","ping_status":"closed","sticky":false,"template":"","format":"standard","meta":{"advanced_seo_description":"","jetpack_seo_html_title":"","jetpack_seo_noindex":false,"_jetpack_memberships_contains_paid_content":false,"footnotes":"","jetpack_publicize_message":"","jetpack_publicize_feature_enabled":true,"jetpack_social_post_already_shared":false,"jetpack_social_options":{"image_generator_settings":{"template":"highway","default_image_id":0,"font":"","enabled":false},"version":2}},"categories":[76],"tags":[],"class_list":["post-29714","post","type-post","status-publish","format-standard","has-post-thumbnail","hentry","category-actualidad"],"jetpack_publicize_connections":[],"jetpack_featured_media_url":"https:\/\/sosuaonline.net\/inicio\/wp-content\/uploads\/2013\/10\/sosua_images_aeropuerto635ghmhrrg.jpg","jetpack_sharing_enabled":true,"_links":{"self":[{"href":"https:\/\/sosuaonline.net\/inicio\/wp-json\/wp\/v2\/posts\/29714","targetHints":{"allow":["GET"]}}],"collection":[{"href":"https:\/\/sosuaonline.net\/inicio\/wp-json\/wp\/v2\/posts"}],"about":[{"href":"https:\/\/sosuaonline.net\/inicio\/wp-json\/wp\/v2\/types\/post"}],"author":[{"embeddable":true,"href":"https:\/\/sosuaonline.net\/inicio\/wp-json\/wp\/v2\/users\/3"}],"replies":[{"embeddable":true,"href":"https:\/\/sosuaonline.net\/inicio\/wp-json\/wp\/v2\/comments?post=29714"}],"version-history":[{"count":0,"href":"https:\/\/sosuaonline.net\/inicio\/wp-json\/wp\/v2\/posts\/29714\/revisions"}],"wp:featuredmedia":[{"embeddable":true,"href":"https:\/\/sosuaonline.net\/inicio\/wp-json\/wp\/v2\/media\/29713"}],"wp:attachment":[{"href":"https:\/\/sosuaonline.net\/inicio\/wp-json\/wp\/v2\/media?parent=29714"}],"wp:term":[{"taxonomy":"category","embeddable":true,"href":"https:\/\/sosuaonline.net\/inicio\/wp-json\/wp\/v2\/categories?post=29714"},{"taxonomy":"post_tag","embeddable":true,"href":"https:\/\/sosuaonline.net\/inicio\/wp-json\/wp\/v2\/tags?post=29714"}],"curies":[{"name":"wp","href":"https:\/\/api.w.org\/{rel}","templated":true}]}}