{"id":29719,"date":"2013-10-12T15:56:29","date_gmt":"2013-10-12T19:56:29","guid":{"rendered":"http:\/\/sosuaonline.net\/inicio\/embarazos-y-trabajo-limitan-vida-de-las-ninas-dominicanas-segun-unicef\/"},"modified":"2013-10-12T15:56:29","modified_gmt":"2013-10-12T19:56:29","slug":"embarazos-y-trabajo-limitan-vida-de-las-ninas-dominicanas-segun-unicef","status":"publish","type":"post","link":"https:\/\/sosuaonline.net\/inicio\/embarazos-y-trabajo-limitan-vida-de-las-ninas-dominicanas-segun-unicef\/","title":{"rendered":"Embarazos y trabajo limitan vida de las ni\u00f1as dominicanas, seg\u00fan Unicef"},"content":{"rendered":"<p><img loading=\"lazy\" decoding=\"async\" data-attachment-id=\"29718\" data-permalink=\"https:\/\/sosuaonline.net\/inicio\/embarazos-y-trabajo-limitan-vida-de-las-ninas-dominicanas-segun-unicef\/sosua_images_embarazo-adolescente545678iutyr\/\" data-orig-file=\"https:\/\/sosuaonline.net\/inicio\/wp-content\/uploads\/2013\/10\/sosua_images_Embarazo-adolescente545678iutyr.jpg\" data-orig-size=\"493,301\" data-comments-opened=\"0\" data-image-meta=\"{&quot;aperture&quot;:&quot;0&quot;,&quot;credit&quot;:&quot;&quot;,&quot;camera&quot;:&quot;&quot;,&quot;caption&quot;:&quot;&quot;,&quot;created_timestamp&quot;:&quot;0&quot;,&quot;copyright&quot;:&quot;&quot;,&quot;focal_length&quot;:&quot;0&quot;,&quot;iso&quot;:&quot;0&quot;,&quot;shutter_speed&quot;:&quot;0&quot;,&quot;title&quot;:&quot;&quot;,&quot;orientation&quot;:&quot;0&quot;}\" data-image-title=\"sosua_images_Embarazo-adolescente545678iutyr\" data-image-description=\"\" data-image-caption=\"\" data-medium-file=\"https:\/\/sosuaonline.net\/inicio\/wp-content\/uploads\/2013\/10\/sosua_images_Embarazo-adolescente545678iutyr-300x183.jpg\" data-large-file=\"https:\/\/sosuaonline.net\/inicio\/wp-content\/uploads\/2013\/10\/sosua_images_Embarazo-adolescente545678iutyr.jpg\" class=\" alignleft size-full wp-image-29718\" src=\"http:\/\/sosuaonline.net\/inicio\/wp-content\/uploads\/2013\/10\/sosua_images_Embarazo-adolescente545678iutyr.jpg\" width=\"493\" height=\"301\" alt=\"Embarazo-adolescente545678iutyr\" class=\"caption\" style=\"float: left;\" srcset=\"https:\/\/sosuaonline.net\/inicio\/wp-content\/uploads\/2013\/10\/sosua_images_Embarazo-adolescente545678iutyr.jpg 493w, https:\/\/sosuaonline.net\/inicio\/wp-content\/uploads\/2013\/10\/sosua_images_Embarazo-adolescente545678iutyr-300x183.jpg 300w, https:\/\/sosuaonline.net\/inicio\/wp-content\/uploads\/2013\/10\/sosua_images_Embarazo-adolescente545678iutyr-440x270.jpg 440w\" sizes=\"auto, (max-width: 493px) 100vw, 493px\" \/>Santo Domingo. El matrimonio a temprana edad, el embarazo y el trabajo son las principales causas de la inasistencia a las escuelas de las ni\u00f1as dominicanas, subray\u00f3 en Santo Domingo el Fondo de las Naciones Unidas para la Infancia (Unicef).<\/p>\n<p>  <!--more-->  <\/p>\n<div><\/div>\n<div>\n<p>Con motivo del D\u00eda Internacional de la Ni\u00f1a, el organismo se refiri\u00f3 a la Encuesta Nacional de Hogares de 2011 que se\u00f1al\u00f3 que el 11,8 % de las mujeres del pa\u00eds se cas\u00f3 o uni\u00f3 antes de los 15 a\u00f1os.<\/p>\n<p>El trabajo infantil \u201ces otra de las causas que limitan el acceso a la educaci\u00f3n de las ni\u00f1as y los ni\u00f1os en Rep\u00fablica Dominicana\u201d, precis\u00f3 el organismo de la ONU.<\/p>\n<p><strong>Unicef record\u00f3 la Encuesta Nacional de Fuerza de Trabajo 2005 y 2006 que revel\u00f3 que el 4,9% de las ni\u00f1as de entre 5 y 17 a\u00f1os de edad no trabajan ni estudian en la Rep\u00fablica Dominicana.<\/strong><\/p>\n<p><strong>En ese sentido, la Oficina Regional de Unicef para Am\u00e9rica Latina y el Caribe, citada en un comunicado de la sede de la entidad en la Rep\u00fablica Dominicana, llam\u00f3 a los gobiernos y a los tomadores de decisi\u00f3n a que garanticen que todas las ni\u00f1as y todas las adolescentes en la regi\u00f3n tengan el derecho a la educaci\u00f3n.<\/strong><\/p>\n<p>En Unicef \u201cestamos muy preocupados sobre la situaci\u00f3n de muchas ni\u00f1as y adolescentes en la regi\u00f3n que tienen dificultades para acceder y completar una educaci\u00f3n con calidad\u201d afirm\u00f3 su asesora regional de g\u00e9nero de para Am\u00e9rica Latina y el Caribe, Luz \u00c1ngela Melo.<\/p>\n<p>\u201cHay que brindar oportunidades innovadoras para cerrar las brechas de g\u00e9nero\u201d, opin\u00f3.<\/p>\n<p>Aunque Melo subray\u00f3 que en Am\u00e9rica Latina y el Caribe \u201clas ni\u00f1as asisten a la escuela primaria m\u00e1s que nunca\u201d, admiti\u00f3 que \u201ctodav\u00eda queda mucho por hacer para asegurar que cada ni\u00f1a y ni\u00f1a adolescente en la regi\u00f3n disfrute de su derecho a la educaci\u00f3n\u201d.<\/p>\n<p><strong><\/strong><\/p>\n<p>\u201cAlgunas ni\u00f1as a\u00fan enfrentan desaf\u00edos que dificultan su permanencia en el sistema escolar, sobre todo aquellas que pertenecen a pueblos ind\u00edgenas o afrodescendientes o quienes viven en \u00e1reas rurales remotas o en zonas urbanas de bajos recursos\u201d, dijo. EFE<\/p>\n<\/p><\/div>\n","protected":false},"excerpt":{"rendered":"<p>Santo Domingo. El matrimonio a temprana edad, el embarazo y el trabajo son las principales causas de la inasistencia a las escuelas de las ni\u00f1as dominicanas, subray\u00f3 en Santo Domingo el Fondo de las Naciones Unidas para la Infancia (Unicef).<\/p>\n","protected":false},"author":3,"featured_media":29718,"comment_status":"closed","ping_status":"closed","sticky":false,"template":"","format":"standard","meta":{"advanced_seo_description":"","jetpack_seo_html_title":"","jetpack_seo_noindex":false,"_jetpack_memberships_contains_paid_content":false,"footnotes":"","jetpack_publicize_message":"","jetpack_publicize_feature_enabled":true,"jetpack_social_post_already_shared":false,"jetpack_social_options":{"image_generator_settings":{"template":"highway","default_image_id":0,"font":"","enabled":false},"version":2}},"categories":[76],"tags":[],"class_list":["post-29719","post","type-post","status-publish","format-standard","has-post-thumbnail","hentry","category-actualidad"],"jetpack_publicize_connections":[],"jetpack_featured_media_url":"https:\/\/sosuaonline.net\/inicio\/wp-content\/uploads\/2013\/10\/sosua_images_Embarazo-adolescente545678iutyr.jpg","jetpack_sharing_enabled":true,"_links":{"self":[{"href":"https:\/\/sosuaonline.net\/inicio\/wp-json\/wp\/v2\/posts\/29719","targetHints":{"allow":["GET"]}}],"collection":[{"href":"https:\/\/sosuaonline.net\/inicio\/wp-json\/wp\/v2\/posts"}],"about":[{"href":"https:\/\/sosuaonline.net\/inicio\/wp-json\/wp\/v2\/types\/post"}],"author":[{"embeddable":true,"href":"https:\/\/sosuaonline.net\/inicio\/wp-json\/wp\/v2\/users\/3"}],"replies":[{"embeddable":true,"href":"https:\/\/sosuaonline.net\/inicio\/wp-json\/wp\/v2\/comments?post=29719"}],"version-history":[{"count":0,"href":"https:\/\/sosuaonline.net\/inicio\/wp-json\/wp\/v2\/posts\/29719\/revisions"}],"wp:featuredmedia":[{"embeddable":true,"href":"https:\/\/sosuaonline.net\/inicio\/wp-json\/wp\/v2\/media\/29718"}],"wp:attachment":[{"href":"https:\/\/sosuaonline.net\/inicio\/wp-json\/wp\/v2\/media?parent=29719"}],"wp:term":[{"taxonomy":"category","embeddable":true,"href":"https:\/\/sosuaonline.net\/inicio\/wp-json\/wp\/v2\/categories?post=29719"},{"taxonomy":"post_tag","embeddable":true,"href":"https:\/\/sosuaonline.net\/inicio\/wp-json\/wp\/v2\/tags?post=29719"}],"curies":[{"name":"wp","href":"https:\/\/api.w.org\/{rel}","templated":true}]}}