{"id":30163,"date":"2013-11-02T14:25:26","date_gmt":"2013-11-02T18:25:26","guid":{"rendered":"http:\/\/sosuaonline.net\/inicio\/qlos-locos-addamsq-regresaran-al-cine-con-una-pelicula-animada\/"},"modified":"2013-11-02T14:25:26","modified_gmt":"2013-11-02T18:25:26","slug":"qlos-locos-addamsq-regresaran-al-cine-con-una-pelicula-animada","status":"publish","type":"post","link":"https:\/\/sosuaonline.net\/inicio\/qlos-locos-addamsq-regresaran-al-cine-con-una-pelicula-animada\/","title":{"rendered":"\u00abLos Locos Addams\u00bb regresar\u00e1n al cine con una pel\u00edcula animada"},"content":{"rendered":"<p><img loading=\"lazy\" decoding=\"async\" data-attachment-id=\"30162\" data-permalink=\"https:\/\/sosuaonline.net\/inicio\/qlos-locos-addamsq-regresaran-al-cine-con-una-pelicula-animada\/sosua_images_locos-addams-elmer_132253\/\" data-orig-file=\"https:\/\/sosuaonline.net\/inicio\/wp-content\/uploads\/2013\/11\/sosua_images_locos-addams-elmer_132253.jpg\" data-orig-size=\"600,400\" data-comments-opened=\"0\" data-image-meta=\"{&quot;aperture&quot;:&quot;0&quot;,&quot;credit&quot;:&quot;&quot;,&quot;camera&quot;:&quot;&quot;,&quot;caption&quot;:&quot;&quot;,&quot;created_timestamp&quot;:&quot;0&quot;,&quot;copyright&quot;:&quot;&quot;,&quot;focal_length&quot;:&quot;0&quot;,&quot;iso&quot;:&quot;0&quot;,&quot;shutter_speed&quot;:&quot;0&quot;,&quot;title&quot;:&quot;&quot;,&quot;orientation&quot;:&quot;0&quot;}\" data-image-title=\"sosua_images_locos-addams-elmer_132253\" data-image-description=\"\" data-image-caption=\"\" data-medium-file=\"https:\/\/sosuaonline.net\/inicio\/wp-content\/uploads\/2013\/11\/sosua_images_locos-addams-elmer_132253-300x200.jpg\" data-large-file=\"https:\/\/sosuaonline.net\/inicio\/wp-content\/uploads\/2013\/11\/sosua_images_locos-addams-elmer_132253.jpg\" class=\" alignleft size-full wp-image-30162\" src=\"http:\/\/sosuaonline.net\/inicio\/wp-content\/uploads\/2013\/11\/sosua_images_locos-addams-elmer_132253.jpg\" width=\"600\" height=\"400\" alt=\"locos-addams-elmer_132253\" class=\"caption\" style=\"float: left;\" srcset=\"https:\/\/sosuaonline.net\/inicio\/wp-content\/uploads\/2013\/11\/sosua_images_locos-addams-elmer_132253.jpg 600w, https:\/\/sosuaonline.net\/inicio\/wp-content\/uploads\/2013\/11\/sosua_images_locos-addams-elmer_132253-300x200.jpg 300w\" sizes=\"auto, (max-width: 600px) 100vw, 600px\" \/>La t\u00e9trica&nbsp;<label datatype=\"t\">familia<\/label>&nbsp;Addams, que saltaron a la fama a mediados de los 60 por una&nbsp;<label datatype=\"t\">serie<\/label>&nbsp;del<label datatype=\"t\">canal<\/label>&nbsp;estadounidense ABC, regresar\u00e1n a la pantalla grande, aunque en esta oportunidad lo har\u00e1n en una pel\u00edcula animada.<\/p>\n<p>  <!--more-->  <\/p>\n<div><\/div>\n<div>\n<p>En esta nueva producci\u00f3n los guiones estar\u00e1n a cargo de Pamela Pettler, quien se hizo cargo de las tambi\u00e9n cintas animadas \u00abEl cad\u00e1ver de la novia\u00bb de Tim Burton y \u00abLa casa de los sutos\u00bb, seg\u00fan inform\u00f3 el portal Variety.<\/p>\n<p>A\u00fan se desconocen mayores detalles sobre la cinta, en la que estar\u00e1n involucrados los estudios Metro Goldwyn Mayer y la cadena BermanBraun.<\/p>\n<p>Si bien \u00abLos Locos Addams\u00bb se hicieron mundialmente famosos por la mencionada serie exhibida en los a\u00f1os sesenta, \u00e9stos nacieron tres d\u00e9cadas atr\u00e1s, de la mano del dibujante Charles Addams, quien los ide\u00f3 como un c\u00f3mic en el diario The New Yorker.<\/p>\n<p>La historia de la familia compuesta por Homero, Morticia, Pericles y Merlina, entre otros, fue llevada en tres oportunidades a la pantalla grande. Las primeras dos son las m\u00e1s recordadas: \u00abLa familia Addams\u00bb (1991) y \u00abLa familia Addams: La tradici\u00f3n contin\u00faa\u00bb (1993), las que contaron con un reparto encabezao por Anjelica Huston, RA\u00fal Juli\u00e1 y Chrstina Ricci.<\/p>\n<p>Una tercera pel\u00edcula, \u00abLa familia Addams: La reuni\u00f3n\u00bb fue estrenada en 2008, pero no tuvo el mismo \u00e9xito comercial que las primeras dos entregas, ya que en ella el elenco fue renovado por completo.<\/p>\n<p>Fuente:&nbsp;<a href=\"http:\/\/www.emol.com\/noticias\/magazine\/2013\/11\/01\/627579\/los-locos-adams-regresaran-al-cine-con-una-cinta-animada.html\" title=\"http:\/\/www.emol.com\/noticias\/magazine\/2013\/11\/01\/627579\/los-locos-adams-regresaran-al-cine-con-una-cinta-animada.html\">http:\/\/www.emol.com\/noticias\/magazine\/2013\/11\/01\/627579\/los-locos-adams-&#8230;<\/a><\/p>\n<\/p><\/div>\n","protected":false},"excerpt":{"rendered":"<p>La t\u00e9trica&nbsp;familia&nbsp;Addams, que saltaron a la fama a mediados de los 60 por una&nbsp;serie&nbsp;delcanal&nbsp;estadounidense ABC, regresar\u00e1n a la pantalla grande, aunque en esta oportunidad lo har\u00e1n en una pel\u00edcula animada.<\/p>\n","protected":false},"author":3,"featured_media":30162,"comment_status":"closed","ping_status":"closed","sticky":false,"template":"","format":"standard","meta":{"advanced_seo_description":"","jetpack_seo_html_title":"","jetpack_seo_noindex":false,"_jetpack_memberships_contains_paid_content":false,"footnotes":"","jetpack_publicize_message":"","jetpack_publicize_feature_enabled":true,"jetpack_social_post_already_shared":false,"jetpack_social_options":{"image_generator_settings":{"template":"highway","default_image_id":0,"font":"","enabled":false},"version":2}},"categories":[76],"tags":[],"class_list":["post-30163","post","type-post","status-publish","format-standard","has-post-thumbnail","hentry","category-actualidad"],"jetpack_publicize_connections":[],"jetpack_featured_media_url":"https:\/\/sosuaonline.net\/inicio\/wp-content\/uploads\/2013\/11\/sosua_images_locos-addams-elmer_132253.jpg","jetpack_sharing_enabled":true,"_links":{"self":[{"href":"https:\/\/sosuaonline.net\/inicio\/wp-json\/wp\/v2\/posts\/30163","targetHints":{"allow":["GET"]}}],"collection":[{"href":"https:\/\/sosuaonline.net\/inicio\/wp-json\/wp\/v2\/posts"}],"about":[{"href":"https:\/\/sosuaonline.net\/inicio\/wp-json\/wp\/v2\/types\/post"}],"author":[{"embeddable":true,"href":"https:\/\/sosuaonline.net\/inicio\/wp-json\/wp\/v2\/users\/3"}],"replies":[{"embeddable":true,"href":"https:\/\/sosuaonline.net\/inicio\/wp-json\/wp\/v2\/comments?post=30163"}],"version-history":[{"count":0,"href":"https:\/\/sosuaonline.net\/inicio\/wp-json\/wp\/v2\/posts\/30163\/revisions"}],"wp:featuredmedia":[{"embeddable":true,"href":"https:\/\/sosuaonline.net\/inicio\/wp-json\/wp\/v2\/media\/30162"}],"wp:attachment":[{"href":"https:\/\/sosuaonline.net\/inicio\/wp-json\/wp\/v2\/media?parent=30163"}],"wp:term":[{"taxonomy":"category","embeddable":true,"href":"https:\/\/sosuaonline.net\/inicio\/wp-json\/wp\/v2\/categories?post=30163"},{"taxonomy":"post_tag","embeddable":true,"href":"https:\/\/sosuaonline.net\/inicio\/wp-json\/wp\/v2\/tags?post=30163"}],"curies":[{"name":"wp","href":"https:\/\/api.w.org\/{rel}","templated":true}]}}