{"id":39315,"date":"2015-02-23T16:50:54","date_gmt":"2015-02-23T20:50:54","guid":{"rendered":"http:\/\/sosuaonline.net\/inicio\/?p=39315"},"modified":"2015-02-23T16:50:54","modified_gmt":"2015-02-23T20:50:54","slug":"califican-a-danilo-medina-de-presidente-historico","status":"publish","type":"post","link":"https:\/\/sosuaonline.net\/inicio\/califican-a-danilo-medina-de-presidente-historico\/","title":{"rendered":"Califican a Danilo Medina de presidente hist\u00f3rico"},"content":{"rendered":"<p><a href=\"http:\/\/sosuaonline.net\/inicio\/wp-content\/uploads\/2012\/10\/sosua_images_310x320xDanilo-Medina-La-realidad-es-dura-y-se-requiere-del-sacrificio-de-todos-310x320.jpg.pagespeed.ic.eY7NcXsBxC.jpg\"><img loading=\"lazy\" decoding=\"async\" data-attachment-id=\"20286\" data-permalink=\"https:\/\/sosuaonline.net\/inicio\/todo-sobre-la-qreforma-conconeteq-rd\/sosua_images_310x320xdanilo-medina-la-realidad-es-dura-y-se-requiere-del-sacrificio-de-todos-310x320-jpg-pagespeed-ic-ey7ncxsbxc\/\" data-orig-file=\"https:\/\/sosuaonline.net\/inicio\/wp-content\/uploads\/2012\/10\/sosua_images_310x320xDanilo-Medina-La-realidad-es-dura-y-se-requiere-del-sacrificio-de-todos-310x320.jpg.pagespeed.ic.eY7NcXsBxC.jpg\" data-orig-size=\"310,320\" data-comments-opened=\"0\" data-image-meta=\"{&quot;aperture&quot;:&quot;0&quot;,&quot;credit&quot;:&quot;&quot;,&quot;camera&quot;:&quot;&quot;,&quot;caption&quot;:&quot;&quot;,&quot;created_timestamp&quot;:&quot;0&quot;,&quot;copyright&quot;:&quot;&quot;,&quot;focal_length&quot;:&quot;0&quot;,&quot;iso&quot;:&quot;0&quot;,&quot;shutter_speed&quot;:&quot;0&quot;,&quot;title&quot;:&quot;&quot;,&quot;orientation&quot;:&quot;0&quot;}\" data-image-title=\"sosua_images_310x320xDanilo-Medina-La-realidad-es-dura-y-se-requiere-del-sacrificio-de-todos-310&amp;#215;320.jpg.pagespeed.ic.eY7NcXsBxC\" data-image-description=\"\" data-image-caption=\"\" data-medium-file=\"https:\/\/sosuaonline.net\/inicio\/wp-content\/uploads\/2012\/10\/sosua_images_310x320xDanilo-Medina-La-realidad-es-dura-y-se-requiere-del-sacrificio-de-todos-310x320.jpg.pagespeed.ic.eY7NcXsBxC-290x300.jpg\" data-large-file=\"https:\/\/sosuaonline.net\/inicio\/wp-content\/uploads\/2012\/10\/sosua_images_310x320xDanilo-Medina-La-realidad-es-dura-y-se-requiere-del-sacrificio-de-todos-310x320.jpg.pagespeed.ic.eY7NcXsBxC.jpg\" class=\"size-full wp-image-20286 alignleft\" src=\"http:\/\/sosuaonline.net\/inicio\/wp-content\/uploads\/2012\/10\/sosua_images_310x320xDanilo-Medina-La-realidad-es-dura-y-se-requiere-del-sacrificio-de-todos-310x320.jpg.pagespeed.ic.eY7NcXsBxC.jpg\" alt=\"310x320xDanilo-Medina-La-realidad-es-dura-y-se-requiere-del-sacrificio-de-todos-310x320.jpg.pagespeed.ic.eY7NcXsBxC\" width=\"310\" height=\"320\" srcset=\"https:\/\/sosuaonline.net\/inicio\/wp-content\/uploads\/2012\/10\/sosua_images_310x320xDanilo-Medina-La-realidad-es-dura-y-se-requiere-del-sacrificio-de-todos-310x320.jpg.pagespeed.ic.eY7NcXsBxC.jpg 310w, https:\/\/sosuaonline.net\/inicio\/wp-content\/uploads\/2012\/10\/sosua_images_310x320xDanilo-Medina-La-realidad-es-dura-y-se-requiere-del-sacrificio-de-todos-310x320.jpg.pagespeed.ic.eY7NcXsBxC-290x300.jpg 290w\" sizes=\"auto, (max-width: 310px) 100vw, 310px\" \/><\/a>El ministro de Obras P\u00fablicas, Gonzalo Castillo, asegur\u00f3 ayer que el presidente Danilo Medina est\u00e1 sembrando la semilla del desarrollo, el bienestar de la confianza y la esperanza con su visi\u00f3n, modelo incansable de trabajo y profundo amor por el pa\u00eds y el pueblo, al pronunciar el discurso central en la inauguraci\u00f3n del primer tramo de la avenida Circunvalaci\u00f3n de Santo Domingo.<!--more--><\/p>\n<p>En ese mismo orden, calific\u00f3 a Medina como un mandatario hist\u00f3rico, tras asegurar que nadie hab\u00eda hecho tantas cosas por el pa\u00eds, en tan poco tiempo.<\/p>\n<p>Con esas frases inici\u00f3 el funcionario su discurso en el que destac\u00f3 que esta avenida servir\u00e1 para comunicar las regiones sur y norte del pa\u00eds sin la necesidad de circular dentro del casco urbano de la capital, aportando un ahorro en tiempo de recorrido y costos de operaci\u00f3n vehicular para los usuarios.<\/p>\n<p>Explic\u00f3 que a partir de ahora el tiempo de recorrido desde Haina o la Seis de Noviembre hasta el kil\u00f3metro 23 de la Duarte, que tomaba antes de una hora a hora y media en los picos, ser\u00e1 tan solo de 12 minutos, incluyendo la parada en el peaje, explic\u00f3.<\/p>\n<p>Otro de los beneficios que cit\u00f3 sobre la obra vial es la facilidad en el traslado de mercanc\u00edas, al conectar las principales zonas industriales y zonas francas perif\u00e9ricas a Santo Domingo (Haina, Herrera, Los Alcarrizos y el Parque Industrial Duarte).<\/p>\n<p>Se proyecta que m\u00e1s de 13,000 veh\u00edculos que actualmente transitan cada d\u00eda por la avenida Luper\u00f3n, el kil\u00f3metro 9 de la Duarte, la Isabel Agu\u00edar y la prolongaci\u00f3n 27 de Febrero, ya no entrar\u00e1n a la ciudad y en cambio pasar\u00e1n por esta v\u00eda.<\/p>\n<p>Gonzalo Castillo afirm\u00f3 que la nueva v\u00eda contribuir\u00e1 con el medio ambiente, reduciendo la contaminaci\u00f3n por di\u00f3xido de carbono y los ruidos de los veh\u00edculos pesados.<\/p>\n<p>El primer tramo de la Circunvalaci\u00f3n de Santo Domingo, cuenta con una longitud de 26.3 kil\u00f3metros.<\/p>\n<p>Es una v\u00eda expreso de cuatro carriles de 3.60 metros cada uno. Cada sentido de la circulaci\u00f3n est\u00e1 separado por un muro de hormig\u00f3n tipo New Jersey en toda su longitud.<\/p>\n<p>Con el prop\u00f3sito de mantener el acceso controlado y movilidad desde y hacia esta v\u00eda se incluyen cuatro distribuidores de tr\u00e1fico: el de la carretera S\u00e1nchez, el de la autopista Seis de Noviembre, el de Los Alcarrizos y el de la autopista Duarte.<\/p>\n<p>La nueva avenida cuenta con cuatro distribuidores de tr\u00e1fico en la carretera S\u00e1nchez, en la autopista Seis de Noviembre, en la zona de Los Alcarrizos y la autopista Duarte.<\/p>\n<p>En la actividad el gobernador de la provincia Santo Domingo, Juan Fr\u00edas, y la senadora de la provincia Santo Domingo, Cristina Lizardo, destacaron la importancia de la infraestructura vial que beneficiar\u00e1 a miles de personas.<\/p>\n<p>En la actividad habl\u00f3 tambi\u00e9n el empresario Manuel Henr\u00edquez Tav\u00e1rez, presidente del Parque Industrial Itabo S.A. (PIISA), quien afirm\u00f3 que con la nueva carretera aumentar\u00e1 la competitividad de la industria dominicana.<\/p>\n<p><strong>El dato<\/strong><\/p>\n<p><strong>Inversi\u00f3<\/strong>n<br \/>\nLa inversi\u00f3n en la construcci\u00f3n del primer tramo de la avenida Circunvalaci\u00f3n Santo Domingo es de alrededor de 5 mil 175 millones de pesos. Se extiende desde Haina hasta la autopista Duarte.<\/p>\n","protected":false},"excerpt":{"rendered":"<p>El ministro de Obras P\u00fablicas, Gonzalo Castillo, asegur\u00f3 ayer que el presidente Danilo Medina est\u00e1 sembrando la semilla del desarrollo, el bienestar de la confianza y la esperanza con su visi\u00f3n, modelo incansable de trabajo y profundo amor por el pa\u00eds y el pueblo, al pronunciar el discurso central en la inauguraci\u00f3n del primer tramo de la avenida Circunvalaci\u00f3n de Santo Domingo.<\/p>\n","protected":false},"author":12,"featured_media":20286,"comment_status":"open","ping_status":"open","sticky":false,"template":"","format":"standard","meta":{"advanced_seo_description":"","jetpack_seo_html_title":"","jetpack_seo_noindex":false,"_jetpack_memberships_contains_paid_content":false,"footnotes":"","jetpack_publicize_message":"","jetpack_publicize_feature_enabled":true,"jetpack_social_post_already_shared":true,"jetpack_social_options":{"image_generator_settings":{"template":"highway","default_image_id":0,"font":"","enabled":false},"version":2}},"categories":[88],"tags":[],"class_list":["post-39315","post","type-post","status-publish","format-standard","has-post-thumbnail","hentry","category-noticias"],"jetpack_publicize_connections":[],"jetpack_featured_media_url":"https:\/\/sosuaonline.net\/inicio\/wp-content\/uploads\/2012\/10\/sosua_images_310x320xDanilo-Medina-La-realidad-es-dura-y-se-requiere-del-sacrificio-de-todos-310x320.jpg.pagespeed.ic.eY7NcXsBxC.jpg","jetpack_sharing_enabled":true,"_links":{"self":[{"href":"https:\/\/sosuaonline.net\/inicio\/wp-json\/wp\/v2\/posts\/39315","targetHints":{"allow":["GET"]}}],"collection":[{"href":"https:\/\/sosuaonline.net\/inicio\/wp-json\/wp\/v2\/posts"}],"about":[{"href":"https:\/\/sosuaonline.net\/inicio\/wp-json\/wp\/v2\/types\/post"}],"author":[{"embeddable":true,"href":"https:\/\/sosuaonline.net\/inicio\/wp-json\/wp\/v2\/users\/12"}],"replies":[{"embeddable":true,"href":"https:\/\/sosuaonline.net\/inicio\/wp-json\/wp\/v2\/comments?post=39315"}],"version-history":[{"count":1,"href":"https:\/\/sosuaonline.net\/inicio\/wp-json\/wp\/v2\/posts\/39315\/revisions"}],"predecessor-version":[{"id":39319,"href":"https:\/\/sosuaonline.net\/inicio\/wp-json\/wp\/v2\/posts\/39315\/revisions\/39319"}],"wp:featuredmedia":[{"embeddable":true,"href":"https:\/\/sosuaonline.net\/inicio\/wp-json\/wp\/v2\/media\/20286"}],"wp:attachment":[{"href":"https:\/\/sosuaonline.net\/inicio\/wp-json\/wp\/v2\/media?parent=39315"}],"wp:term":[{"taxonomy":"category","embeddable":true,"href":"https:\/\/sosuaonline.net\/inicio\/wp-json\/wp\/v2\/categories?post=39315"},{"taxonomy":"post_tag","embeddable":true,"href":"https:\/\/sosuaonline.net\/inicio\/wp-json\/wp\/v2\/tags?post=39315"}],"curies":[{"name":"wp","href":"https:\/\/api.w.org\/{rel}","templated":true}]}}